{"id":9878,"date":"2026-02-20T14:40:00","date_gmt":"2026-02-20T11:40:00","guid":{"rendered":"https:\/\/www.trabzonmanset.com\/?p=9878"},"modified":"2026-02-20T22:09:27","modified_gmt":"2026-02-20T19:09:27","slug":"gelin-ve-kaynana-teravih-namazina-giderken-hayatini-kaybetti","status":"publish","type":"post","link":"https:\/\/www.trabzonmanset.com\/index.php\/2026\/02\/20\/gelin-ve-kaynana-teravih-namazina-giderken-hayatini-kaybetti\/","title":{"rendered":"Gelin ve kaynana teravih namaz\u0131na giderken hayat\u0131n\u0131 kaybetti"},"content":{"rendered":"\n<p>Sivas\u2019ta teravih namaz\u0131 i\u00e7in yolun kar\u015f\u0131s\u0131na ge\u00e7meye \u00e7al\u0131\u015fan gelin ve kaynanaya otomobil \u00e7arpt\u0131. Kaynana olay yerinde hayat\u0131n\u0131 kaybederken, yaral\u0131 olarak hastaneye kald\u0131r\u0131lan gelin de kurtar\u0131lamad\u0131.<\/p>\n\n\n\n<figure class=\"wp-block-video\"><video controls src=\"https:\/\/www.trabzonmanset.com\/wp-content\/uploads\/2026\/02\/sivas.mp4\"><\/video><\/figure>\n\n\n\n<p>Sivas&#8217;ta ge\u00e7ti\u011fimiz g\u00fcn meydana gelen trafik kazas\u0131nda teravih namaz\u0131 i\u00e7in Ali Muhtar Camisi&#8217;ne giderken yolun kar\u015f\u0131s\u0131na ge\u00e7mek isteyen Nadiye Akalan (78) ve gelini Zeliha Akalan&#8217;a, F.B idaresindeki 41 HG 416 plakal\u0131 otomobil \u00e7arpt\u0131.<\/p>\n\n\n\n<figure class=\"wp-block-image\"><img decoding=\"async\" src=\"https:\/\/cdn.iha.com.tr\/Contents\/26-02\/20\/aw646333_04.jpg\" alt=\"Gelin ve kaynana teravih namaz\u0131na giderken hayat\u0131n\u0131 kaybetti\"\/><\/figure>\n\n\n\n<p>Nadiye Akalan (78) olay yerinde hayat\u0131n\u0131 kaybederken, Zeliha Akalan ise kald\u0131r\u0131ld\u0131\u011f\u0131&nbsp;Sivas Cumhuriyet \u00dcniversitesi Hastanesi&#8217;nde yap\u0131lan t\u00fcm m\u00fcdahalelere ra\u011fmen kurtar\u0131lamayarak bug\u00fcn vefat etti.<\/p>\n\n\n\n<figure class=\"wp-block-image\"><img decoding=\"async\" src=\"https:\/\/cdn.iha.com.tr\/Contents\/26-02\/20\/aw646333_03.jpg\" alt=\"Gelin ve kaynana teravih namaz\u0131na giderken hayat\u0131n\u0131 kaybetti\"\/><\/figure>\n\n\n\n<p>Otomobil s\u00fcr\u00fcc\u00fcs\u00fcn\u00fcn h\u0131zl\u0131 oldu\u011fu ileri s\u00fcr\u00fcld\u00fc. S\u00fcr\u00fcc\u00fc, polis ekipleri taraf\u0131ndan g\u00f6zetim alt\u0131na al\u0131nd\u0131. Kazayla ilgili inceleme s\u00fcr\u00fcyor.<\/p>\n\n\n\n<figure class=\"wp-block-image\"><img decoding=\"async\" src=\"https:\/\/cdn.iha.com.tr\/Contents\/26-02\/20\/aw645933_01.jpg\" alt=\"Gelin ve kaynana teravih namaz\u0131na giderken hayat\u0131n\u0131 kaybetti\"\/><\/figure>\n\n\n\n<p><strong>Son yolculuklar\u0131na birlikte u\u011furland\u0131lar<\/strong><\/p>\n\n\n\n<p>Gelin ve kaynana i\u00e7in Ayy\u0131ld\u0131z Camii\u2019nde k\u0131l\u0131nan cenaze namaz\u0131na&nbsp;Sivas&nbsp;Belediye Ba\u015fkan\u0131 Dr. Adem Uzun, hayat\u0131n\u0131 kaybedenlerin yak\u0131nlar\u0131 ve sevenleri kat\u0131ld\u0131. Zeliha Akalan ve Nadiye Akalan\u2019\u0131n cenazeleri k\u0131l\u0131nan namaz\u0131n ard\u0131ndan son yolculu\u011funa u\u011furland\u0131.<\/p>\n\n\n\n<figure class=\"wp-block-image\"><img decoding=\"async\" src=\"https:\/\/cdn.iha.com.tr\/Contents\/26-02\/20\/aw646505_01.jpg\" alt=\"Gelin ve kaynana teravih namaz\u0131na giderken hayat\u0131n\u0131 kaybetti\"\/><\/figure>\n\n\n\n<p>Kaynak: \u0130HA<\/p>\n","protected":false},"excerpt":{"rendered":"<p>Sivas\u2019ta teravih namaz\u0131 i\u00e7in yolun kar\u015f\u0131s\u0131na ge\u00e7meye \u00e7al\u0131\u015fan gelin ve kaynanaya otomobil \u00e7arpt\u0131. Kaynana olay yerinde hayat\u0131n\u0131 kaybederken, yaral\u0131 olarak hastaneye kald\u0131r\u0131lan gelin de kurtar\u0131lamad\u0131. Sivas&#8217;ta ge\u00e7ti\u011fimiz g\u00fcn meydana gelen trafik kazas\u0131nda teravih namaz\u0131 i\u00e7in Ali Muhtar Camisi&#8217;ne giderken yolun kar\u015f\u0131s\u0131na ge\u00e7mek isteyen Nadiye Akalan (78) ve gelini Zeliha Akalan&#8217;a, F.B idaresindeki 41 HG 416 [&hellip;]<\/p>\n","protected":false},"author":1,"featured_media":9879,"comment_status":"open","ping_status":"open","sticky":false,"template":"","format":"standard","meta":{"footnotes":""},"categories":[1371,1,9],"tags":[4196,368,3107,4195,1631],"class_list":["post-9878","post","type-post","status-publish","format-standard","has-post-thumbnail","hentry","category-asayis","category-gundem","category-video-galeri","tag-gelin-ve-kaynanaya","tag-otomobil","tag-sivas","tag-teravih-namazi","tag-trafik-kazasi"],"_links":{"self":[{"href":"https:\/\/www.trabzonmanset.com\/index.php\/wp-json\/wp\/v2\/posts\/9878","targetHints":{"allow":["GET"]}}],"collection":[{"href":"https:\/\/www.trabzonmanset.com\/index.php\/wp-json\/wp\/v2\/posts"}],"about":[{"href":"https:\/\/www.trabzonmanset.com\/index.php\/wp-json\/wp\/v2\/types\/post"}],"author":[{"embeddable":true,"href":"https:\/\/www.trabzonmanset.com\/index.php\/wp-json\/wp\/v2\/users\/1"}],"replies":[{"embeddable":true,"href":"https:\/\/www.trabzonmanset.com\/index.php\/wp-json\/wp\/v2\/comments?post=9878"}],"version-history":[{"count":1,"href":"https:\/\/www.trabzonmanset.com\/index.php\/wp-json\/wp\/v2\/posts\/9878\/revisions"}],"predecessor-version":[{"id":9881,"href":"https:\/\/www.trabzonmanset.com\/index.php\/wp-json\/wp\/v2\/posts\/9878\/revisions\/9881"}],"wp:featuredmedia":[{"embeddable":true,"href":"https:\/\/www.trabzonmanset.com\/index.php\/wp-json\/wp\/v2\/media\/9879"}],"wp:attachment":[{"href":"https:\/\/www.trabzonmanset.com\/index.php\/wp-json\/wp\/v2\/media?parent=9878"}],"wp:term":[{"taxonomy":"category","embeddable":true,"href":"https:\/\/www.trabzonmanset.com\/index.php\/wp-json\/wp\/v2\/categories?post=9878"},{"taxonomy":"post_tag","embeddable":true,"href":"https:\/\/www.trabzonmanset.com\/index.php\/wp-json\/wp\/v2\/tags?post=9878"}],"curies":[{"name":"wp","href":"https:\/\/api.w.org\/{rel}","templated":true}]}}