{"id":9865,"date":"2026-02-20T21:15:00","date_gmt":"2026-02-20T18:15:00","guid":{"rendered":"https:\/\/www.trabzonmanset.com\/?p=9865"},"modified":"2026-02-20T21:49:05","modified_gmt":"2026-02-20T18:49:05","slug":"trumptan-irana-yonelik-kisitli-saldiri-plani-degerlendirmesi","status":"publish","type":"post","link":"https:\/\/www.trabzonmanset.com\/index.php\/2026\/02\/20\/trumptan-irana-yonelik-kisitli-saldiri-plani-degerlendirmesi\/","title":{"rendered":"Trump\u2019tan \u0130ran\u2019a y\u00f6nelik &#8220;K\u0131s\u0131tl\u0131 sald\u0131r\u0131 plan\u0131 de\u011ferlendirmesi&#8221;"},"content":{"rendered":"\n<p>ABD Ba\u015fkan\u0131 Donald Trump, \u0130ran\u2019a y\u00f6nelik k\u0131s\u0131tl\u0131 bir sald\u0131r\u0131 plan\u0131n\u0131 de\u011ferlendirdi\u011fini a\u00e7\u0131klad\u0131.<\/p>\n\n\n\n<p>\u0130ran ile ABD aras\u0131ndaki askeri gerilim y\u00fckselirken ABD Ba\u015fkan\u0131 Donald Trump, b\u00f6lgedeki g\u00fcvenlik endi\u015felerini \u015fiddetlendirecek bir a\u00e7\u0131klamada bulundu. Trump, Beyaz Saray\u2019da ABD\u2019li valilerle ger\u00e7ekle\u015ftirdi\u011fi g\u00f6r\u00fc\u015fme s\u0131ras\u0131nda bas\u0131n mensuplar\u0131na yapt\u0131\u011f\u0131 a\u00e7\u0131klamada, \u0130ran ile bir anla\u015fmaya var\u0131lmas\u0131 y\u00f6n\u00fcnde Tahran y\u00f6netimi \u00fczerinde bask\u0131 olu\u015fturmak amac\u0131yla k\u0131s\u0131tl\u0131 bir sald\u0131r\u0131 plan\u0131n\u0131 de\u011ferlendirdi\u011fini belirtti. Konuya ili\u015fkin herhangi bir detay vermeyen Trump, &#8220;San\u0131r\u0131m bunu de\u011ferlendiriyorum diyebilirim&#8221; dedi.<\/p>\n\n\n\n<p>Kaynak: \u0130HA<\/p>\n","protected":false},"excerpt":{"rendered":"<p>ABD Ba\u015fkan\u0131 Donald Trump, \u0130ran\u2019a y\u00f6nelik k\u0131s\u0131tl\u0131 bir sald\u0131r\u0131 plan\u0131n\u0131 de\u011ferlendirdi\u011fini a\u00e7\u0131klad\u0131. \u0130ran ile ABD aras\u0131ndaki askeri gerilim y\u00fckselirken ABD Ba\u015fkan\u0131 Donald Trump, b\u00f6lgedeki g\u00fcvenlik endi\u015felerini \u015fiddetlendirecek bir a\u00e7\u0131klamada bulundu. Trump, Beyaz Saray\u2019da ABD\u2019li valilerle ger\u00e7ekle\u015ftirdi\u011fi g\u00f6r\u00fc\u015fme s\u0131ras\u0131nda bas\u0131n mensuplar\u0131na yapt\u0131\u011f\u0131 a\u00e7\u0131klamada, \u0130ran ile bir anla\u015fmaya var\u0131lmas\u0131 y\u00f6n\u00fcnde Tahran y\u00f6netimi \u00fczerinde bask\u0131 olu\u015fturmak amac\u0131yla k\u0131s\u0131tl\u0131 [&hellip;]<\/p>\n","protected":false},"author":1,"featured_media":9866,"comment_status":"open","ping_status":"open","sticky":false,"template":"","format":"standard","meta":{"footnotes":""},"categories":[127],"tags":[160,1076,924,181,3193],"class_list":["post-9865","post","type-post","status-publish","format-standard","has-post-thumbnail","hentry","category-dunya","tag-abd","tag-beyaz-saray","tag-donald-trump","tag-iran","tag-tahran"],"_links":{"self":[{"href":"https:\/\/www.trabzonmanset.com\/index.php\/wp-json\/wp\/v2\/posts\/9865","targetHints":{"allow":["GET"]}}],"collection":[{"href":"https:\/\/www.trabzonmanset.com\/index.php\/wp-json\/wp\/v2\/posts"}],"about":[{"href":"https:\/\/www.trabzonmanset.com\/index.php\/wp-json\/wp\/v2\/types\/post"}],"author":[{"embeddable":true,"href":"https:\/\/www.trabzonmanset.com\/index.php\/wp-json\/wp\/v2\/users\/1"}],"replies":[{"embeddable":true,"href":"https:\/\/www.trabzonmanset.com\/index.php\/wp-json\/wp\/v2\/comments?post=9865"}],"version-history":[{"count":1,"href":"https:\/\/www.trabzonmanset.com\/index.php\/wp-json\/wp\/v2\/posts\/9865\/revisions"}],"predecessor-version":[{"id":9867,"href":"https:\/\/www.trabzonmanset.com\/index.php\/wp-json\/wp\/v2\/posts\/9865\/revisions\/9867"}],"wp:featuredmedia":[{"embeddable":true,"href":"https:\/\/www.trabzonmanset.com\/index.php\/wp-json\/wp\/v2\/media\/9866"}],"wp:attachment":[{"href":"https:\/\/www.trabzonmanset.com\/index.php\/wp-json\/wp\/v2\/media?parent=9865"}],"wp:term":[{"taxonomy":"category","embeddable":true,"href":"https:\/\/www.trabzonmanset.com\/index.php\/wp-json\/wp\/v2\/categories?post=9865"},{"taxonomy":"post_tag","embeddable":true,"href":"https:\/\/www.trabzonmanset.com\/index.php\/wp-json\/wp\/v2\/tags?post=9865"}],"curies":[{"name":"wp","href":"https:\/\/api.w.org\/{rel}","templated":true}]}}