{"id":9834,"date":"2026-02-19T21:06:00","date_gmt":"2026-02-19T18:06:00","guid":{"rendered":"https:\/\/www.trabzonmanset.com\/?p=9834"},"modified":"2026-02-19T23:08:26","modified_gmt":"2026-02-19T20:08:26","slug":"cumhurbaskani-erdogan-terorsuz-turkiye-calismalarinda-kayda-deger-mesafe-alindi","status":"publish","type":"post","link":"https:\/\/www.trabzonmanset.com\/index.php\/2026\/02\/19\/cumhurbaskani-erdogan-terorsuz-turkiye-calismalarinda-kayda-deger-mesafe-alindi\/","title":{"rendered":"Cumhurba\u015fkan\u0131 Erdo\u011fan: Ter\u00f6rs\u00fcz T\u00fcrkiye \u00e7al\u0131\u015fmalar\u0131nda kayda de\u011fer mesafe al\u0131nd\u0131"},"content":{"rendered":"\n<p>Cumhurba\u015fkan\u0131 Erdo\u011fan, &#8220;Ter\u00f6rs\u00fcz T\u00fcrkiye \u00e7al\u0131\u015fmalar\u0131nda kayda de\u011fer mesafe al\u0131nd\u0131. S\u0131n\u0131rlar\u0131m\u0131z i\u00e7inde ve d\u0131\u015f\u0131nda \u00fclkemize y\u00f6nelik g\u00fcvenlik risklerinde ciddi manada azalma oldu.&#8221; dedi.<\/p>\n\n\n\n<p>Cumhurba\u015fkan\u0131 <strong>Recep Tayyip Erdo\u011fan<\/strong>, \u00c7ankaya K\u00f6\u015fk\u00fc&#8217;nde d\u00fczenlenen \u015eehit Aileleri \u0130le \u0130ftar Program\u0131&#8217;nda yapt\u0131\u011f\u0131 konu\u015fmada, ba\u015f\u0131 rahmet, ortas\u0131 ma\u011ffiret, sonu ebedi azaptan kurtulu\u015f olan m\u00fcbarek ramazan ay\u0131n\u0131 tebrik etti.<\/p>\n\n\n\n<p>Rahmet ve bereket mevsiminin T\u00fcrk milleti ve b\u00fct\u00fcn \u0130slam alemi i\u00e7in hay\u0131rlar getirmesini Allah&#8217;tan niyaz eden Erdo\u011fan, &#8220;Vatan\u0131, milleti, bayra\u011f\u0131 ve can\u0131ndan aziz bildi\u011fi de\u011ferleri u\u011fruna hayatlar\u0131n\u0131 feda etmi\u015f t\u00fcm \u015fehitlerimize Allah&#8217;tan rahmet diliyorum. Bu kutlu yolda m\u00fccadele ederken gazilik mertebesine eri\u015fmi\u015f karde\u015flerimizi de \u015f\u00fckranla yad ediyor, hepsine bereketli \u00f6m\u00fcrler temenni ediyorum. \u015eehitlerimizin aziz emanetleri olan sizlere, \u015fehit ailelerine Rabb&#8217;im her daim sabr\u0131 cemil ihsan eylesin.&#8221; diye konu\u015ftu.<\/p>\n\n\n\n<p>Erdo\u011fan, \u0130slam inanc\u0131na g\u00f6re n\u00fcb\u00fcvvetten sonra en y\u00fcce makam\u0131n \u015fehadet oldu\u011funu belirtti.<\/p>\n\n\n\n<p>Vatan\u0131, milleti, inanc\u0131, milletinin istikbali i\u00e7in, can\u0131ndan ge\u00e7menin, \u015f\u00fcphesiz fedakarl\u0131\u011f\u0131n ve kahramanl\u0131\u011f\u0131n en b\u00fcy\u00fc\u011f\u00fc oldu\u011funu vurgulayan Erdo\u011fan, &#8220;\u015eehitlik mertebesine ula\u015fmak Allah kat\u0131nda ne kadar k\u0131ymetli ise geride kalanlar\u0131n sab\u0131rl\u0131 ve metanetli olmalar\u0131 da ayn\u0131 derecede k\u0131ymetlidir. \u015eehit ailelerimizin bu hassasiyeti her zaman g\u00f6zetti\u011finin, asaletlerini ve metanetlerini her zaman korudu\u011funun bizler yak\u0131n \u015fahidiyiz. Sizlerle millet\u00e7e iftihar etti\u011fimizi burada tekraren vurgulamak istiyorum.&#8221; ifadelerini kulland\u0131.<\/p>\n\n\n\n<h3 class=\"wp-block-heading\">&#8220;Tarihimizin hi\u00e7bir d\u00f6neminde istiklalimizden taviz vermedik&#8221;<\/h3>\n\n\n\n<p>Bin y\u0131ld\u0131r ya\u015fad\u0131klar\u0131 bu topraklar\u0131 ebedi vatan k\u0131lmak i\u00e7in \u00e7ok \u00e7etin imtihanlardan ge\u00e7tiklerini an\u0131msatan Erdo\u011fan, Ha\u00e7l\u0131 Seferleri&#8217;ne, Mo\u011fol sald\u0131r\u0131lar\u0131na, i\u015fgal te\u015febb\u00fcslerine maruz kald\u0131klar\u0131n\u0131 kaydetti.<\/p>\n\n\n\n<p>Nice \u015fehirlerin talan edildi\u011fini, kasabalar\u0131n, k\u00f6ylerin defalarca yak\u0131ld\u0131\u011f\u0131n\u0131, y\u0131k\u0131ld\u0131\u011f\u0131n\u0131 ve harap oldu\u011funu vurgulayan Erdo\u011fan, s\u00f6zlerini \u015f\u00f6yle s\u00fcrd\u00fcrd\u00fc:<\/p>\n\n\n\n<p>&#8220;Ne yapt\u0131larsa bizi bu topraklardan s\u00f6k\u00fcp atamad\u0131lar. G\u00fcnde be\u015f defa g\u00f6ky\u00fcz\u00fcne y\u00fckselen Ezan-\u0131 Muhammedi&#8217;leri susturamad\u0131lar. G\u00f6nderde nazl\u0131 nazl\u0131 dalgalanan bayra\u011f\u0131m\u0131z\u0131 indiremediler. Devletimizi i\u015fgal, milletimizi esir edemediler. \u015eunu bug\u00fcn bir kez daha gururla s\u00f6ylemek istiyorum, can verdik, can\u0131m\u0131zdan aziz bildi\u011fimiz evlatlar\u0131m\u0131z\u0131 topra\u011fa verdik, fakat tarihimizin hi\u00e7bir d\u00f6neminde istiklalimizden taviz vermedik. Kar\u015f\u0131la\u015ft\u0131\u011f\u0131m\u0131z b\u00fct\u00fcn badirelerden, \u015fehitlerimizden ald\u0131\u011f\u0131m\u0131z ilhamla Malazgirt ruhuyla, \u00c7anakkale ruhuyla kurtulduk. \u0130stiklal Harbi&#8217;nde yedi d\u00fcvele kar\u015f\u0131 bu ruhla galip geldik. K\u0131br\u0131s&#8217;ta akan kan\u0131 bu ruhla durdurduk. 15 Temmuz Destan\u0131n\u0131 bu ruhla yazd\u0131k. Ekonomik sald\u0131r\u0131lar\u0131, milli birli\u011fimizi ifsat etmeye y\u00f6nelik manip\u00fclasyonlar\u0131 ve dezenformasyon kampanyalar\u0131n\u0131 bu ruhla bertaraf ettik. Yakla\u015f\u0131k 50 y\u0131ld\u0131r devam eden ter\u00f6rle m\u00fccadelemizi bu ruhla s\u00fcrd\u00fcrd\u00fck. Burada \u015fu hususu da hat\u0131rlatmakta fayda g\u00f6r\u00fcyorum, \u015fehitlerimizin hayatlar\u0131 pahas\u0131na bize emanet etti\u011fi de\u011ferler, vatand\u0131r, ezand\u0131r, bayrakt\u0131r, ba\u011f\u0131ms\u0131zl\u0131kt\u0131r, milletin hak ve hukukunu korumakt\u0131r. Biz de tam 23 y\u0131ld\u0131r bu emanetlere sahip \u00e7\u0131kman\u0131n, bu emanetlere g\u00f6lge d\u00fc\u015f\u00fcrmemenin m\u00fccadelesi veriyoruz.&#8221;<\/p>\n\n\n\n<figure class=\"wp-block-image\"><img decoding=\"async\" src=\"https:\/\/www.aa.com.tr\/uploads\/userFiles\/40b5e6df-807a-4c96-8fee-5e91cbea23a3\/2026%2FSubat%2Fydyze1.jpg\" alt=\"\"\/><\/figure>\n\n\n\n<h3 class=\"wp-block-heading\">&#8220;Kuzu postu giydirilmi\u015f s\u0131rtlan s\u00fcr\u00fclerinin de fark\u0131nday\u0131z&#8221;<\/h3>\n\n\n\n<p>Erdo\u011fan, bug\u00fcn d\u00fcnya siyasetinin yeni ba\u015ftan \u015fekillendi\u011fini, yak\u0131n \u00e7evrede \u00e7ok ciddi krizler, \u00e7at\u0131\u015fmalar ve gerilimler ya\u015fand\u0131\u011f\u0131n\u0131 ifade etti.<\/p>\n\n\n\n<p>&#8220;Y\u0131llarca bize ahlak satan, demokrasiden dem vuran, tekellerine ald\u0131klar\u0131 hak, hukuk, \u00f6zg\u00fcrl\u00fck kavramlar\u0131n\u0131 bir sopa olarak kullanan akt\u00f6rlerin \u00e7irkin y\u00fczleri tek tek ortaya \u00e7\u0131k\u0131yor. Medeniyet dediklerinin tek di\u015fi kalm\u0131\u015f canavar oldu\u011funu hepimiz bir kez daha g\u00f6r\u00fcyoruz.&#8221; diyen Erdo\u011fan, \u015funlar\u0131 kaydetti:<\/p>\n\n\n\n<p>&#8220;Devletimiz tecr\u00fcbeli ve liyakatli kadrolar\u0131n y\u00f6netiminde bu zorlu s\u00fcre\u00e7leri hamdolsun \u00e7ok ba\u015far\u0131l\u0131 bir \u015fekilde y\u00f6netmektedir. Oynanan oyunlar\u0131n da kurulan tuzaklar\u0131n da tuzak kuranlarla birlikte kuzu postu giydirilmi\u015f s\u0131rtlan s\u00fcr\u00fclerinin de gayet fark\u0131nday\u0131z. Bug\u00fcn geldi\u011fimiz noktada T\u00fcrkiye kendi g\u00fcvenli\u011fi i\u00e7in yaln\u0131zca s\u0131n\u0131rlar\u0131 dahilinde de\u011fil, s\u0131n\u0131rlar\u0131n \u00f6tesinde de her t\u00fcrl\u00fc ad\u0131m\u0131 atmaktad\u0131r. Nerede bir tehdit ve tehlike varsa kimseden icazet almadan kayna\u011f\u0131nda etkisiz hale getiriyoruz. Kahraman ordumuzun ve di\u011fer g\u00fcvenlik birimlerimizin operasyonlar\u0131 sayesinde ter\u00f6r \u00f6rg\u00fctlerinin hareket kabiliyetini ciddi \u00f6l\u00e7\u00fcde s\u0131n\u0131rland\u0131rd\u0131k. Savunma sanayinde 23 y\u0131lda geldi\u011fimiz seviye zaten ortada. Daha \u00f6nce y\u00fczde 80 oran\u0131nda yurt d\u0131\u015f\u0131na ba\u011f\u0131ml\u0131 oldu\u011fumuz bu alanda \u015fimdi y\u00fczde 80 yerlilik oran\u0131na ula\u015ft\u0131k. Bug\u00fcn \u0130HA&#8217;lar, S\u0130HA&#8217;lar, f\u00fczeler, roketler, gemiler, helikopterler ve tanklar dahil hemen her alanda kendi ihtiya\u00e7lar\u0131m\u0131z\u0131 kendimiz kar\u015f\u0131layabiliyoruz. \u0130n\u015fallah yar\u0131n s\u0131ra sava\u015f u\u00e7aklar\u0131na, u\u00e7ak gemilerine gelecek. Cenab\u0131 Allah&#8217;a sonsuz \u015f\u00fck\u00fcrler olsun. Azmettik, \u00e7al\u0131\u015ft\u0131k, kendimize g\u00fcvendik ve i\u015fte 23 y\u0131lda buralara geldik. \u015eimdi sahadaki t\u00fcm bu kazan\u0131mlar kal\u0131c\u0131 hale getirmek istiyoruz.&#8221;<\/p>\n\n\n\n<figure class=\"wp-block-image\"><img decoding=\"async\" src=\"https:\/\/www.aa.com.tr\/uploads\/userFiles\/40b5e6df-807a-4c96-8fee-5e91cbea23a3\/2026%2FSubat%2Fydyze3.jpg\" alt=\"\"\/><\/figure>\n\n\n\n<p>Cumhurba\u015fkan\u0131 Erdo\u011fan konu\u015fmas\u0131nda, Ter\u00f6rs\u00fcz T\u00fcrkiye \u00e7al\u0131\u015fmalar\u0131na de\u011finerek, &#8220;Bundan 16 ay \u00f6nce ba\u015flatt\u0131\u011f\u0131m\u0131z Ter\u00f6rs\u00fcz T\u00fcrkiye \u00e7al\u0131\u015fmalar\u0131nda k\u0131sa s\u00fcrede kayda de\u011fer mesafe al\u0131nd\u0131. S\u0131n\u0131rlar\u0131m\u0131z i\u00e7inde ve d\u0131\u015f\u0131nda \u00fclkemize y\u00f6nelik g\u00fcvenlik risklerinde ciddi manada azalma oldu.&#8221; ifadelerini kulland\u0131.<\/p>\n\n\n\n<p>T\u00fcrkiye B\u00fcy\u00fck Millet Meclisi (TBMM) b\u00fcnyesinde kurulan Milli Dayan\u0131\u015fma, Karde\u015flik ve Demokrasi Komisyonunun 5 A\u011fustos 2025&#8217;ten beri y\u00fcr\u00fctt\u00fc\u011f\u00fc \u00e7al\u0131\u015fmalar\u0131n\u0131 d\u00fcn itibar\u0131yla nihayete erdirdi\u011fini belirten Erdo\u011fan, \u015f\u00f6yle konu\u015ftu:<\/p>\n\n\n\n<p>&#8220;\u00dclkemizde bunlar ya\u015fan\u0131rken, kom\u015fumuz Suriye&#8217;de de g\u00fczel geli\u015fmeler ya\u015fan\u0131yor. Suriye&#8217;nin kuzeyindeki sorunun kan d\u00f6k\u00fclmeden \u00e7\u00f6z\u00fclmesi noktas\u0131nda ge\u00e7en ay anla\u015fmaya var\u0131ld\u0131. Tam entegrasyona giden s\u00fcre\u00e7 ba\u015flam\u0131\u015f oldu. B\u00fcy\u00fck bir hassasiyetle ve \u00e7ok boyutlu olarak y\u00fcr\u00fctt\u00fc\u011f\u00fcm\u00fcz bu \u00e7al\u0131\u015fmalar\u0131 in\u015fallah kazas\u0131z belas\u0131z menziline ula\u015ft\u0131raca\u011f\u0131z. Ba\u015fta \u015fehit yak\u0131nlar\u0131m\u0131z olmak \u00fczere 86 milyonun emanetini ta\u015f\u0131d\u0131\u011f\u0131m\u0131z\u0131n bilinciyle fevkalade dikkatli, tedbirli ve titiz hareket ediyoruz. Yakla\u015f\u0131k yar\u0131m as\u0131rd\u0131r milletimizin y\u00fcre\u011fini yakan bu musibetten T\u00fcrkiye&#8217;yi in\u015fallah ebediyen kurtarmakta kararl\u0131y\u0131z. Bunu da 23 y\u0131ld\u0131r oldu\u011fu gibi \u015fehitlerimizin u\u011fruna canlar\u0131n\u0131 feda ettikleri emanetlere leke s\u00fcrd\u00fcrmeden, o kahramanlar\u0131n aziz ruhlar\u0131n\u0131 incitmeden, \u015f\u00fchedan\u0131n kemiklerini asla s\u0131zlatmadan ba\u015farmak niyetindeyiz.&#8221;<\/p>\n\n\n\n<figure class=\"wp-block-image\"><img decoding=\"async\" src=\"https:\/\/www.aa.com.tr\/uploads\/userFiles\/40b5e6df-807a-4c96-8fee-5e91cbea23a3\/2026%2FSubat%2Fydyze5.jpg\" alt=\"\"\/><\/figure>\n\n\n\n<h3 class=\"wp-block-heading\">&#8220;Aram\u0131za nifak sokmaya \u00e7al\u0131\u015fanlara prim vermeyece\u011fiz&#8221;<\/h3>\n\n\n\n<p>Erdo\u011fan, \u015fehit yak\u0131nlar\u0131 ve gazileri rahats\u0131z edecek hi\u00e7bir giri\u015fime, s\u00f6ze, tav\u0131r ve eyleme m\u00fcsamahalar\u0131n\u0131n olmad\u0131\u011f\u0131n\u0131 ve olamayaca\u011f\u0131n\u0131 en iyi \u015fehit yak\u0131nlar\u0131 ve gazilerin bildi\u011fini belirterek, &#8220;\u00c7\u00f6z\u00fcms\u00fczl\u00fckten beslenenler, gerilime ve \u00e7at\u0131\u015fmaya bel ba\u011flayanlar, T\u00fcrkiye&#8217;nin aya\u011f\u0131ndaki kanl\u0131 prangadan kurtulmas\u0131n\u0131 istemeyenler bizim h\u00fcsn\u00fc niyetimizi g\u00f6rmese de sizler samimiyetimizi g\u00f6r\u00fcyorsunuz. Allah&#8217;\u0131n izniyle bunlar\u0131n oyunlar\u0131na gelmeyece\u011fiz. Uyan\u0131k olacak, aram\u0131za nifak sokmaya \u00e7al\u0131\u015fanlara prim vermeyece\u011fiz.&#8221; dedi.<\/p>\n\n\n\n<p>\u015eehit ailelerinin kendilerine aziz \u015fehitlerin emaneti oldu\u011funu vurgulayan Erdo\u011fan, bu emanete lay\u0131k\u0131yla sahip \u00e7\u0131kmak boyunlar\u0131n\u0131n borcu oldu\u011funu dile getirdi.<\/p>\n\n\n\n<p>Devletin d\u00fcn oldu\u011fu gibi yar\u0131n da t\u00fcm imkanlar\u0131yla \u015fehit ailelerinin yan\u0131nda olmaya devam edece\u011fine i\u015faret eden Erdo\u011fan, &#8220;Siz \u015fehit yak\u0131nlar\u0131m\u0131z i\u00e7in son 23 y\u0131lda daha \u00f6nce g\u00fcndemde bile olmayan nice hizmeti, imkan\u0131, hakk\u0131, kolayl\u0131\u011f\u0131 devreye ald\u0131k. \u0130lave istihdam hakk\u0131ndan ayl\u0131klara, gazilerimize bak\u0131m deste\u011finden ara\u00e7 al\u0131m\u0131nda \u00d6TV muafiyetine, yavrular\u0131m\u0131z\u0131n \u00f6zel e\u011fitim kurumlar\u0131ndan \u00fccretsiz yararlanmas\u0131ndan faturalarda ve seyahatlerde indirim hakk\u0131na \u00e7ok geni\u015f bir yelpazede \u015fehit yak\u0131nlar\u0131 ve gazilerimizin yan\u0131nda olduk.&#8221; \u015feklinde konu\u015ftu.<\/p>\n\n\n\n<figure class=\"wp-block-image\"><img decoding=\"async\" src=\"https:\/\/www.aa.com.tr\/uploads\/userFiles\/40b5e6df-807a-4c96-8fee-5e91cbea23a3\/2026%2FSubat%2Fydzk4.jpg\" alt=\"\"\/><\/figure>\n\n\n\n<h3 class=\"wp-block-heading\">&#8220;\u015eehit yak\u0131n\u0131 ve gazilerin kamuda istihdam\u0131 52 bine ula\u015ft\u0131&#8221;<\/h3>\n\n\n\n<p>Cumhurba\u015fkan\u0131 Erdo\u011fan, 1995 ile 2002 y\u0131llar\u0131 aras\u0131nda sadece 6 bin 315 \u015fehit yak\u0131n\u0131 ve gazinin kamuda istihdam\u0131n\u0131n sa\u011fland\u0131\u011f\u0131n\u0131 an\u0131msatarak, \u015funlar\u0131 kaydetti:<\/p>\n\n\n\n<p>&#8220;18 Eyl\u00fcl&#8217;de yapt\u0131\u011f\u0131m\u0131z 630 atama ile bu say\u0131 52 bine ula\u015ft\u0131. \u015eehitlerimizin aziz hat\u0131ralar\u0131n\u0131 ya\u015fatmak i\u00e7in 4 bin 227 okul, cadde, sokak ve kamu alan\u0131na onlar\u0131n isimlerini verdik. K\u0131br\u0131s Bar\u0131\u015f Harekat\u0131 \u015fehitlerimizin ailelerine ve gazilerimize 31 bin 271 madalya tevcihini tamamlad\u0131k. Daha burada sayamayaca\u011f\u0131m\u0131z pek \u00e7ok hizmeti ve imkan\u0131 Allah&#8217;a hamdolsun \u015fehit yak\u0131nlar\u0131m\u0131z\u0131n istifadesine sunduk. Aile, \u0130\u00e7i\u015fleri ve Milli Savunma bakanl\u0131klar\u0131m\u0131z bir yandan, Milli Savunma Komisyonumuz di\u011fer yandan AK Parti&#8217;mizin ilgili birimleri bir ba\u015fka koldan seferberlik ruhuyla \u015fehit yak\u0131n\u0131 ve gazilerimizin derdiyle yak\u0131ndan dertlenmekte, talep ve beklentilerine \u00e7\u00f6z\u00fcm \u00fcretmektedir. \u015eehit yak\u0131nlar\u0131 ve gazilerimizin her an yan\u0131nda yak\u0131n\u0131nda olmaya \u00e7al\u0131\u015fan bakanl\u0131klar\u0131m\u0131z\u0131 ve t\u00fcm kurumlar\u0131m\u0131z\u0131 y\u00fcrekten tebrik ediyorum.&#8221;<\/p>\n\n\n\n<p>\u015eehit yak\u0131nlar\u0131n\u0131 bundan sonra da yaln\u0131z b\u0131rakmayacaklar\u0131n\u0131 ve onlara her t\u00fcrl\u00fc deste\u011fi vermeyi s\u00fcrd\u00fcreceklerini dile getiren Erdo\u011fan, &#8220;Bu duygularla Ramazan-\u0131 \u015eerif&#8217;inizin tekrar m\u00fcbarek olmas\u0131n\u0131 diliyorum. Bu ay boyunca tutaca\u011f\u0131n\u0131z oru\u00e7lar\u0131n, yapaca\u011f\u0131n\u0131z ibadetlerin hak kat\u0131nda kabul olmas\u0131n\u0131 niyaz ediyorum. Bir g\u00fcl bah\u00e7esine girercesine topra\u011fa d\u00fc\u015fen aziz \u015fehitlerimizi rahmetle yad ediyor. Gazilerimize, \u00fclkem ve milletim ad\u0131na buradan \u015f\u00fckranlar\u0131m\u0131 sunuyorum.&#8221; dedi.<\/p>\n\n\n\n<p>Kaynak: AA<\/p>\n","protected":false},"excerpt":{"rendered":"<p>Cumhurba\u015fkan\u0131 Erdo\u011fan, &#8220;Ter\u00f6rs\u00fcz T\u00fcrkiye \u00e7al\u0131\u015fmalar\u0131nda kayda de\u011fer mesafe al\u0131nd\u0131. S\u0131n\u0131rlar\u0131m\u0131z i\u00e7inde ve d\u0131\u015f\u0131nda \u00fclkemize y\u00f6nelik g\u00fcvenlik risklerinde ciddi manada azalma oldu.&#8221; dedi. Cumhurba\u015fkan\u0131 Recep Tayyip Erdo\u011fan, \u00c7ankaya K\u00f6\u015fk\u00fc&#8217;nde d\u00fczenlenen \u015eehit Aileleri \u0130le \u0130ftar Program\u0131&#8217;nda yapt\u0131\u011f\u0131 konu\u015fmada, ba\u015f\u0131 rahmet, ortas\u0131 ma\u011ffiret, sonu ebedi azaptan kurtulu\u015f olan m\u00fcbarek ramazan ay\u0131n\u0131 tebrik etti. Rahmet ve bereket mevsiminin T\u00fcrk [&hellip;]<\/p>\n","protected":false},"author":1,"featured_media":9835,"comment_status":"open","ping_status":"open","sticky":false,"template":"","format":"standard","meta":{"footnotes":""},"categories":[11],"tags":[4165,846,2312],"class_list":["post-9834","post","type-post","status-publish","format-standard","has-post-thumbnail","hentry","category-manset","tag-cankaya-kosku","tag-cumhurbaskani-erdogan","tag-terorsuz-turkiye"],"_links":{"self":[{"href":"https:\/\/www.trabzonmanset.com\/index.php\/wp-json\/wp\/v2\/posts\/9834","targetHints":{"allow":["GET"]}}],"collection":[{"href":"https:\/\/www.trabzonmanset.com\/index.php\/wp-json\/wp\/v2\/posts"}],"about":[{"href":"https:\/\/www.trabzonmanset.com\/index.php\/wp-json\/wp\/v2\/types\/post"}],"author":[{"embeddable":true,"href":"https:\/\/www.trabzonmanset.com\/index.php\/wp-json\/wp\/v2\/users\/1"}],"replies":[{"embeddable":true,"href":"https:\/\/www.trabzonmanset.com\/index.php\/wp-json\/wp\/v2\/comments?post=9834"}],"version-history":[{"count":1,"href":"https:\/\/www.trabzonmanset.com\/index.php\/wp-json\/wp\/v2\/posts\/9834\/revisions"}],"predecessor-version":[{"id":9836,"href":"https:\/\/www.trabzonmanset.com\/index.php\/wp-json\/wp\/v2\/posts\/9834\/revisions\/9836"}],"wp:featuredmedia":[{"embeddable":true,"href":"https:\/\/www.trabzonmanset.com\/index.php\/wp-json\/wp\/v2\/media\/9835"}],"wp:attachment":[{"href":"https:\/\/www.trabzonmanset.com\/index.php\/wp-json\/wp\/v2\/media?parent=9834"}],"wp:term":[{"taxonomy":"category","embeddable":true,"href":"https:\/\/www.trabzonmanset.com\/index.php\/wp-json\/wp\/v2\/categories?post=9834"},{"taxonomy":"post_tag","embeddable":true,"href":"https:\/\/www.trabzonmanset.com\/index.php\/wp-json\/wp\/v2\/tags?post=9834"}],"curies":[{"name":"wp","href":"https:\/\/api.w.org\/{rel}","templated":true}]}}