{"id":9781,"date":"2026-02-16T16:17:00","date_gmt":"2026-02-16T13:17:00","guid":{"rendered":"https:\/\/www.trabzonmanset.com\/?p=9781"},"modified":"2026-02-16T22:20:16","modified_gmt":"2026-02-16T19:20:16","slug":"turkiyenin-en-modern-stadi-2026-2027-sezonunda-sporseverlerle-bulusacak","status":"publish","type":"post","link":"https:\/\/www.trabzonmanset.com\/index.php\/2026\/02\/16\/turkiyenin-en-modern-stadi-2026-2027-sezonunda-sporseverlerle-bulusacak\/","title":{"rendered":"T\u00fcrkiye&#8217;nin en modern stad\u0131, 2026-2027 sezonunda sporseverlerle bulu\u015facak"},"content":{"rendered":"\n<p>&#8220;Yeni Ankara Stadyumu&#8221;, atletizm ve tenis sahalar\u0131 yan\u0131 s\u0131ra 13 ayr\u0131 bran\u015f i\u00e7in antrenman salonlar\u0131yla birlikte T\u00fcrkiye&#8217;nin 3. b\u00fcy\u00fck stad\u0131 olarak 2026-2027 sezon ba\u015f\u0131nda hizmete a\u00e7\u0131lacak.<\/p>\n\n\n\n<p>Ba\u015fkentin 51 bin seyirci kapasiteli, T\u00fcrkiye&#8217;nin \u00fc\u00e7\u00fcnc\u00fc b\u00fcy\u00fck ve en modern statlar\u0131ndan biri olacak Yeni Ankara Stadyumu, 13 farkl\u0131 spor bran\u015f\u0131na da hizmet verecek \u015fekilde, 7 g\u00fcn 24 saat ya\u015fayan bir spor kamp\u00fcs\u00fc olarak 2026-2027 sezon ba\u015f\u0131na yeti\u015ftirilmeye \u00e7al\u0131\u015f\u0131l\u0131yor.<\/p>\n\n\n\n<p>Ankara&#8217;n\u0131n merkezinde, eski ad\u0131yla 19 May\u0131s Stadyumu yerle\u015fkesinde y\u00fckselen ve yap\u0131m\u0131n\u0131n yakla\u015f\u0131k y\u00fczde 80&#8217;i tamamlanan Yeni Ankara Stadyumu, atletizm pisti ve binas\u0131, tenis pisti ve binas\u0131 ile g\u00fcre\u015f, judo, karate, tekvando, boks, ok\u00e7uluk, at\u0131c\u0131l\u0131k, eskrim, masa tenisi, curling, muaythai ve kick boks antrenman salonlar\u0131n\u0131 da b\u00fcnyesinde bar\u0131nd\u0131racak. Tesis, son teknolojik imkanlarla donat\u0131lm\u0131\u015f T\u00fcrkiye&#8217;nin 3. b\u00fcy\u00fck stad\u0131 olarak 2026-2027 sezon ba\u015f\u0131nda ilk ma\u00e7a ev sahipli\u011fi yapmaya haz\u0131rlan\u0131yor.<\/p>\n\n\n\n<figure class=\"wp-block-image\"><img decoding=\"async\" src=\"https:\/\/www.aa.com.tr\/uploads\/userFiles\/a54ea27f-6036-4f79-88c6-6bc9ba19a35d\/07%2F09%2F04%2FAA-40567260.jpg\" alt=\"\"\/><\/figure>\n\n\n\n<p>Gen\u00e7lik ve Spor Bakanl\u0131\u011f\u0131 ad\u0131na TOK\u0130 taraf\u0131ndan in\u015fa esilen statla ilgili bilgi veren Proje M\u00fcd\u00fcr Yard\u0131mc\u0131s\u0131 Ayg\u00fcn Akar, \u00e7al\u0131\u015fmalar\u0131 AA muhabirine anlatt\u0131.<\/p>\n\n\n\n<p>Akar, ilk kazman\u0131n 2022 haziran ay\u0131nda vuruldu\u011funu hat\u0131rlatarak, depreme kar\u015f\u0131 dayan\u0131kl\u0131l\u0131k ve g\u00fcvenli\u011fin en \u00fcst seviyede planland\u0131\u011f\u0131n\u0131 ifade etti. Bug\u00fcne kadar yakla\u015f\u0131k 450 bin metrek\u00fcp hafriyat \u00e7\u0131kar\u0131ld\u0131\u011f\u0131n\u0131, stad\u0131n alt\u0131na 30 metre derinli\u011finde 5500 tane fore kaz\u0131k \u00e7ak\u0131ld\u0131\u011f\u0131n\u0131, bu alanlar\u0131n jet grout (deprem dayan\u0131kl\u0131l\u0131\u011f\u0131) y\u00f6ntemiyle g\u00fc\u00e7lendirildi\u011fini anlatan Akar, \u00fczeri kapal\u0131 160 bin metrekarelik stat yap\u0131s\u0131n\u0131 b\u00fcy\u00fck a\u015famada tamamland\u0131\u011f\u0131n\u0131 s\u00f6yledi.<\/p>\n\n\n\n<figure class=\"wp-block-image\"><img decoding=\"async\" src=\"https:\/\/www.aa.com.tr\/uploads\/userFiles\/a54ea27f-6036-4f79-88c6-6bc9ba19a35d\/07%2F09%2F04%2FAA-40567253.jpg\" alt=\"\"\/><\/figure>\n\n\n\n<h3 class=\"wp-block-heading\">&#8220;Kapal\u0131 alanda y\u00fcksek atlama salonu T\u00fcrkiye&#8217;de ilk olacak&#8221;<\/h3>\n\n\n\n<p>Yerle\u015fkesinin toplam in\u015faat alan\u0131 207 bin 928 metrekare oldu\u011funu belirten Akar, bunun 166 bin 209 metrekaresinin stat binas\u0131 oldu\u011funu, 41 bin metrekaresinin ise atletizm alanlar\u0131 ile di\u011fer bran\u015flara ayr\u0131ld\u0131\u011f\u0131n\u0131 ifade etti. Yerle\u015fkede 13 ayr\u0131 bran\u015f i\u00e7in antrenman ve konfaresn salonlar\u0131, e\u011fitim alanlar\u0131, m\u00fcze ve ma\u011faza b\u00f6l\u00fcmlerinin yer alaca\u011f\u0131n\u0131 vurgulayan Akar, \u015funlar\u0131 kaydetti:<\/p>\n\n\n\n<p>&#8220;Kapal\u0131 alanda yap\u0131lacak y\u00fcksek atlama salonu T\u00fcrkiye\u2019de ilk olacak. Sporcular\u0131m\u0131z yaz-k\u0131\u015f bu bran\u015flar\u0131 kesintisiz yapabilecek. \u0130lk etapta g\u00fcre\u015f, masa tenisi, dans, eskrim, at\u0131c\u0131l\u0131k, ok\u00e7uluk, boks, karate, tekvando, judo, kick boks gibi bran\u015flar\u0131n alanlar\u0131 netle\u015fmi\u015f durumda. Ayr\u0131ca 16 tane antrenman salonu da bulunuyor. Buras\u0131 sadece hafta sonu ma\u00e7 yap\u0131lan bir alan de\u011fil, 7 g\u00fcn 24 saat ya\u015fayan bir spor kamp\u00fcs\u00fc haline gelecek.&#8221;<\/p>\n\n\n\n<figure class=\"wp-block-image\"><img decoding=\"async\" src=\"https:\/\/www.aa.com.tr\/uploads\/userFiles\/a54ea27f-6036-4f79-88c6-6bc9ba19a35d\/07%2F09%2F04%2FAA-40567246.jpg\" alt=\"\"\/><\/figure>\n\n\n\n<h3 class=\"wp-block-heading\">&#8220;T\u00fcrkiye&#8217;nin 3. b\u00fcy\u00fck kapasiteli stad\u0131 olacak&#8221;<\/h3>\n\n\n\n<p>Stad\u0131n\u0131n baz\u0131 \u00f6zellikleriyle d\u00fcnya \u00e7ap\u0131nda \u00f6nc\u00fc nitelikler ta\u015f\u0131d\u0131\u011f\u0131n\u0131 anlatan Akar, &#8220;51 bin 50 seyirci kapasitesiyle T\u00fcrkiye&#8217;nin 3. b\u00fcy\u00fck stad\u0131 olacak. \u00dczerinde 17 bin ton \u00e7elik imalat\u0131m\u0131z var. Bu \u00e7eli\u011fin en uzun a\u00e7\u0131kl\u0131\u011f\u0131 285 metre ve d\u00fcnyada &#8216;tek par\u00e7a 3. b\u00fcy\u00fckl\u00fckte kiri\u015f a\u00e7\u0131kl\u0131\u011f\u0131&#8217; olarak yer al\u0131yor. Ayr\u0131ca tavanda 60 bin metrekarelik alan membran ile kapat\u0131yoruz. Orta k\u0131s\u0131mdaki \u00e7im saha hari\u00e7, tavan tamamen kapal\u0131 olacak. Yap\u0131y\u0131 adeta bir \u015femsiye gibi d\u00fc\u015f\u00fcnebiliriz.&#8221; \u015feklinde konu\u015ftu.<\/p>\n\n\n\n<p>Seyircinin sahaya yak\u0131nl\u0131\u011f\u0131na da dikkat \u00e7eken Akar, s\u00f6zlerini \u015f\u00f6yle s\u00fcrd\u00fcrd\u00fc:<\/p>\n\n\n\n<p>&#8220;Atletizm sahas\u0131 stat d\u0131\u015f\u0131nda konumland\u0131r\u0131lmas\u0131 sayesinde trib\u00fcnlerin \u00e7im alan\u0131 6 metre mesafede olacak. Bu da g\u00fc\u00e7l\u00fc bir atmosfer olu\u015fturacak. \u015eu anda in\u015faat\u0131n bitmesi a\u015famas\u0131nda son a\u015famalara geldik diyebiliriz. Koltuk imalatlar\u0131m\u0131z yak\u0131nda ba\u015flayacak, saha zemininin alt yap\u0131s\u0131na ba\u015flam\u0131\u015f durumday\u0131z, 2026-2027 sezonuna yeti\u015ftirece\u011fiz.&#8221;<\/p>\n\n\n\n<figure class=\"wp-block-image\"><img decoding=\"async\" src=\"https:\/\/www.aa.com.tr\/uploads\/userFiles\/a54ea27f-6036-4f79-88c6-6bc9ba19a35d\/07%2F09%2F04%2FAA-40567264.jpg\" alt=\"\"\/><\/figure>\n\n\n\n<h3 class=\"wp-block-heading\">&#8220;1000 ki\u015fi \u00e7al\u0131\u015f\u0131yor, ciddi oranda kad\u0131n \u00e7al\u0131\u015fan\u0131m\u0131z da var&#8221;<\/h3>\n\n\n\n<p>Stad\u0131n TOK\u0130 taraf\u0131ndan yapt\u0131r\u0131ld\u0131\u011f\u0131n\u0131 hat\u0131rlatan Akar, &#8220;TOK\u0130&#8217;nin bu prestijli in\u015faat\u0131nda ortalama 1000 ki\u015fi \u00e7al\u0131\u015f\u0131yor, di\u011fer in\u015faatlarla k\u0131yaslad\u0131\u011f\u0131m\u0131z da ciddi oranda kad\u0131n \u00e7al\u0131\u015fan\u0131m\u0131z da var. Burada 50&#8217;nin \u00fczerinde devasa vin\u00e7 \u00e7al\u0131\u015f\u0131yor, bu vin\u00e7lerin en b\u00fcy\u00fc\u011f\u00fc 1600 tonluk, \u00e7ok \u015f\u00fck\u00fcr bug\u00fcne kadar bir kaza da ya\u015famad\u0131k. \u0130n\u015fallah bundan sonra da ya\u015fanmaz, i\u015f sa\u011fl\u0131\u011f\u0131 g\u00fcvenli\u011fine \u00e7ok \u00f6nem veriyoruz. Bu konuda \u00e7ok titiziz.&#8221; \u015feklinde konu\u015ftu.<\/p>\n\n\n\n<p>Gelen herkesin hayran kalaca\u011f\u0131 bir stat olaca\u011f\u0131n\u0131 vurgulayan Akar, \u015funlar\u0131 kaydetti:<\/p>\n\n\n\n<p>&#8220;Bas\u0131n trib\u00fcn\u00fc \u00fcst katta hem kapal\u0131 alanda hem d\u0131\u015far\u0131da bulunacak, bas\u0131n i\u00e7in bin 417 ki\u015filik yer ayr\u0131ld\u0131. Gelen herkes \u00e7at\u0131 yap\u0131s\u0131na ve ambiyans\u0131na \u00e7ok hayran kalacaklard\u0131r. Stat ula\u015f\u0131m a\u00e7\u0131s\u0131ndan da her t\u00fcrl\u00fc ana arterlere a\u00e7\u0131k. Hemen yan\u0131m\u0131zda h\u0131zl\u0131 tren hatt\u0131, metro istasyonu, millet bah\u00e7esi bulunuyor. Ula\u015f\u0131m\u0131 en kolay statlardan birisi olacak. B\u00fct\u00fcn Ankaral\u0131lar 7\/24 hizmet alabilecek, yakla\u015f\u0131k 6 ay sonra hizmete a\u00e7\u0131lacak. Buras\u0131 vatanda\u015f\u0131n gezi alanlar\u0131yla da bir spor yerle\u015fkesi olacak.&#8221;<\/p>\n\n\n\n<p>Kaynak: AA<\/p>\n","protected":false},"excerpt":{"rendered":"<p>&#8220;Yeni Ankara Stadyumu&#8221;, atletizm ve tenis sahalar\u0131 yan\u0131 s\u0131ra 13 ayr\u0131 bran\u015f i\u00e7in antrenman salonlar\u0131yla birlikte T\u00fcrkiye&#8217;nin 3. b\u00fcy\u00fck stad\u0131 olarak 2026-2027 sezon ba\u015f\u0131nda hizmete a\u00e7\u0131lacak. Ba\u015fkentin 51 bin seyirci kapasiteli, T\u00fcrkiye&#8217;nin \u00fc\u00e7\u00fcnc\u00fc b\u00fcy\u00fck ve en modern statlar\u0131ndan biri olacak Yeni Ankara Stadyumu, 13 farkl\u0131 spor bran\u015f\u0131na da hizmet verecek \u015fekilde, 7 g\u00fcn 24 saat [&hellip;]<\/p>\n","protected":false},"author":1,"featured_media":9782,"comment_status":"open","ping_status":"open","sticky":false,"template":"","format":"standard","meta":{"footnotes":""},"categories":[14],"tags":[4112,4116,4115,4120,4114,4117,4121,4119,4118,4124,4122,485,4113,4123,4111],"class_list":["post-9781","post","type-post","status-publish","format-standard","has-post-thumbnail","hentry","category-spor","tag-ankara-stadyumu","tag-aticilik","tag-boks","tag-curling","tag-eskrim","tag-gures","tag-judo","tag-karate","tag-masa-tenisi","tag-muaythai","tag-okculuk","tag-spor","tag-stadyum","tag-tekvando","tag-yeni-ankara-stadyumu"],"_links":{"self":[{"href":"https:\/\/www.trabzonmanset.com\/index.php\/wp-json\/wp\/v2\/posts\/9781","targetHints":{"allow":["GET"]}}],"collection":[{"href":"https:\/\/www.trabzonmanset.com\/index.php\/wp-json\/wp\/v2\/posts"}],"about":[{"href":"https:\/\/www.trabzonmanset.com\/index.php\/wp-json\/wp\/v2\/types\/post"}],"author":[{"embeddable":true,"href":"https:\/\/www.trabzonmanset.com\/index.php\/wp-json\/wp\/v2\/users\/1"}],"replies":[{"embeddable":true,"href":"https:\/\/www.trabzonmanset.com\/index.php\/wp-json\/wp\/v2\/comments?post=9781"}],"version-history":[{"count":1,"href":"https:\/\/www.trabzonmanset.com\/index.php\/wp-json\/wp\/v2\/posts\/9781\/revisions"}],"predecessor-version":[{"id":9783,"href":"https:\/\/www.trabzonmanset.com\/index.php\/wp-json\/wp\/v2\/posts\/9781\/revisions\/9783"}],"wp:featuredmedia":[{"embeddable":true,"href":"https:\/\/www.trabzonmanset.com\/index.php\/wp-json\/wp\/v2\/media\/9782"}],"wp:attachment":[{"href":"https:\/\/www.trabzonmanset.com\/index.php\/wp-json\/wp\/v2\/media?parent=9781"}],"wp:term":[{"taxonomy":"category","embeddable":true,"href":"https:\/\/www.trabzonmanset.com\/index.php\/wp-json\/wp\/v2\/categories?post=9781"},{"taxonomy":"post_tag","embeddable":true,"href":"https:\/\/www.trabzonmanset.com\/index.php\/wp-json\/wp\/v2\/tags?post=9781"}],"curies":[{"name":"wp","href":"https:\/\/api.w.org\/{rel}","templated":true}]}}