{"id":9683,"date":"2026-02-13T14:48:02","date_gmt":"2026-02-13T11:48:02","guid":{"rendered":"https:\/\/www.trabzonmanset.com\/?p=9683"},"modified":"2026-02-13T14:48:03","modified_gmt":"2026-02-13T11:48:03","slug":"cansu-bade-tas-kimdir-ne-is-yapiyor-cansu-bade-tas-neden-gozaltina-alindi","status":"publish","type":"post","link":"https:\/\/www.trabzonmanset.com\/index.php\/2026\/02\/13\/cansu-bade-tas-kimdir-ne-is-yapiyor-cansu-bade-tas-neden-gozaltina-alindi\/","title":{"rendered":"Cansu Bade Ta\u015f kimdir, ne i\u015f yap\u0131yor? Cansu Bade Ta\u015f neden g\u00f6zalt\u0131na al\u0131nd\u0131?"},"content":{"rendered":"\n<p>\u0130stanbul merkezli y\u00fcr\u00fct\u00fclen operasyon, \u0130stanbul Emniyet M\u00fcd\u00fcrl\u00fc\u011f\u00fc Siber Su\u00e7larla M\u00fccadele \u015eube M\u00fcd\u00fcrl\u00fc\u011f\u00fc ekiplerinin, \u0130stanbul Cumhuriyet Ba\u015fsavc\u0131l\u0131\u011f\u0131 koordinasyonunda ba\u015flatt\u0131\u011f\u0131 \u00e7al\u0131\u015fmalar sonucu \u00e7ok say\u0131da \u015f\u00fcphelinin mal varl\u0131klar\u0131na el konulmas\u0131 ve g\u00f6zalt\u0131 kararlar\u0131n\u0131n al\u0131nmas\u0131yla kamuoyuna yans\u0131d\u0131. G\u00f6zalt\u0131na al\u0131nanlar aras\u0131nda yer alan Cansu Bade Ta\u015f kimdir, ne i\u015f yap\u0131yor? Cansu Bade Ta\u015f neden g\u00f6zalt\u0131na al\u0131nd\u0131? Detaylar&#8230;<\/p>\n\n\n\n<p>\u0130stanbul merkezli y\u00fcr\u00fct\u00fclen operasyon, \u0130stanbul Emniyet M\u00fcd\u00fcrl\u00fc\u011f\u00fc Siber Su\u00e7larla M\u00fccadele \u015eube M\u00fcd\u00fcrl\u00fc\u011f\u00fc ekiplerinin, \u0130stanbul Cumhuriyet Ba\u015fsavc\u0131l\u0131\u011f\u0131 koordinasyonunda ba\u015flatt\u0131\u011f\u0131 \u00e7al\u0131\u015fmalar sonucu \u00e7ok say\u0131da \u015f\u00fcphelinin mal varl\u0131klar\u0131na el konuldu. \u015e\u00fcpheliler aras\u0131nda yer alan Cansu Bade Ta\u015f kimdir, ne i\u015f yap\u0131yor? Cansu Bade Ta\u015f neden g\u00f6zalt\u0131na al\u0131nd\u0131? Detaylar haberimizde.<\/p>\n\n\n\n<h3 class=\"wp-block-heading\">CANSU BADE TA\u015e K\u0130MD\u0130R?<\/h3>\n\n\n\n<p>Cansu Bade Ta\u015f, \u0130stanbul merkezli y\u00fcr\u00fct\u00fclen ve kamuoyuna yans\u0131yan siber su\u00e7 operasyonu kapsam\u0131nda hakk\u0131nda g\u00f6zalt\u0131 karar\u0131 verilen isimler aras\u0131nda yer almaktad\u0131r. Soru\u015fturma dosyas\u0131na g\u00f6re, 7 Haziran 2023 tarihinde mahkeme karar\u0131yla eri\u015fim engeli getirilen OnlyFans platformuna IP adresi de\u011fi\u015fikli\u011fi yap\u0131larak eri\u015fim sa\u011fland\u0131\u011f\u0131 ve \u00e7e\u015fitli i\u00e7erik payla\u015f\u0131mlar\u0131n\u0131n yap\u0131ld\u0131\u011f\u0131 iddias\u0131yla ba\u015flat\u0131lan \u00e7al\u0131\u015fmada ad\u0131 ge\u00e7en ki\u015filer aras\u0131nda bulunmaktad\u0131r.<\/p>\n\n\n\n<p>Yetkili birimler taraf\u0131ndan yap\u0131lan incelemelerde, \u015f\u00fcphelilerin a\u00e7\u0131k platformlar \u00fczerinden m\u00fcstehcen i\u00e7erikler payla\u015ft\u0131\u011f\u0131 ve bu i\u00e7eriklerin daha geni\u015f kitlelere ula\u015ft\u0131r\u0131lmas\u0131 i\u00e7in \u00e7e\u015fitli y\u00f6ntemler kulland\u0131\u011f\u0131 tespit edildi. Bu kapsamda, belirli i\u00e7eriklerin \u00fccret kar\u015f\u0131l\u0131\u011f\u0131nda sunuldu\u011fu ve \u00f6zel i\u00e7erik payla\u015f\u0131m\u0131 \u00fczerinden gelir elde edildi\u011fi ileri s\u00fcr\u00fcld\u00fc.<\/p>\n\n\n\n<p>Cansu Bade Ta\u015f hakk\u0131nda kamuya yans\u0131yan bilgiler, soru\u015fturma s\u00fcrecinde ad\u0131 ge\u00e7en \u015f\u00fcpheliler aras\u0131nda bulundu\u011fu y\u00f6n\u00fcndedir. Dosya kapsam\u0131ndaki de\u011ferlendirmeler, ilgili savc\u0131l\u0131k makam\u0131 taraf\u0131ndan y\u00fcr\u00fct\u00fclen soru\u015fturma \u00e7er\u00e7evesinde ele al\u0131nmaktad\u0131r.<\/p>\n\n\n\n<h3 class=\"wp-block-heading\">CANSU BADE TA\u015e NEDEN G\u00d6ZALTINA ALINDI?<\/h3>\n\n\n\n<p>Cansu Bade Ta\u015f hakk\u0131nda g\u00f6zalt\u0131 karar\u0131, \u0130stanbul merkezli y\u00fcr\u00fct\u00fclen ve 8 ilde e\u015f zamanl\u0131 ger\u00e7ekle\u015ftirilen operasyon kapsam\u0131nda verilmi\u015ftir. Operasyon; \u0130stanbul&#8217;un yan\u0131 s\u0131ra Adana, Ankara, Antalya, Edremit, G\u00f6lc\u00fck ve Samsun&#8217;da da ger\u00e7ekle\u015ftirilmi\u015ftir.<\/p>\n\n\n\n<p>Toplamda 25 \u015f\u00fcpheli ve iki \u015firketin mal varl\u0131klar\u0131na el konulurken, 16 \u015f\u00fcpheli g\u00f6zalt\u0131na al\u0131nm\u0131\u015ft\u0131r. G\u00f6zalt\u0131 karar\u0131 verilen isimler aras\u0131nda Cansu Bade Ta\u015f da bulunmaktad\u0131r.<\/p>\n\n\n\n<p>Soru\u015fturma kapsam\u0131nda y\u00f6neltilen su\u00e7lamalar \u015funlard\u0131r:<\/p>\n\n\n\n<p>Su\u00e7 Gelirlerini Aklama<\/p>\n\n\n\n<p>M\u00fcstehcenlik<\/p>\n\n\n\n<p>\u0130ddialara g\u00f6re, eri\u015fim engeli bulunan platforma teknik y\u00f6ntemlerle eri\u015fim sa\u011flanm\u0131\u015f, m\u00fcstehcen i\u00e7erikler payla\u015f\u0131lm\u0131\u015f ve bu i\u00e7eriklerden gelir elde edilmi\u015ftir. Elde edilen gelirlerin ise \u00e7e\u015fitli yat\u0131r\u0131m ara\u00e7lar\u0131na y\u00f6nlendirilerek de\u011ferlendirildi\u011fi ileri s\u00fcr\u00fclmektedir.<\/p>\n\n\n\n<p>Operasyon \u00e7er\u00e7evesinde ad\u0131 ge\u00e7en di\u011fer isimler aras\u0131nda Azranur Ay Vandan, Meltem Bak\u0131r, Gizem Avc\u0131, Ya\u011fmur \u015eim\u015fek, \u00d6znur G\u00fcven, K\u00fcbra Yurdakul, Arzu Y\u0131lmaz, Derin G\u00fcr, Dilber Do\u011fan, Eme Nur S\u00fcder, Kadriye De\u011firmenci, Lina Su \u00d6zgen, Yaprak Meri\u00e7 Y\u00fccel, Nisanur Kavak, Tu\u011f\u00e7e Cansu Parlak ve T\u00fclin Ar\u0131ko\u011flu yer almaktad\u0131r. Baz\u0131 \u015f\u00fcphelilerin ba\u015fka soru\u015fturmalar kapsam\u0131nda tutuklu oldu\u011fu, baz\u0131 isimlerin ise yurt d\u0131\u015f\u0131nda bulundu\u011fu belirtilmi\u015ftir.<\/p>\n\n\n\n<p><\/p>\n","protected":false},"excerpt":{"rendered":"<p>\u0130stanbul merkezli y\u00fcr\u00fct\u00fclen operasyon, \u0130stanbul Emniyet M\u00fcd\u00fcrl\u00fc\u011f\u00fc Siber Su\u00e7larla M\u00fccadele \u015eube M\u00fcd\u00fcrl\u00fc\u011f\u00fc ekiplerinin, \u0130stanbul Cumhuriyet Ba\u015fsavc\u0131l\u0131\u011f\u0131 koordinasyonunda ba\u015flatt\u0131\u011f\u0131 \u00e7al\u0131\u015fmalar sonucu \u00e7ok say\u0131da \u015f\u00fcphelinin mal varl\u0131klar\u0131na el konulmas\u0131 ve g\u00f6zalt\u0131 kararlar\u0131n\u0131n al\u0131nmas\u0131yla kamuoyuna yans\u0131d\u0131. G\u00f6zalt\u0131na al\u0131nanlar aras\u0131nda yer alan Cansu Bade Ta\u015f kimdir, ne i\u015f yap\u0131yor? Cansu Bade Ta\u015f neden g\u00f6zalt\u0131na al\u0131nd\u0131? Detaylar&#8230; \u0130stanbul merkezli y\u00fcr\u00fct\u00fclen [&hellip;]<\/p>\n","protected":false},"author":1,"featured_media":9684,"comment_status":"open","ping_status":"open","sticky":false,"template":"","format":"standard","meta":{"footnotes":""},"categories":[1371],"tags":[4056,3199,3901],"class_list":["post-9683","post","type-post","status-publish","format-standard","has-post-thumbnail","hentry","category-asayis","tag-cansu-bade-tas","tag-istanbul-emniyet-mudurlugu","tag-siber-suclar"],"_links":{"self":[{"href":"https:\/\/www.trabzonmanset.com\/index.php\/wp-json\/wp\/v2\/posts\/9683","targetHints":{"allow":["GET"]}}],"collection":[{"href":"https:\/\/www.trabzonmanset.com\/index.php\/wp-json\/wp\/v2\/posts"}],"about":[{"href":"https:\/\/www.trabzonmanset.com\/index.php\/wp-json\/wp\/v2\/types\/post"}],"author":[{"embeddable":true,"href":"https:\/\/www.trabzonmanset.com\/index.php\/wp-json\/wp\/v2\/users\/1"}],"replies":[{"embeddable":true,"href":"https:\/\/www.trabzonmanset.com\/index.php\/wp-json\/wp\/v2\/comments?post=9683"}],"version-history":[{"count":1,"href":"https:\/\/www.trabzonmanset.com\/index.php\/wp-json\/wp\/v2\/posts\/9683\/revisions"}],"predecessor-version":[{"id":9685,"href":"https:\/\/www.trabzonmanset.com\/index.php\/wp-json\/wp\/v2\/posts\/9683\/revisions\/9685"}],"wp:featuredmedia":[{"embeddable":true,"href":"https:\/\/www.trabzonmanset.com\/index.php\/wp-json\/wp\/v2\/media\/9684"}],"wp:attachment":[{"href":"https:\/\/www.trabzonmanset.com\/index.php\/wp-json\/wp\/v2\/media?parent=9683"}],"wp:term":[{"taxonomy":"category","embeddable":true,"href":"https:\/\/www.trabzonmanset.com\/index.php\/wp-json\/wp\/v2\/categories?post=9683"},{"taxonomy":"post_tag","embeddable":true,"href":"https:\/\/www.trabzonmanset.com\/index.php\/wp-json\/wp\/v2\/tags?post=9683"}],"curies":[{"name":"wp","href":"https:\/\/api.w.org\/{rel}","templated":true}]}}