{"id":9676,"date":"2026-02-13T14:37:40","date_gmt":"2026-02-13T11:37:40","guid":{"rendered":"https:\/\/www.trabzonmanset.com\/?p=9676"},"modified":"2026-02-13T14:37:41","modified_gmt":"2026-02-13T11:37:41","slug":"cenaze-yolunda-feci-kaza-tira-ok-gibi-saplandi-cansiz-bedenler-guclukle-cikarildi","status":"publish","type":"post","link":"https:\/\/www.trabzonmanset.com\/index.php\/2026\/02\/13\/cenaze-yolunda-feci-kaza-tira-ok-gibi-saplandi-cansiz-bedenler-guclukle-cikarildi\/","title":{"rendered":"Cenaze yolunda feci kaza! T\u0131ra ok gibi sapland\u0131, cans\u0131z bedenler g\u00fc\u00e7l\u00fckle \u00e7\u0131kar\u0131ld\u0131"},"content":{"rendered":"\n<p>\u0130stanbul&#8217;dan memleketleri Ordu&#8217;ya cenazeye gitmek i\u00e7in yola \u00e7\u0131kan 2 ki\u015finin i\u00e7inde bulundu\u011fu otomobil Amasya&#8217;da t\u0131ra \u00e7arpt\u0131. Feci kazada 2 ki\u015fi hayat\u0131n\u0131 kaybetti.<\/p>\n\n\n\n<figure class=\"wp-block-video\"><video controls src=\"https:\/\/www.trabzonmanset.com\/wp-content\/uploads\/2026\/02\/kaza.mp4\"><\/video><\/figure>\n\n\n\n<p>\u0130stanbul&#8217;dan Ordu&#8217;ya cenazeye gitmek i\u00e7in yola \u00e7\u0131kan iki ki\u015fi, Amasya&#8217;da t\u0131r dorsesine \u00e7arpan otomobilde hayat\u0131n\u0131 kaybetti.<\/p>\n\n\n\n<h3 class=\"wp-block-heading\">DORSEYE OK G\u0130B\u0130 SAPLANDI<\/h3>\n\n\n\n<p>Edinilen bilgiye g\u00f6re, memleketleri Ordu&#8217;nun Kabata\u015f il\u00e7esindeki bir yak\u0131nlar\u0131n\u0131n cenazesine gitmek i\u00e7in \u0130stanbul&#8217;dan yola \u00e7\u0131kan Zafer Bozkurt ve \u00dcmit \u00c7atanak&#8217;\u0131n i\u00e7inde bulundu\u011fu 34 FN 7454 plakal\u0131 otomobil, Amasya&#8217;n\u0131n Ta\u015fova il\u00e7esine ba\u011fl\u0131 \u015eahinler k\u00f6y\u00fc yak\u0131nlar\u0131nda yola \u00e7\u0131kan 32 ADA 465 plakal\u0131 t\u0131r\u0131n dorsesine arkadan \u00e7arpt\u0131. Dorseye ok gibi saplanan otomobildeki 2 ki\u015fi olay yerinde feci \u015fekilde can verdi.<\/p>\n\n\n\n<figure class=\"wp-block-image\"><img decoding=\"async\" src=\"https:\/\/foto.haberler.com\/crop\/640x360\/haber\/2026\/02\/13\/cenaze-yolunda-feci-kaza-tir-a-ok-gibi-saplandi-19563835_2811_m.jpg\" alt=\"Cenaze yolunda feci kaza! TIR'a ok gibi sapland\u0131\"\/><\/figure>\n\n\n\n<h3 class=\"wp-block-heading\">CANSIZ BEDENLER\u0130 \u0130TFA\u0130YE \u00c7IKARAB\u0130LD\u0130<\/h3>\n\n\n\n<p>Kazan\u0131n bildirilmesi \u00fczerine polis, jandarma, acil sa\u011fl\u0131k ve itfaiye ekipleri sevk edildi. S\u0131k\u0131\u015ft\u0131klar\u0131 yerden \u00e7\u0131kart\u0131lan cenazeler yap\u0131lan incelemenin ard\u0131ndan hastane morguna kald\u0131r\u0131ld\u0131. Kazayla ilgili soru\u015fturma ba\u015flat\u0131ld\u0131.<\/p>\n\n\n\n<figure class=\"wp-block-image\"><img decoding=\"async\" src=\"https:\/\/foto.haberler.com\/crop\/640x360\/haber\/2026\/02\/13\/cenaze-yolunda-feci-kaza-tir-a-ok-gibi-saplandi-19563835_5630_m.jpg\" alt=\"Cenaze yolunda feci kaza! TIR'a ok gibi sapland\u0131\"\/><\/figure>\n\n\n\n<figure class=\"wp-block-image\"><img decoding=\"async\" src=\"https:\/\/foto.haberler.com\/crop\/640x360\/haber\/2026\/02\/13\/cenaze-yolunda-feci-kaza-tir-a-ok-gibi-saplandi-19563835_2811_m.jpg\" alt=\"Cenaze yolunda feci kaza! TIR'a ok gibi sapland\u0131\"\/><\/figure>\n\n\n\n<p>Kaynak: \u0130hlas Haber Ajans\u0131<\/p>\n\n\n\n<p><\/p>\n","protected":false},"excerpt":{"rendered":"<p>\u0130stanbul&#8217;dan memleketleri Ordu&#8217;ya cenazeye gitmek i\u00e7in yola \u00e7\u0131kan 2 ki\u015finin i\u00e7inde bulundu\u011fu otomobil Amasya&#8217;da t\u0131ra \u00e7arpt\u0131. Feci kazada 2 ki\u015fi hayat\u0131n\u0131 kaybetti. \u0130stanbul&#8217;dan Ordu&#8217;ya cenazeye gitmek i\u00e7in yola \u00e7\u0131kan iki ki\u015fi, Amasya&#8217;da t\u0131r dorsesine \u00e7arpan otomobilde hayat\u0131n\u0131 kaybetti. DORSEYE OK G\u0130B\u0130 SAPLANDI Edinilen bilgiye g\u00f6re, memleketleri Ordu&#8217;nun Kabata\u015f il\u00e7esindeki bir yak\u0131nlar\u0131n\u0131n cenazesine gitmek i\u00e7in \u0130stanbul&#8217;dan [&hellip;]<\/p>\n","protected":false},"author":1,"featured_media":9677,"comment_status":"open","ping_status":"open","sticky":false,"template":"","format":"standard","meta":{"footnotes":""},"categories":[1,9],"tags":[4054,4053,495,947],"class_list":["post-9676","post","type-post","status-publish","format-standard","has-post-thumbnail","hentry","category-gundem","category-video-galeri","tag-feci-kaza","tag-istanbul-kaza","tag-kaza","tag-ordu"],"_links":{"self":[{"href":"https:\/\/www.trabzonmanset.com\/index.php\/wp-json\/wp\/v2\/posts\/9676","targetHints":{"allow":["GET"]}}],"collection":[{"href":"https:\/\/www.trabzonmanset.com\/index.php\/wp-json\/wp\/v2\/posts"}],"about":[{"href":"https:\/\/www.trabzonmanset.com\/index.php\/wp-json\/wp\/v2\/types\/post"}],"author":[{"embeddable":true,"href":"https:\/\/www.trabzonmanset.com\/index.php\/wp-json\/wp\/v2\/users\/1"}],"replies":[{"embeddable":true,"href":"https:\/\/www.trabzonmanset.com\/index.php\/wp-json\/wp\/v2\/comments?post=9676"}],"version-history":[{"count":1,"href":"https:\/\/www.trabzonmanset.com\/index.php\/wp-json\/wp\/v2\/posts\/9676\/revisions"}],"predecessor-version":[{"id":9679,"href":"https:\/\/www.trabzonmanset.com\/index.php\/wp-json\/wp\/v2\/posts\/9676\/revisions\/9679"}],"wp:featuredmedia":[{"embeddable":true,"href":"https:\/\/www.trabzonmanset.com\/index.php\/wp-json\/wp\/v2\/media\/9677"}],"wp:attachment":[{"href":"https:\/\/www.trabzonmanset.com\/index.php\/wp-json\/wp\/v2\/media?parent=9676"}],"wp:term":[{"taxonomy":"category","embeddable":true,"href":"https:\/\/www.trabzonmanset.com\/index.php\/wp-json\/wp\/v2\/categories?post=9676"},{"taxonomy":"post_tag","embeddable":true,"href":"https:\/\/www.trabzonmanset.com\/index.php\/wp-json\/wp\/v2\/tags?post=9676"}],"curies":[{"name":"wp","href":"https:\/\/api.w.org\/{rel}","templated":true}]}}