{"id":9670,"date":"2026-02-13T14:27:55","date_gmt":"2026-02-13T11:27:55","guid":{"rendered":"https:\/\/www.trabzonmanset.com\/?p=9670"},"modified":"2026-02-13T14:27:56","modified_gmt":"2026-02-13T11:27:56","slug":"saglik-ocagindan-dinleme-cihazi-cikti","status":"publish","type":"post","link":"https:\/\/www.trabzonmanset.com\/index.php\/2026\/02\/13\/saglik-ocagindan-dinleme-cihazi-cikti\/","title":{"rendered":"Sa\u011fl\u0131k oca\u011f\u0131ndan dinleme cihaz\u0131 \u00e7\u0131kt\u0131"},"content":{"rendered":"\n<p>\u0130stanbul&#8217;un Arnavutk\u00f6y il\u00e7esinde bulunan Cavit Be\u015fkarde\u015f Aile Sa\u011fl\u0131\u011f\u0131 Merkezi&#8217;nde doktorlar\u0131n dinlenme odas\u0131nda ortam dinleme cihaz\u0131 bulundu. Doktorlar\u0131 \u015fa\u015f\u0131rtan olayla ilgili soru\u015fturma ba\u015flat\u0131l\u0131rken polis cihaza el koydu.<\/p>\n\n\n\n<ul class=\"wp-block-list\">\n<li>Arnavutk\u00f6y Mehmet Akif Ersoy Mahallesi&#8217;ndeki Cavit Be\u015fkarde\u015f Aile Sa\u011fl\u0131\u011f\u0131 Merkezi&#8217;nde temizlik g\u00f6revlisi bir dinleme cihaz\u0131 buldu.<\/li>\n\n\n\n<li>Polis ekipleri cihaz\u0131 muhafaza alt\u0131na ald\u0131 ve cihaz\u0131n ortam dinlemesinde kullan\u0131labilecek nitelikte oldu\u011fu de\u011ferlendirildi.<\/li>\n\n\n\n<li>Doktor S.S., cihaz\u0131 ba\u015fka bir doktor olan \u00d6.\u00d6.&#8217;n\u00fcn yerle\u015ftirmi\u015f olabilece\u011fini \u00f6ne s\u00fcrd\u00fc.<\/li>\n<\/ul>\n\n\n\n<p><strong>Arnavutk\u00f6y<\/strong> Mehmet Akif Ersoy Mahallesi&#8217;nde bulunan Cavit Be\u015fkarde\u015f Aile Sa\u011fl\u0131\u011f\u0131 Merkezi&#8217;nde temizlik g\u00f6revlisi C.A., doktorlar\u0131n dinlenme odas\u0131nda temizlik yapt\u0131\u011f\u0131 s\u0131rada siyah renkli, \u0131\u015f\u0131klar\u0131 yan\u0131p s\u00f6nen bir cihaz fark etti. Durumun bildirilmesi \u00fczerine sa\u011fl\u0131k oca\u011f\u0131nda g\u00f6revli doktor S.S. polis ekiplerine \u015fikayette bulundu.<\/p>\n\n\n\n<h3 class=\"wp-block-heading\">DOKTORLAR \u015eA\u015eKIN<\/h3>\n\n\n\n<p>S.S. isimli doktor, ifadesinde cihaz\u0131n kurum i\u00e7erisinde ne ama\u00e7la ve kim taraf\u0131ndan kullan\u0131ld\u0131\u011f\u0131n\u0131n ortaya \u00e7\u0131kar\u0131lmas\u0131n\u0131 istedi\u011fini belirtti. S.S. ayr\u0131ca, cihaz\u0131 kurumda g\u00f6rev yapan ba\u015fka bir doktor olan \u00d6.\u00d6.&#8217;n\u00fcn yerle\u015ftirmi\u015f olabilece\u011fini d\u00fc\u015f\u00fcnd\u00fc\u011f\u00fcn\u00fc \u00f6ne s\u00fcrd\u00fc. S.S. ifadesinde, \u00d6.\u00d6.&#8217;in daha \u00f6nce yetkisi olmamas\u0131na ra\u011fmen g\u00fcvenlik kameralar\u0131n\u0131 kendi cihaz\u0131ndan a\u00e7arak izledi\u011fini bildi\u011fini iddia etti.<\/p>\n\n\n\n<figure class=\"wp-block-image\"><img decoding=\"async\" src=\"https:\/\/foto.haberler.com\/crop\/640x360\/haber\/2026\/02\/13\/saglik-ocagindan-dinleme-cihazi-cikti-19563605_5478_m.jpg\" alt=\"Sa\u011fl\u0131k oca\u011f\u0131ndan dinleme cihaz\u0131 \u00e7\u0131kt\u0131\"\/><\/figure>\n\n\n\n<h3 class=\"wp-block-heading\">C\u0130HAZ POL\u0130S TARAFINDAN MUHAFAZAYA ALINDI<\/h3>\n\n\n\n<p>\u0130hbar \u00fczerine sa\u011fl\u0131k oca\u011f\u0131na gelen polis ekipleri, s\u00f6z konusu siyah renkli ve \u0131\u015f\u0131kl\u0131 cihaz\u0131 muhafaza alt\u0131na ald\u0131. Yap\u0131lan ilk incelemede cihaz\u0131n ortam dinlemesinde kullan\u0131labilecek nitelikte oldu\u011fu de\u011ferlendirildi. Olay kapsam\u0131nda sa\u011fl\u0131k oca\u011f\u0131nda g\u00f6revli personelin ifadelerine ba\u015fvuruldu\u011fu, polis ekiplerinin olayla ilgili incelemesinin ve adli s\u00fcrecin devam etti\u011fi \u00f6\u011frenildi.<\/p>\n\n\n\n<figure class=\"wp-block-image\"><img decoding=\"async\" src=\"https:\/\/foto.haberler.com\/crop\/640x853\/haber\/2026\/02\/13\/saglik-ocagindan-dinleme-cihazi-cikti-19563605_3093_m.jpg\" alt=\"Sa\u011fl\u0131k oca\u011f\u0131ndan dinleme cihaz\u0131 \u00e7\u0131kt\u0131\"\/><\/figure>\n\n\n\n<p>Kaynak: \u0130hlas Haber Ajans\u0131<\/p>\n\n\n\n<p><\/p>\n","protected":false},"excerpt":{"rendered":"<p>\u0130stanbul&#8217;un Arnavutk\u00f6y il\u00e7esinde bulunan Cavit Be\u015fkarde\u015f Aile Sa\u011fl\u0131\u011f\u0131 Merkezi&#8217;nde doktorlar\u0131n dinlenme odas\u0131nda ortam dinleme cihaz\u0131 bulundu. Doktorlar\u0131 \u015fa\u015f\u0131rtan olayla ilgili soru\u015fturma ba\u015flat\u0131l\u0131rken polis cihaza el koydu. Arnavutk\u00f6y Mehmet Akif Ersoy Mahallesi&#8217;nde bulunan Cavit Be\u015fkarde\u015f Aile Sa\u011fl\u0131\u011f\u0131 Merkezi&#8217;nde temizlik g\u00f6revlisi C.A., doktorlar\u0131n dinlenme odas\u0131nda temizlik yapt\u0131\u011f\u0131 s\u0131rada siyah renkli, \u0131\u015f\u0131klar\u0131 yan\u0131p s\u00f6nen bir cihaz fark etti. [&hellip;]<\/p>\n","protected":false},"author":1,"featured_media":9671,"comment_status":"open","ping_status":"open","sticky":false,"template":"","format":"standard","meta":{"footnotes":""},"categories":[1],"tags":[4045,4046,4047,1335],"class_list":["post-9670","post","type-post","status-publish","format-standard","has-post-thumbnail","hentry","category-gundem","tag-arnavutkoy","tag-cavit-beskardes-aile-sagligi-merkezi","tag-dinleme-cihazi","tag-istanbul"],"_links":{"self":[{"href":"https:\/\/www.trabzonmanset.com\/index.php\/wp-json\/wp\/v2\/posts\/9670","targetHints":{"allow":["GET"]}}],"collection":[{"href":"https:\/\/www.trabzonmanset.com\/index.php\/wp-json\/wp\/v2\/posts"}],"about":[{"href":"https:\/\/www.trabzonmanset.com\/index.php\/wp-json\/wp\/v2\/types\/post"}],"author":[{"embeddable":true,"href":"https:\/\/www.trabzonmanset.com\/index.php\/wp-json\/wp\/v2\/users\/1"}],"replies":[{"embeddable":true,"href":"https:\/\/www.trabzonmanset.com\/index.php\/wp-json\/wp\/v2\/comments?post=9670"}],"version-history":[{"count":1,"href":"https:\/\/www.trabzonmanset.com\/index.php\/wp-json\/wp\/v2\/posts\/9670\/revisions"}],"predecessor-version":[{"id":9672,"href":"https:\/\/www.trabzonmanset.com\/index.php\/wp-json\/wp\/v2\/posts\/9670\/revisions\/9672"}],"wp:featuredmedia":[{"embeddable":true,"href":"https:\/\/www.trabzonmanset.com\/index.php\/wp-json\/wp\/v2\/media\/9671"}],"wp:attachment":[{"href":"https:\/\/www.trabzonmanset.com\/index.php\/wp-json\/wp\/v2\/media?parent=9670"}],"wp:term":[{"taxonomy":"category","embeddable":true,"href":"https:\/\/www.trabzonmanset.com\/index.php\/wp-json\/wp\/v2\/categories?post=9670"},{"taxonomy":"post_tag","embeddable":true,"href":"https:\/\/www.trabzonmanset.com\/index.php\/wp-json\/wp\/v2\/tags?post=9670"}],"curies":[{"name":"wp","href":"https:\/\/api.w.org\/{rel}","templated":true}]}}