{"id":9665,"date":"2026-02-13T12:19:00","date_gmt":"2026-02-13T09:19:00","guid":{"rendered":"https:\/\/www.trabzonmanset.com\/?p=9665"},"modified":"2026-02-13T14:22:40","modified_gmt":"2026-02-13T11:22:40","slug":"nereden-nereye-bir-donem-firtina-gibiydi-simdi-yurumekte-zorlaniyor","status":"publish","type":"post","link":"https:\/\/www.trabzonmanset.com\/index.php\/2026\/02\/13\/nereden-nereye-bir-donem-firtina-gibiydi-simdi-yurumekte-zorlaniyor\/","title":{"rendered":"Nereden nereye! Bir d\u00f6nem f\u0131rt\u0131na gibiydi, \u015fimdi y\u00fcr\u00fcmekte zorlan\u0131yor"},"content":{"rendered":"\n<p>23 y\u0131l profesyonel Amerikan g\u00fcre\u015fi kariyerinden sonra John Cena&#8217;n\u0131n y\u00fcr\u00fcrken nas\u0131l zorland\u0131\u011f\u0131 anlar kameralara yans\u0131d\u0131. G\u00f6r\u00fcnt\u00fcy\u00fc izleyenler &#8220;Nereden nereye&#8221; demekten kendini alamad\u0131.<\/p>\n\n\n\n<figure class=\"wp-block-video\"><video controls src=\"https:\/\/www.trabzonmanset.com\/wp-content\/uploads\/2026\/02\/amerikan.mp4\"><\/video><\/figure>\n\n\n\n<ul class=\"wp-block-list\">\n<li>Profesyonel Amerikan g\u00fcre\u015f\u00e7isi John Cena&#8217;n\u0131n y\u00fcr\u00fcrken zorland\u0131\u011f\u0131 anlar kameralara yans\u0131d\u0131.<\/li>\n\n\n\n<li>John Cena, 23 y\u0131ll\u0131k profesyonel g\u00fcre\u015f kariyerine sahiptir.<\/li>\n\n\n\n<li>Sosyal medyada payla\u015f\u0131lan John Cena&#8217;n\u0131n yava\u015f ve temkinli ad\u0131mlarla ilerledi\u011fi g\u00f6r\u00fcnt\u00fcler geni\u015f kitlelere ula\u015ft\u0131.<\/li>\n<\/ul>\n\n\n\n<p>Profesyonel Amerikan g\u00fcre\u015finde 23 y\u0131ll\u0131k kariyere imza atan John Cena&#8217;n\u0131n y\u00fcr\u00fcrken zorland\u0131\u011f\u0131 anlar kameralara yans\u0131d\u0131. Sosyal medyada payla\u015f\u0131lan g\u00f6r\u00fcnt\u00fcler k\u0131sa s\u00fcrede geni\u015f kitlelere ula\u015ft\u0131. Ringlerdeki g\u00fc\u00e7l\u00fc performans\u0131yla haf\u0131zalara kaz\u0131nan Cena&#8217;n\u0131n yava\u015f ve temkinli ad\u0131mlarla ilerledi\u011fi g\u00f6r\u00fclen g\u00f6r\u00fcnt\u00fcler, hayranlar\u0131n\u0131 \u015fa\u015f\u0131rtt\u0131.<\/p>\n\n\n\n<figure class=\"wp-block-image\"><img decoding=\"async\" src=\"https:\/\/foto.haberler.com\/crop\/640x426\/haber\/2026\/02\/13\/nereden-nereye-bir-donem-firtina-gibiydi-simdi-19563350_7520_m.jpg\" alt=\"Nereden nereye! Bir d\u00f6nem f\u0131rt\u0131na gibiydi, \u015fimdi y\u00fcr\u00fcmekte zorlan\u0131yor\"\/><\/figure>\n\n\n\n<h3 class=\"wp-block-heading\">&#8220;NEREDEN NEREYE&#8221; YORUMLARI<\/h3>\n\n\n\n<p>Videoyu izleyen bir\u00e7ok ki\u015fi, y\u0131llar i\u00e7indeki de\u011fi\u015fime dikkat \u00e7ekerek &#8220;Nereden nereye&#8221; yorumunda bulundu. Baz\u0131 kullan\u0131c\u0131lar ise uzun y\u0131llar s\u00fcren yo\u011fun spor kariyerinin fiziksel etkilerine vurgu yapt\u0131.<\/p>\n\n\n\n<p><\/p>\n","protected":false},"excerpt":{"rendered":"<p>23 y\u0131l profesyonel Amerikan g\u00fcre\u015fi kariyerinden sonra John Cena&#8217;n\u0131n y\u00fcr\u00fcrken nas\u0131l zorland\u0131\u011f\u0131 anlar kameralara yans\u0131d\u0131. G\u00f6r\u00fcnt\u00fcy\u00fc izleyenler &#8220;Nereden nereye&#8221; demekten kendini alamad\u0131. Profesyonel Amerikan g\u00fcre\u015finde 23 y\u0131ll\u0131k kariyere imza atan John Cena&#8217;n\u0131n y\u00fcr\u00fcrken zorland\u0131\u011f\u0131 anlar kameralara yans\u0131d\u0131. Sosyal medyada payla\u015f\u0131lan g\u00f6r\u00fcnt\u00fcler k\u0131sa s\u00fcrede geni\u015f kitlelere ula\u015ft\u0131. Ringlerdeki g\u00fc\u00e7l\u00fc performans\u0131yla haf\u0131zalara kaz\u0131nan Cena&#8217;n\u0131n yava\u015f ve temkinli [&hellip;]<\/p>\n","protected":false},"author":1,"featured_media":9667,"comment_status":"open","ping_status":"open","sticky":false,"template":"","format":"standard","meta":{"footnotes":""},"categories":[127,9,1349],"tags":[4043,4042,4044],"class_list":["post-9665","post","type-post","status-publish","format-standard","has-post-thumbnail","hentry","category-dunya","category-video-galeri","category-yasam","tag-amerikan-guresi","tag-john-cena","tag-profesyonel-amerikan-gurescisi"],"_links":{"self":[{"href":"https:\/\/www.trabzonmanset.com\/index.php\/wp-json\/wp\/v2\/posts\/9665","targetHints":{"allow":["GET"]}}],"collection":[{"href":"https:\/\/www.trabzonmanset.com\/index.php\/wp-json\/wp\/v2\/posts"}],"about":[{"href":"https:\/\/www.trabzonmanset.com\/index.php\/wp-json\/wp\/v2\/types\/post"}],"author":[{"embeddable":true,"href":"https:\/\/www.trabzonmanset.com\/index.php\/wp-json\/wp\/v2\/users\/1"}],"replies":[{"embeddable":true,"href":"https:\/\/www.trabzonmanset.com\/index.php\/wp-json\/wp\/v2\/comments?post=9665"}],"version-history":[{"count":1,"href":"https:\/\/www.trabzonmanset.com\/index.php\/wp-json\/wp\/v2\/posts\/9665\/revisions"}],"predecessor-version":[{"id":9669,"href":"https:\/\/www.trabzonmanset.com\/index.php\/wp-json\/wp\/v2\/posts\/9665\/revisions\/9669"}],"wp:featuredmedia":[{"embeddable":true,"href":"https:\/\/www.trabzonmanset.com\/index.php\/wp-json\/wp\/v2\/media\/9667"}],"wp:attachment":[{"href":"https:\/\/www.trabzonmanset.com\/index.php\/wp-json\/wp\/v2\/media?parent=9665"}],"wp:term":[{"taxonomy":"category","embeddable":true,"href":"https:\/\/www.trabzonmanset.com\/index.php\/wp-json\/wp\/v2\/categories?post=9665"},{"taxonomy":"post_tag","embeddable":true,"href":"https:\/\/www.trabzonmanset.com\/index.php\/wp-json\/wp\/v2\/tags?post=9665"}],"curies":[{"name":"wp","href":"https:\/\/api.w.org\/{rel}","templated":true}]}}