{"id":9629,"date":"2026-02-12T19:54:00","date_gmt":"2026-02-12T16:54:00","guid":{"rendered":"https:\/\/www.trabzonmanset.com\/?p=9629"},"modified":"2026-02-12T22:55:50","modified_gmt":"2026-02-12T19:55:50","slug":"ateskesi-ihlal-eden-israil-ordusu-gazze-seridine-yonelik-saldirilarini-surduruyor","status":"publish","type":"post","link":"https:\/\/www.trabzonmanset.com\/index.php\/2026\/02\/12\/ateskesi-ihlal-eden-israil-ordusu-gazze-seridine-yonelik-saldirilarini-surduruyor\/","title":{"rendered":"Ate\u015fkesi ihlal eden \u0130srail ordusu Gazze \u015eeridi&#8217;ne y\u00f6nelik sald\u0131r\u0131lar\u0131n\u0131 s\u00fcrd\u00fcr\u00fcyor"},"content":{"rendered":"\n<p>Gazze \u015eeridi\u2019nde \u0130srail ordusunun ate\u015fkesi ihlal ederek farkl\u0131 b\u00f6lgelere y\u00f6nelik sald\u0131r\u0131lar\u0131n\u0131 s\u00fcrd\u00fcrd\u00fc\u011f\u00fc bildirildi.<\/p>\n\n\n\n<p>\u0130srail, Gazze&#8217;de 10 Ekim 2025&#8217;te y\u00fcr\u00fcrl\u00fc\u011fe giren ate\u015fkesi ihlal etmeyi s\u00fcrd\u00fcr\u00fcyor.<\/p>\n\n\n\n<p>Sa\u011fl\u0131k kaynaklar\u0131n\u0131n verdi\u011fi bilgiye g\u00f6re, \u0130srail askerine ait ara\u00e7lardan g\u00fcneydeki El-Meslah b\u00f6lgesinde yerinden edilmi\u015f Filistinlilerin kald\u0131\u011f\u0131 \u00e7ad\u0131rlara yo\u011fun ate\u015f a\u00e7\u0131ld\u0131.<\/p>\n\n\n\n<p>Sald\u0131r\u0131larda ikisi \u00e7ocuk ve biri kad\u0131n; yaralanan 3 Filistinli, Han Yunus&#8217;taki Nas\u0131r Hastanesine kald\u0131r\u0131ld\u0131.<\/p>\n\n\n\n<p>\u0130srail ordusu, Han Yunus&#8217;un do\u011fusunda kontrol\u00fcndeki b\u00f6lgelere sava\u015f u\u00e7aklar\u0131yla da sald\u0131r\u0131 d\u00fczenledi.<\/p>\n\n\n\n<p>Refah \u015fehrinin bat\u0131 b\u00f6lgeleri ise yo\u011fun top\u00e7u ate\u015fine maruz kal\u0131rken, bu sald\u0131r\u0131larda can kayb\u0131 ve yaralanma olup olmad\u0131\u011f\u0131na ili\u015fkin bilgi payla\u015f\u0131lmad\u0131.<\/p>\n\n\n\n<p>\u0130srail top\u00e7ular\u0131 ise Cibaliye Kamp\u0131&#8217;n\u0131n do\u011fu b\u00f6lgelerini bombalad\u0131.<\/p>\n\n\n\n<p>\u0130srail ordusu, kuzeydeki Gazze kentinin Tuffah Mahalesi&#8217;nde a\u00e7t\u0131\u011f\u0131 ate\u015f sonucu Muhammed Selim Debabi\u015f isimli gen\u00e7 ya\u015fam\u0131n\u0131 yitirdi. Debabi\u015f&#8217;in cenazesi Baptis Hastanesine kald\u0131r\u0131ld\u0131.<\/p>\n\n\n\n<p>Gazze \u015eeridi&#8217;nin orta kesimindeki Burec M\u00fclteci Kamp\u0131&#8217;nda da \u0130srail ordusunun sivilleri hedef alan sald\u0131r\u0131s\u0131nda 4 ki\u015fi yaraland\u0131.<\/p>\n\n\n\n<p>Burec M\u00fclteci Kamp\u0131&#8217;nda yaralananlar, b\u00f6lgedeki Aksa \u015eehitleri Hastanesine kald\u0131r\u0131ld\u0131.<\/p>\n\n\n\n<h3 class=\"wp-block-heading\">\u0130srail ordusu, i\u015fgal alt\u0131ndaki Bat\u0131 \u015eeria&#8217;daki bask\u0131nlarda 27 Filistinliyi g\u00f6zalt\u0131na ald\u0131<\/h3>\n\n\n\n<p>\u0130srail ordusu, i\u015fgal alt\u0131ndaki Bat\u0131 \u015eeria&#8217;da d\u00fczenledi\u011fi bask\u0131nlarda aralar\u0131nda 2 kad\u0131n\u0131n da oldu\u011fu 27 Filistinliyi g\u00f6zalt\u0131na ald\u0131.<\/p>\n\n\n\n<p>Filistin resmi ajans\u0131 WAFA&#8217;da yer haberde, \u0130srail ordusunun, Bat\u0131 \u015eeria&#8217;n\u0131n Nablus, Tubas, Tulkerim ve Eriha kentlerinde Filistinlilerin evlerine bask\u0131nlar d\u00fczenledi\u011fi belirtildi.<\/p>\n\n\n\n<p>Nablus&#8217;taki bask\u0131nlarda 17 Filistinlinin g\u00f6zalt\u0131na al\u0131nd\u0131\u011f\u0131 aktar\u0131lan haberde, s\u00f6z konusu ki\u015filer aras\u0131nda Asira e\u015f-\u015eimaliye Belediye Ba\u015fkan Yard\u0131mc\u0131s\u0131 Bera Ceraria&#8217;n\u0131n da oldu\u011fu ifade edildi.<\/p>\n\n\n\n<p>\u0130srail g\u00fc\u00e7lerinin Tubas kentindeki el-Faria M\u00fclteci Kamp\u0131&#8217;nda d\u00fczenledi\u011fi bask\u0131nda da biri gen\u00e7, 6 Filistinliyi g\u00f6zalt\u0131na ald\u0131\u011f\u0131, Tulkerim kentinde evine yap\u0131lan bask\u0131nda ise bir gencin al\u0131konuldu\u011fu kaydedildi.<\/p>\n\n\n\n<p>Haberde, Eriha kentinde de \u0130srail g\u00fc\u00e7lerinin bir eve bask\u0131n yaparak Filistinli bir genci g\u00f6zalt\u0131na ald\u0131\u011f\u0131 belirtildi.<\/p>\n\n\n\n<p>AA&#8217;n\u0131n yerel kaynaklardan edindi\u011fi bilgiye g\u00f6re ise \u0130srail askerleri, El Halil kentinin g\u00fcneyindeki el-Fevvar M\u00fclteci Kamp\u0131&#8217;na d\u00fczenledi\u011fi bask\u0131nda \u00fcniversite \u00f6\u011frencisi gen\u00e7 bir k\u0131z ile di\u011fer bir genci g\u00f6zalt\u0131na ald\u0131.<\/p>\n\n\n\n<p>\u0130srail ordusunun Gazze \u015eeridi&#8217;ne sald\u0131r\u0131 ba\u015flatt\u0131\u011f\u0131 Ekim 2023&#8217;ten bu yana i\u015fgal alt\u0131ndaki Bat\u0131 \u015eeria ile Do\u011fu Kud\u00fcs&#8217;te de Filistinlilere y\u00f6nelik g\u00f6zalt\u0131, bask\u0131n ve sald\u0131r\u0131larda art\u0131\u015f ya\u015fan\u0131yor.<\/p>\n\n\n\n<h3 class=\"wp-block-heading\">Filistinliler, Gazze&#8217;ye d\u00f6n\u00fc\u015fte Refah Kap\u0131s\u0131&#8217;nda \u0130srail&#8217;in bask\u0131 ve tehditlerine maruz kal\u0131yor<\/h3>\n\n\n\n<p>\u0130srail&#8217;in Gazze \u015eeridi ile M\u0131s\u0131r aras\u0131ndaki Refah S\u0131n\u0131r Kap\u0131s\u0131&#8217;n\u0131 iki y\u0131l boyunca i\u015fgal alt\u0131nda tuttuktan sonra s\u0131n\u0131rl\u0131 ge\u00e7i\u015flere a\u00e7mas\u0131n\u0131n ard\u0131ndan Gazze\u2019ye d\u00f6nmek isteyen Filistinliler s\u0131n\u0131rda \u0130srail ordusu ve destekledi\u011fi Ebu \u015eebab milislerinin taciz, i\u015fkence ve ya\u011fmas\u0131na maruz kalarak uzun bir yolu ge\u00e7mek zorunda kal\u0131yor.<\/p>\n\n\n\n<p>Haaretz gazetesinin haberinde, ABD Ba\u015fkan\u0131 Donald Trump Gazze plan\u0131 \u00e7er\u00e7evesinde ate\u015fkesin ikinci a\u015famas\u0131nda gecikmeli ve s\u0131n\u0131rl\u0131 bir \u015fekilde a\u00e7\u0131lan Refah S\u0131n\u0131r Kap\u0131s\u0131&#8217;ndan ge\u00e7i\u015f s\u00fcrecinin detaylar\u0131 ele al\u0131nd\u0131.<\/p>\n\n\n\n<p>Habere g\u00f6re, Gazze \u015eeridi&#8217;ndeki evlerine d\u00f6nmek isteyen Filistinliler, s\u0131n\u0131rda \u0130srail askerleri ve destekledikleri milislerin tehdit, i\u015fkence ve k\u00f6t\u00fc muamelesine maruz kalarak 15 kilometrelik bir g\u00fczergah\u0131 ge\u00e7mek zorunda kal\u0131yor.<\/p>\n\n\n\n<p>\u00d6te yandan Gazze&#8217;ye ge\u00e7en Filistinliler yerel bas\u0131na, Kahire&#8217;deki Filistin B\u00fcy\u00fckel\u00e7ili\u011finin kendilerinden gece saatlerinde Refah yak\u0131nlar\u0131ndaki M\u0131s\u0131r&#8217;\u0131n El-Ari\u015f kentine gelmelerini istedi\u011fini dile getirdi.<\/p>\n\n\n\n<p>M\u0131s\u0131r taraf\u0131ndaki i\u015flemlerin ard\u0131ndan Filistinliler Gazze taraf\u0131nda da kontrol noktas\u0131ndan ge\u00e7iriliyor. Gazze taraf\u0131ndaki i\u015flemler, Avrupa Birli\u011fi (AB) Refah S\u0131n\u0131r Kap\u0131s\u0131 S\u0131n\u0131r Yard\u0131m Misyonu (EUBAM) g\u00f6zetiminde Filistin Y\u00f6netimi personeli taraf\u0131ndan y\u00fcr\u00fct\u00fcl\u00fcyor. Bu alanda \u0130srail askerleri bulunmuyor.<\/p>\n\n\n\n<p>Bu a\u015famadan sonra \u0130srail ordusu i\u015fgalindeki b\u00f6lgeye ge\u00e7en Filistinliler, Selahaddin Caddesi \u00fczerinden yakla\u015f\u0131k 5 kilometre uzakl\u0131ktaki \u0130srail ordusuna ait kontrol noktas\u0131na otob\u00fcslerle ta\u015f\u0131n\u0131yor.<\/p>\n\n\n\n<p>Filistinlilerin tan\u0131kl\u0131klar\u0131, \u0130srail ordusunun kurdu\u011fu kontrol noktas\u0131na ula\u015fmadan \u00f6nce Tel Aviv y\u00f6netimi destekli Ebu \u015eebab milislerinin s\u00f6zl\u00fc ve fiziksel tacizlerine maruz kald\u0131klar\u0131 bir s\u00fcre\u00e7ten de ge\u00e7tiklerini ortaya koydu.<\/p>\n\n\n\n<p>BM \u0130nsan Haklar\u0131 Ofisi, Gazze\u2019ye d\u00f6nen Filistinlilerin milisler taraf\u0131ndan kelep\u00e7elendi\u011fine, g\u00f6zlerinin ba\u011fland\u0131\u011f\u0131na ve tehdit edildi\u011fine ili\u015fkin kan\u0131tlar oldu\u011funu duyurdu.<\/p>\n\n\n\n<p>Gazze\u2019ye d\u00f6nen baz\u0131 Filistinliler ise Ebu \u015eebab milislerinin valizleri arad\u0131\u011f\u0131 ve ki\u015fisel e\u015fya ve paralara el koydu\u011funu belirtti.<\/p>\n\n\n\n<h3 class=\"wp-block-heading\">\u0130srail&#8217;den Gazze&#8217;ye d\u00f6nenlere kelep\u00e7eli ve g\u00f6zleri ba\u011fl\u0131 sorgu<\/h3>\n\n\n\n<p>Haaretz gazetesine g\u00f6re, Ebu \u015eebab milisleri taraf\u0131ndan \u0130srail ordusunun &#8220;Nekaz Regavim&#8221; olarak adland\u0131rd\u0131\u011f\u0131 kontrol noktas\u0131na getirilen Filistinliler, burada saatler s\u00fcren sorgusu, g\u00f6zleri ba\u011fl\u0131 ve kelep\u00e7eli \u00fcst aramalar\u0131na maruz kal\u0131yor.<\/p>\n\n\n\n<p>Arap bas\u0131n\u0131na konu\u015fan baz\u0131 Filistinliler ise sorgu s\u0131ras\u0131nda uzun s\u00fcre bekletildiklerini ve sa\u011fl\u0131k sorunlar\u0131na ra\u011fmen hareket etmelerine izin verilmedi\u011fini ifade etti.<\/p>\n\n\n\n<p>Birle\u015fmi\u015f Milletlerin (BM) 5 \u015eubat\u2019ta yay\u0131mlad\u0131\u011f\u0131 raporda, Gazze\u2019ye d\u00f6nenlerin \u201c\u015fiddet, k\u00fc\u00e7\u00fck d\u00fc\u015f\u00fcr\u00fcc\u00fc sorgular ve baz\u0131 durumlarda g\u00f6zleri ba\u011fl\u0131 ve kelep\u00e7eli \u015fekilde \u00fcst aramas\u0131\u201d uygulamalar\u0131na maruz kald\u0131klar\u0131n\u0131 aktard\u0131klar\u0131 kaydedildi.<\/p>\n\n\n\n<p>Raporda ayr\u0131ca baz\u0131 ki\u015filerin t\u0131bbi yard\u0131ma ve tuvalete eri\u015fiminin engellendi\u011fi, bunun da &#8220;a\u015f\u0131r\u0131 a\u015fa\u011f\u0131lay\u0131c\u0131&#8221; durumlara yol a\u00e7t\u0131\u011f\u0131 belirtildi.<\/p>\n\n\n\n<p>Filistinlilerin tan\u0131kl\u0131klar\u0131na yer veren raporda, \u0130srail&#8217;in Gazze\u2019ye ge\u00e7enlere aileleriyle birlikte yeniden M\u0131s\u0131r&#8217;a d\u00f6nmeleri ve bir daha Gazze&#8217;ye gelmemeleri kar\u015f\u0131l\u0131\u011f\u0131nda para teklif etti\u011finin alt\u0131n\u0131 \u00e7izdi. Baz\u0131 Filistinlilere ise \u0130srail ordusuna muhbirlik yapmalar\u0131 y\u00f6n\u00fcnde teklif yap\u0131ld\u0131\u011f\u0131n\u0131 aktar\u0131ld\u0131.<\/p>\n\n\n\n<p>\u0130srail\u2019in i\u015fkenceye varan sorgusundan ge\u00e7en Filistinliler, son olarak BM Kalk\u0131nma Program\u0131 (UNDP) personelinin refakatinde otob\u00fcslerle Gazze\u2019de \u0130srail ve Hamas kontrol\u00fcndeki b\u00f6lgeleri ay\u0131ran \u201cSar\u0131 Hat\u201d\u0131 ge\u00e7erek, Han Yunus\u2019taki Nas\u0131r Hastanesine getiriliyor.<\/p>\n\n\n\n<h3 class=\"wp-block-heading\">\u0130srail g\u00fc\u00e7leri, hapishanede bir deri bir kemik kalan Kassam liderlerinden Bergusi&#8217;yi sol g\u00f6z\u00fcnden yaralad\u0131<\/h3>\n\n\n\n<p>Hamas Hareketi&#8217;nin askeri kanad\u0131 \u0130zzeddin el-Kassam Tugaylar\u0131 liderlerinden Abdullah el-Bergusi&#8217;nin, tutuldu\u011fu \u0130srail Gilboa Hapishanesi&#8217;nde bask\u0131n s\u0131ras\u0131nda yaraland\u0131\u011f\u0131 bildirildi.<\/p>\n\n\n\n<p>Filistinli Esirler Medya Ofisinden yap\u0131lan yaz\u0131l\u0131 a\u00e7\u0131klamada, &#8220;ziyaret\u00e7i salonuna olduk\u00e7a yorgun ve bitkin bir \u015fekilde geldi\u011fi&#8221; belirtildi.<\/p>\n\n\n\n<p>A\u00e7\u0131klamada, Bergusi&#8217;nin yaralanmas\u0131 \u015fu ifadelerle aktar\u0131ld\u0131:<\/p>\n\n\n\n<p>&#8220;Bergusi&#8217;nin, sol g\u00f6z\u00fcnden yaraland\u0131\u011f\u0131 a\u00e7\u0131k bir \u015fekilde g\u00f6r\u00fcl\u00fcyordu. Bask\u0131n operasyonuyla e\u015fzamanl\u0131 gelen ziyaret\u00e7iyle g\u00f6r\u00fc\u015fmeye \u00e7\u0131kt\u0131\u011f\u0131 s\u0131rada ba\u015f\u0131n\u0131 kap\u0131ya vurdu\u011fu i\u00e7in \u00fczerinde kan izleri de vard\u0131.&#8221;<\/p>\n\n\n\n<p>Bergusi&#8217;nin 110 kilogramdan 60 kilograma d\u00fc\u015ft\u00fc\u011f\u00fcne dikkat \u00e7ekilen a\u00e7\u0131klamada, bunun ihmal ve k\u00f6t\u00fc beslenme sonucunda olduk\u00e7a tehlikeli sa\u011fl\u0131k sorunlar\u0131 ya\u015fad\u0131\u011f\u0131n\u0131n i\u015fareti oldu\u011fu kaydedildi.<\/p>\n\n\n\n<p>A\u00e7\u0131klamada, hapishanenin en d\u00fc\u015f\u00fck seviyede dahi ya\u015fam \u015fartlar\u0131na sahip olmad\u0131\u011f\u0131n\u0131n alt\u0131 \u00e7izildi.<\/p>\n\n\n\n<p>Abdullah el-Bergusi, 67 kez \u00f6m\u00fcr boyu hapis cezas\u0131na \u00e7arpt\u0131r\u0131ld\u0131. \u0130srail hapishanelerindeki en fazla ceza alan Filistinli esir durumunda.<\/p>\n\n\n\n<p>\u0130zzeddin el-Kassam Tugaylar\u0131&#8217;n\u0131n liderlerinden ve Ramallahl\u0131 olan Bergusi, 2003 y\u0131l\u0131nda tutukland\u0131.<\/p>\n\n\n\n<h3 class=\"wp-block-heading\">Filistinli anne ve k\u0131z\u0131, \u0130srail hapishanelerinde \u00e7\u0131plak arama ve psikolojik bask\u0131ya maruz kald\u0131<\/h3>\n\n\n\n<p>Filistinli bir anne ve k\u0131z\u0131, \u0130srail hapishanelerinde maruz kald\u0131klar\u0131 hak ihlallerini anlatarak, \u00e7\u0131plak arama, psikolojik bask\u0131 ve zorlu tutukluluk ko\u015fullar\u0131na maruz kald\u0131klar\u0131n\u0131 belirtti.<\/p>\n\n\n\n<p>Filistin Kurtulu\u015f \u00d6rg\u00fct\u00fc&#8217;ne (FK\u00d6) ba\u011fl\u0131 Filistin Esirler ve Serbest B\u0131rak\u0131lanlar Heyeti&#8217;nden yap\u0131lan yaz\u0131l\u0131 a\u00e7\u0131klamada, i\u015fgal alt\u0131ndaki Bat\u0131 \u015eeria&#8217;n\u0131n kuzeyinde g\u00f6zalt\u0131na al\u0131nan 55 ya\u015f\u0131ndaki Amine Suveylem ve 22 ya\u015f\u0131ndaki k\u0131z\u0131 Ayet&#8217;in \u0130srail hapishanelerinde ya\u015fad\u0131klar\u0131 aktar\u0131ld\u0131.<\/p>\n\n\n\n<p>Filistin Esirler ve Serbest B\u0131rak\u0131lanlar Heyeti&#8217;nden avukat\u0131n Damon Hapishanesi&#8217;nde ger\u00e7ekle\u015ftirdi\u011fi ziyaret sonras\u0131 payla\u015f\u0131lan bilgilere g\u00f6re Amine Suveylem, \u00e7ok say\u0131da \u0130srail askerinin g\u00f6zalt\u0131 s\u0131ras\u0131nda Nablus&#8217;taki evlerine bask\u0131n d\u00fczenledi\u011fini, kap\u0131y\u0131 k\u0131rd\u0131\u011f\u0131n\u0131, kendilerini kelep\u00e7eleyerek k\u0131z\u0131yla ayr\u0131 askeri ara\u00e7larla g\u00f6t\u00fcr\u00fcld\u00fc\u011f\u00fcn\u00fc anlatt\u0131.<\/p>\n\n\n\n<p>Suveylem, nakil s\u0131ras\u0131nda askeri arac\u0131n zemininde oturtuldu\u011funu belirterek, bu durumun &#8220;omzunda hala devam eden a\u011fr\u0131lara yol a\u00e7t\u0131\u011f\u0131n\u0131&#8221; kaydetti.<\/p>\n\n\n\n<p>K\u0131z\u0131n\u0131n g\u00f6z\u00fc \u00f6n\u00fcnde uzun s\u00fcreli sorguya \u00e7ekildi\u011fini s\u00f6yleyen Suveylem, &#8220;a\u015f\u0131r\u0131 psikolojik bask\u0131ya maruz kald\u0131\u011f\u0131n\u0131&#8221; ifade etti.<\/p>\n\n\n\n<p>K\u0131z\u0131 Ayet ise nakledilmeden \u00f6nce evde saha sorgusuna al\u0131nd\u0131\u011f\u0131n\u0131, ard\u0131ndan Hayfa ile Nas\u0131ra aras\u0131ndaki el-Calama G\u00f6zalt\u0131 Merkezi&#8217;ne g\u00f6t\u00fcr\u00fcld\u00fc\u011f\u00fcn\u00fc ve yo\u011fun psikolojik bask\u0131 g\u00f6rd\u00fc\u011f\u00fcn\u00fc belirtti.<\/p>\n\n\n\n<p>A\u00e7\u0131klamada, anne ve k\u0131z\u0131n el-Calama&#8217;da h\u00fccre hapsinde tutulduklar\u0131 ve bu s\u00fcre\u00e7te sadece 3 g\u00fcn bir araya gelmelerine izin verildi\u011fi bilgisi verildi.<\/p>\n\n\n\n<p>H\u00fccreleri &#8220;dar, so\u011fuk, duvarlar\u0131 sert, yataklar\u0131 ince ve kirli&#8221; olarak nitelendiren Filistinli anne ve k\u0131z\u0131, yemeklerin az ve kalitesiz oldu\u011funu vurgulad\u0131.<\/p>\n\n\n\n<p>Filistinli anne ve k\u0131z\u0131 daha sonra Damon Hapishanesi&#8217;ne nakledildiklerini, \u00e7\u0131plak aramaya maruz kald\u0131klar\u0131n\u0131, ard\u0131ndan kad\u0131nlar ko\u011fu\u015funda iki ayr\u0131 odaya konduklar\u0131n\u0131 ve odalar aras\u0131 ileti\u015fimin yasakland\u0131\u011f\u0131 vurgulad\u0131.<\/p>\n\n\n\n<h3 class=\"wp-block-heading\">Kad\u0131n esirlere i\u015fkence ve insanl\u0131k d\u0131\u015f\u0131 uygulamalar<\/h3>\n\n\n\n<p>Filistin Esirler ve Serbest B\u0131rak\u0131lanlar Heyeti, daha \u00f6nce yapt\u0131\u011f\u0131 a\u00e7\u0131klamada, \u0130srail\u2019in Damon Hapishanesi&#8217;nde tutulan ve say\u0131lar\u0131 50\u2019yi bulan Filistinli kad\u0131n esirlerin de gaz s\u0131kma, darp, kelep\u00e7eleme ve so\u011fukta zorla bekletme gibi sistematik sald\u0131r\u0131lara maruz kald\u0131\u011f\u0131n\u0131 a\u00e7\u0131klam\u0131\u015ft\u0131.<\/p>\n\n\n\n<p>Kad\u0131n tutuklular\u0131n hijyen malzemeleri ile sa\u011fl\u0131k hizmetlerinden mahrum b\u0131rak\u0131ld\u0131\u011f\u0131 aktar\u0131lan a\u00e7\u0131klamada tutuklular aras\u0131nda kanser gibi kronik hastal\u0131klar\u0131 bulunan kad\u0131nlar\u0131n da yer ald\u0131\u011f\u0131 belirtilmi\u015fti.<\/p>\n\n\n\n<p>Kaynak: AA<\/p>\n","protected":false},"excerpt":{"rendered":"<p>Gazze \u015eeridi\u2019nde \u0130srail ordusunun ate\u015fkesi ihlal ederek farkl\u0131 b\u00f6lgelere y\u00f6nelik sald\u0131r\u0131lar\u0131n\u0131 s\u00fcrd\u00fcrd\u00fc\u011f\u00fc bildirildi. \u0130srail, Gazze&#8217;de 10 Ekim 2025&#8217;te y\u00fcr\u00fcrl\u00fc\u011fe giren ate\u015fkesi ihlal etmeyi s\u00fcrd\u00fcr\u00fcyor. Sa\u011fl\u0131k kaynaklar\u0131n\u0131n verdi\u011fi bilgiye g\u00f6re, \u0130srail askerine ait ara\u00e7lardan g\u00fcneydeki El-Meslah b\u00f6lgesinde yerinden edilmi\u015f Filistinlilerin kald\u0131\u011f\u0131 \u00e7ad\u0131rlara yo\u011fun ate\u015f a\u00e7\u0131ld\u0131. Sald\u0131r\u0131larda ikisi \u00e7ocuk ve biri kad\u0131n; yaralanan 3 Filistinli, Han Yunus&#8217;taki [&hellip;]<\/p>\n","protected":false},"author":1,"featured_media":9630,"comment_status":"open","ping_status":"open","sticky":false,"template":"","format":"standard","meta":{"footnotes":""},"categories":[127],"tags":[543,1573,2705,172],"class_list":["post-9629","post","type-post","status-publish","format-standard","has-post-thumbnail","hentry","category-dunya","tag-gazze","tag-gazze-seridi","tag-han-yunus","tag-israil"],"_links":{"self":[{"href":"https:\/\/www.trabzonmanset.com\/index.php\/wp-json\/wp\/v2\/posts\/9629","targetHints":{"allow":["GET"]}}],"collection":[{"href":"https:\/\/www.trabzonmanset.com\/index.php\/wp-json\/wp\/v2\/posts"}],"about":[{"href":"https:\/\/www.trabzonmanset.com\/index.php\/wp-json\/wp\/v2\/types\/post"}],"author":[{"embeddable":true,"href":"https:\/\/www.trabzonmanset.com\/index.php\/wp-json\/wp\/v2\/users\/1"}],"replies":[{"embeddable":true,"href":"https:\/\/www.trabzonmanset.com\/index.php\/wp-json\/wp\/v2\/comments?post=9629"}],"version-history":[{"count":1,"href":"https:\/\/www.trabzonmanset.com\/index.php\/wp-json\/wp\/v2\/posts\/9629\/revisions"}],"predecessor-version":[{"id":9631,"href":"https:\/\/www.trabzonmanset.com\/index.php\/wp-json\/wp\/v2\/posts\/9629\/revisions\/9631"}],"wp:featuredmedia":[{"embeddable":true,"href":"https:\/\/www.trabzonmanset.com\/index.php\/wp-json\/wp\/v2\/media\/9630"}],"wp:attachment":[{"href":"https:\/\/www.trabzonmanset.com\/index.php\/wp-json\/wp\/v2\/media?parent=9629"}],"wp:term":[{"taxonomy":"category","embeddable":true,"href":"https:\/\/www.trabzonmanset.com\/index.php\/wp-json\/wp\/v2\/categories?post=9629"},{"taxonomy":"post_tag","embeddable":true,"href":"https:\/\/www.trabzonmanset.com\/index.php\/wp-json\/wp\/v2\/tags?post=9629"}],"curies":[{"name":"wp","href":"https:\/\/api.w.org\/{rel}","templated":true}]}}