{"id":9623,"date":"2026-02-12T15:45:00","date_gmt":"2026-02-12T12:45:00","guid":{"rendered":"https:\/\/www.trabzonmanset.com\/?p=9623"},"modified":"2026-02-12T22:46:55","modified_gmt":"2026-02-12T19:46:55","slug":"cumhurbaskani-erdogan-birileri-kabul-etmeye-yanasmasa-da-uluslararasi-siyasette-son-yillarda-bir-turkiye-ruzgari-esiyor","status":"publish","type":"post","link":"https:\/\/www.trabzonmanset.com\/index.php\/2026\/02\/12\/cumhurbaskani-erdogan-birileri-kabul-etmeye-yanasmasa-da-uluslararasi-siyasette-son-yillarda-bir-turkiye-ruzgari-esiyor\/","title":{"rendered":"Cumhurba\u015fkan\u0131 Erdo\u011fan: &#8220;Birileri kabul etmeye yana\u015fmasa da uluslararas\u0131 siyasette son y\u0131llarda bir T\u00fcrkiye r\u00fczgar\u0131 esiyor&#8221;"},"content":{"rendered":"\n<p>Cumhurba\u015fkan\u0131 Recep Tayyip Erdo\u011fan, &#8220;Birileri kabul etmeye yana\u015fmasa da uluslararas\u0131 siyasette son y\u0131llarda bir T\u00fcrkiye r\u00fczgar\u0131 esiyor. B\u00f6lgesel krizlerin \u00e7\u00f6z\u00fcm aray\u0131\u015f\u0131nda T\u00fcrkiye&#8217;nin kap\u0131s\u0131 daha s\u0131k \u00e7al\u0131n\u0131yor&#8221; dedi.<\/p>\n\n\n\n<p>Cumhurba\u015fkan\u0131 Erdo\u011fan, AK Parti Kongre Merkezi\u2019nde ger\u00e7ekle\u015ftirilen AK Parti Geni\u015fletilmi\u015f \u0130l Ba\u015fkanlar\u0131 Toplant\u0131s\u0131\u2019na kat\u0131ld\u0131.<br><br>Burada konu\u015fan Erdo\u011fan, AK Parti olarak kadroyu g\u00fc\u00e7lendirmeye devam ettiklerini ve partiye y\u00f6nelik b\u00fcy\u00fck bir tevecc\u00fch\u00fcn s\u00f6z konusu oldu\u011funu belirterek, &#8220;Ge\u00e7en ay Grup Toplant\u0131m\u0131zda 3 yeni milletvekilimiz AK Parti saflar\u0131na dahil oldu. 4 il\u00e7e ve belde belediye ba\u015fkan\u0131m\u0131z da Merkez Karar ve Y\u00f6netim Kurulu (MKYK) toplant\u0131m\u0131zda AK Parti ailesine kat\u0131ld\u0131. T\u00fcrkiye Y\u00fczy\u0131l\u0131\u2019n\u0131n in\u015fas\u0131na omuz vermek i\u00e7in partimize intisap eden t\u00fcm arkada\u015flar\u0131m\u0131za bir kez daha ho\u015f geldiniz diyorum&#8221; ifadelerini kulland\u0131.<br><br><strong>&#8220;Bug\u00fcn siyasetin merkezi Cumhur \u0130ttifak\u0131\u2019d\u0131r&#8221;<\/strong><\/p>\n\n\n\n<p>Muhalefetin \u015fiddet, hakaret, ve tahrik dozu giderek artan propagandas\u0131na ra\u011fmen AK Parti\u2019nin ve Cumhur \u0130ttifak\u0131\u2019n\u0131n \u00e7ekim merkezi olmay\u0131 s\u00fcrd\u00fcrd\u00fc\u011f\u00fcne de\u011finen Erdo\u011fan, &#8220;AK Parti bug\u00fcn T\u00fcrkiye&#8217;nin hem en b\u00fcy\u00fck siyasi partisi hem de en kurumsal siyasi hareketidir. Cumhur \u0130ttifak\u0131 ise devletimizin bekas\u0131n\u0131n milletimizin birlik ve dirli\u011finin en sa\u011flam g\u00fcvencesidir. Bug\u00fcn siyasetin merkezi Cumhur \u0130ttifak\u0131&#8217;d\u0131r. \u015eayet AK Parti g\u00fc\u00e7l\u00fc, Cumhur \u0130ttifak\u0131 ayaktaysa evelallah 86 milyonun her bir ferdi g\u00fcvendedir. T\u00fcrkiye&#8217;nin ayd\u0131nl\u0131k yar\u0131nlar\u0131 teminat alt\u0131ndad\u0131r&#8221; dedi.<br><br><strong>&#8220;T\u00fcrkiye&#8217;nin en b\u00fcy\u00fck \u015fans\u0131 AK Parti ve Cumhur \u0130ttifak\u0131&#8217;d\u0131r&#8221;<\/strong><\/p>\n\n\n\n<p>B\u00f6lgedeki ve d\u00fcnyadaki geli\u015fmeleri, yak\u0131n takip ettiklerini, ezberlerin bozuldu\u011funu ve kurumlar\u0131n irtifa kaybetti\u011fini kaydeden Cumhurba\u015fkan\u0131 Erdo\u011fan, &#8220;Mevcut d\u00fczen temelden \u00e7at\u0131rdarken yerine ne gelece\u011fini kimse kestiremiyor. B\u00fct\u00fcn bunlara bakt\u0131\u011f\u0131m\u0131zda Cumhur \u0130ttifak\u0131&#8217;n\u0131n \u00fclkemiz ve milletimiz a\u00e7\u0131s\u0131ndan ne manaya geldi\u011fi \u00f6zellikle bug\u00fcnlerde daha iyi anla\u015f\u0131l\u0131yor. \u015euras\u0131 tart\u0131\u015fmas\u0131z bir hakikattir; belirsizliklerin k\u00fcresel d\u00fczeyde, artt\u0131\u011f\u0131 her g\u00fcn yeni bir krizin patlak verdi\u011fi, hakl\u0131n\u0131n g\u00fc\u00e7l\u00fc de\u011fil g\u00fc\u00e7l\u00fcn\u00fcn hakl\u0131 oldu\u011fu g\u00fcn\u00fcm\u00fcz jeopoliti\u011finde T\u00fcrkiye&#8217;nin en b\u00fcy\u00fck \u015fans\u0131 AK Parti ve Cumhur \u0130ttifak\u0131&#8217;d\u0131r. Tecr\u00fcbeli, liyakatli, d\u00fcr\u00fcst, \u00e7al\u0131\u015fkan kadrolar\u0131n i\u015f ba\u015f\u0131nda olmas\u0131d\u0131r&#8221; a\u00e7\u0131klamas\u0131nda bulundu.<br><br><strong>&#8220;Birileri kabul etmeye yana\u015fmasa da uluslararas\u0131 siyasette son y\u0131llarda bir T\u00fcrkiye r\u00fczgar\u0131 esiyor&#8221;<\/strong><\/p>\n\n\n\n<p>Son 10 y\u0131lda ya\u015fanan geli\u015fmelere de\u011finen ve geli\u015fmi\u015f \u00fclkeler dahil olmak \u00fczere d\u00fcnyan\u0131n herhangi ba\u015fka bir devletinin ba\u015f\u0131na gelse yerle yeksan olabilece\u011fi nice krizi ba\u015far\u0131yla y\u00f6nettiklerini s\u00f6yleyen Erdo\u011fan, &#8220;Do\u011fal afetinden sava\u015flara kadar en zorlu badirelerin \u00fcstesinden aln\u0131m\u0131z\u0131n ak\u0131yla geldik. T\u00fcrkiye&#8217;yi s\u0131cak \u00e7at\u0131\u015fmalar\u0131n taraf\u0131 haline getirmeye y\u00f6nelik tuzaklar\u0131n tamam\u0131n\u0131 bo\u015fa \u00e7\u0131kard\u0131k. Dengeli, itidalli ve stratejik akl\u0131 merkezi alan d\u0131\u015f siyasetimizle \u00fclkemizi krizlerin \u00e7\u00f6z\u00fcm\u00fcnde anahtar \u00fclke konumuna getirdik. Ana muhalefetin ba\u015f\u0131ndaki zat yabanc\u0131lar kar\u015f\u0131s\u0131nda \u015fekilden \u015fekle girerken biz her alanda T\u00fcrkiye&#8217;yi \u015fanla, \u015ferefle temsil ettik ve ettirdik. Birileri kabul etmeye yana\u015fmasa da uluslararas\u0131 siyasette son y\u0131llarda bir T\u00fcrkiye r\u00fczgar\u0131 esiyor. B\u00f6lgesel krizlerin \u00e7\u00f6z\u00fcm aray\u0131\u015f\u0131nda T\u00fcrkiye&#8217;nin kap\u0131s\u0131 daha s\u0131k \u00e7al\u0131n\u0131yor. T\u00fcrkiye&#8217;nin ne diyece\u011fi, nas\u0131l tav\u0131r alaca\u011f\u0131 dikkatle takip ediliyor. T\u00fcrkiye g\u00fcndemi belirlenen \u00fclke de\u011fil, g\u00fcndem belirleyen bir \u00fclke olarak ad\u0131ndan daha fazla s\u00f6z ettiriyor. Cenab\u0131 Allah&#8217;a ne kadar hamd etsek az&#8221; dedi.<br><br>T\u00fcrkiye\u2019nin \u015fanl\u0131 tarihine yak\u0131\u015f\u0131r bir bi\u00e7imde uluslararas\u0131 alanda g\u00fc\u00e7l\u00fc bir varl\u0131k g\u00f6sterdiklerini aktaran Ba\u015fkan Erdo\u011fan, gelecekte ay y\u0131ld\u0131zl\u0131 al bayra\u011f\u0131n daha gururla dalgalanaca\u011f\u0131n\u0131, b\u00fcy\u00fck ve g\u00fc\u00e7l\u00fc T\u00fcrkiye\u2019nin ayak seslerinin daha fazla duyulaca\u011f\u0131n\u0131 s\u00f6yledi. Erdo\u011fan, &#8220;K\u0131z\u0131l elmam\u0131z olan T\u00fcrkiye y\u00fczy\u0131l\u0131 kuvveden fiile ge\u00e7ene kadar durmadan duraksamadan \u00e7al\u0131\u015fmaya in\u015fallah devam edece\u011fiz&#8221; ifadelerini kulland\u0131.<br><br><strong>&#8220;Hi\u00e7bir g\u00f6rev di\u011ferinden \u00f6nemli veya \u00f6nemsiz de\u011fildir&#8221;<\/strong><\/p>\n\n\n\n<p>AK Parti\u2019nin bir kadro ve dava hareketi oldu\u011funu dile getiren Erdo\u011fan, s\u00f6zlerine \u015f\u00f6yle devam etti:<br>&#8220;K\u00f6k\u00fc mazide g\u00f6z\u00fc atide kutlu bir m\u00fccadelenin neferleriyiz. G\u00f6revi, unvan\u0131, makam\u0131 ne olursa olsun te\u015fkilat\u0131m\u0131z\u0131n her bir mensubu bu m\u00fccadelede son derece stratejik bir vazife icra etmektedir. Dolay\u0131s\u0131yla il, il\u00e7e ba\u015fkanl\u0131\u011f\u0131 ne kadar \u00f6nemliyse mahalle temsilcili\u011fi de o derece \u00f6nemlidir. Belediye ba\u015fkanl\u0131\u011f\u0131 ne kadar m\u00fchimse belediye ve il meclis \u00fcyeli\u011fi de o derece m\u00fchimdir. Sand\u0131k m\u00fc\u015fahitlerimizin yeri nas\u0131l doldurulamazsa elinde bro\u015f\u00fcrle kap\u0131 kap\u0131 dola\u015fan g\u00f6n\u00fcll\u00fclerimizin de yerini kimse alamaz. Hi\u00e7bir g\u00f6rev di\u011ferinden \u00f6nemli veya \u00f6nemsiz de\u011fildir. Mesele verilen g\u00f6revi en iyi \u015fekilde yerine getirmek, bulundu\u011fu konumda en ideali ortaya koymak, elinden gelenin en iyisini yapabilmektir. Mesele milletin bize emaneti olan hakk\u0131n\u0131 verebilmektir. Mesele a\u015fkla, sevdayla, heyecanla, sab\u0131r ve samimiyetle ko\u015fturmakt\u0131r. Mesele tevazuyu elden b\u0131rakmadan, kibre kap\u0131lmadan, niyeti ve istikameti bozmadan son ana kadar millete hizmetkar olabilmektir. Millete hizmet yolunda b\u0131kk\u0131nl\u0131\u011fa, yorgunlu\u011fa ve rehavete yer olmad\u0131\u011f\u0131n\u0131 hi\u00e7birimiz unutmamal\u0131y\u0131z. Bizim siyaset gelene\u011fimizde hi\u00e7bir mazeret ba\u015far\u0131n\u0131n yerini tutmaz. Sizlerden tarihi bir d\u00f6nemde T\u00fcrkiye&#8217;nin istikbali ad\u0131na son derece tarihi bir misyonu yerine getirdi\u011finizin \u015fuuruyla \u00e7al\u0131\u015fman\u0131z\u0131 istiyor, bunu sizden bekliyor ve sizlere sonsuz g\u00fcveniyorum.&#8221;<br><br><strong>&#8220;G\u00f6n\u00fcl sofralar\u0131m\u0131zda ayn\u0131 pideyi b\u00f6l\u00fc\u015fmenin manevi lezzetini tadaca\u011f\u0131z&#8221;<\/strong><\/p>\n\n\n\n<p>Gelecek hafta ba\u015flayacak olan Ramazan ay\u0131n\u0131 her y\u0131l oldu\u011fu gibi bu senede dolu dolu ge\u00e7irme niyetinde olduklar\u0131n\u0131 vurgulayan Erdo\u011fan, &#8220;Talimatlar\u0131m\u0131z do\u011frultusunda Te\u015fkilat Ba\u015fkanl\u0131\u011f\u0131m\u0131z, Kad\u0131n ve Gen\u00e7lik Kollar\u0131m\u0131z\u0131n da katk\u0131s\u0131n\u0131 alarak olduk\u00e7a kapsaml\u0131 bir plan haz\u0131rlad\u0131k. Buna g\u00f6re Aile ve Gen\u00e7lik Fonu\u2019ndan ald\u0131klar\u0131 desteklerle yeni yuva kuran gen\u00e7 \u00e7iftlerimize ilk Ramazanlar\u0131nda misafir olaca\u011f\u0131z. \u015eehit yak\u0131nlar\u0131m\u0131z ve gazilerimizle bir araya gelece\u011fiz. G\u00f6n\u00fcl sofralar\u0131m\u0131zda ayn\u0131 pideyi b\u00f6l\u00fc\u015fmenin manevi lezzetini tadaca\u011f\u0131z. Art\u0131k Ak Gen\u00e7lik klasi\u011fine d\u00f6n\u00fc\u015fen \u2018\u0130ftara Be\u015f Kala ve Sahura Be\u015f Kala\u2019 \u00e7al\u0131\u015fmalar\u0131m\u0131za bu y\u0131lda devam ettiriyoruz. \u00d6zellikle deprem b\u00f6lgesindeki karde\u015flerimizin yanlar\u0131nda olmaya b\u00fcy\u00fck \u00f6nem veriyoruz. Teslim etti\u011fimiz konutlar\u0131n ger\u00e7ek anlamda birer yuvaya d\u00f6n\u00fc\u015fece\u011fi bu m\u00fcbarek ayda vatanda\u015flar\u0131m\u0131zla iftar ve sahur sofralar\u0131nda bulu\u015faca\u011f\u0131z. Kad\u0131n kollar\u0131m\u0131z ayn\u0131 \u015fekilde farkl\u0131 etkinliklerle rahmet ve bereket ay\u0131n\u0131 en g\u00fczel \u015fekilde de\u011ferlendirecek yoksullar\u0131n kap\u0131s\u0131n\u0131 \u00e7alacak gariplerin elinden tutacak yetimin, \u00f6ks\u00fcz\u00fcn g\u00f6zya\u015f\u0131n\u0131 silecek&#8221; ifadelerine yer verdi.<br><br>T\u00fcrkiye\u2019nin yan\u0131 s\u0131ra yurt d\u0131\u015f\u0131nda da \u00e7al\u0131\u015fmalar\u0131n ihmal edilmeyece\u011fine dikkati \u00e7eken Erdo\u011fan, Avrupa\u2019da ya\u015fayan T\u00fcrklerle iftar programlar\u0131nda bir araya geleceklerini kaydetti. Ayr\u0131ca Erdo\u011fan, Gazzelileri ve Suriyelileri de bu Ramazan\u2019da unutmayacaklar\u0131n\u0131 s\u00f6zlerine ekledi.<br><br><strong>&#8220;Aradan 87 y\u0131l ge\u00e7ti, T\u00fcrkiye de\u011fi\u015fti, geli\u015fti ve g\u00fc\u00e7lendi ama CHP&#8217;nin afetlere kar\u015f\u0131 yakla\u015f\u0131m\u0131nda hi\u00e7bir de\u011fi\u015fim ya\u015fanmad\u0131&#8221;<\/strong><\/p>\n\n\n\n<p>Cumhurba\u015fkan\u0131 Erdo\u011fan, 27 Aral\u0131k\u2019ta Hatay\u2019da 455 bininci afet konutunun anahtarlar\u0131n\u0131n hak sahibine takdim edildi\u011fini hat\u0131rlatarak, &#8220;Afet konutlar\u0131n\u0131n \u00f6deme plan\u0131yla ilgili m\u00fcjdelerimizi halk\u0131m\u0131zla payla\u015ft\u0131k. \u00d6ncesinde ana muhalefet partisi \u2018bo\u015f senet imzalat\u0131yorlar\u2019 gibi z\u0131rvalarla milletimizi galeyana getirmeye \u00e7al\u0131\u015ft\u0131. \u2018Faizle afet konutu sat\u0131yorlar\u2019 diyerek milletin g\u00f6z\u00fcn\u00fcn i\u00e7ine baka baka a\u00e7\u0131k\u00e7a yalan s\u00f6ylediler. Deprem b\u00f6lgesine bir \u00e7ivi \u00e7akmad\u0131klar\u0131 halde bir de \u00e7\u0131k\u0131p abuk sabuk iddialarla depremzedelerimizi h\u00fck\u00fcmetimize kar\u015f\u0131 k\u0131\u015fk\u0131rtmaya \u00e7al\u0131\u015ft\u0131lar. 1939 Erzincan depremi oldu\u011funda d\u00f6nemin iktidar\u0131 vatanda\u015fa yard\u0131m nam\u0131na sadece 8 \u00e7ivi tevzi etmi\u015f fakat bu 8 \u00e7iviyle ev in\u015fa etmenin s\u0131rr\u0131n\u0131 milletimize \u00f6\u011fretmemi\u015fti. Aradan 87 y\u0131l ge\u00e7ti, T\u00fcrkiye de\u011fi\u015fti, geli\u015fti ve g\u00fc\u00e7lendi ama CHP&#8217;nin afetlere kar\u015f\u0131 yakla\u015f\u0131m\u0131nda hi\u00e7bir de\u011fi\u015fim ya\u015fanmad\u0131. D\u00fcn 8 \u00e7ivi vermeyi ba\u015far\u0131 g\u00f6ren zihniyet bug\u00fcn de \u00e7\u00f6p konteynerleriyle, kilit ta\u015f\u0131yla, say\u0131s\u0131 bir elin parmaklar\u0131n\u0131 ge\u00e7meyen pikapla \u00f6v\u00fcn\u00fcyor. Depremin \u00fczerinden \u00fc\u00e7 y\u0131l ge\u00e7mi\u015f hala ortada do\u011fru d\u00fczg\u00fcn eserleri yok. Asl\u0131nda 455 bin konuta kara \u00e7almasa, \u00e7\u00f6p konteynerleriyle \u00f6v\u00fcnmesini bir yere kadar anlay\u0131\u015fla kar\u015f\u0131lar, \u2018\u00e7aplar\u0131 bu kadarm\u0131\u015f\u2019 der ge\u00e7eriz. Bu erdemi de g\u00f6stermiyorlar. Ne i\u015f yap\u0131yorlar ne de bizim i\u015f yapmam\u0131z\u0131 istiyorlar. Ne hizmet ediyorlar ne de bizim millete hizmet etmemizi istiyorlar. Kendilerini devletin yegane sahibi olarak g\u00f6rme huylar\u0131ndan bir t\u00fcrl\u00fc vazge\u00e7mediler. Ey CHP, biz sizin cemaziyel evvelinizi \u00e7ok iyi biliriz&#8221; dedi.<br><br><strong>&#8220;Bu gidi\u015fi durdurmaya sizin ne eliniz ne g\u00fcc\u00fcn\u00fcz yetmez \u00d6zg\u00fcr&#8221;<\/strong><\/p>\n\n\n\n<p>\u0130stanbul Belediye Ba\u015fkan\u0131 olarak g\u00f6rev yapt\u0131\u011f\u0131n\u0131 ve \u0130stanbul\u2019u \u00e7\u00f6p, \u00e7ukur ve \u00e7amur batakl\u0131\u011f\u0131ndan devrald\u0131klar\u0131n\u0131 hat\u0131rlatan Ba\u015fkan Erdo\u011fan, &#8220;\u0130stanbul\u2019u bu halde devrald\u0131k, 140 kilometre Istranca da\u011flar\u0131ndan \u0130stanbul\u2019a suyu biz getirdik. \u015eimdi \u00e7\u0131km\u0131\u015flar d\u00fcn mecliste ya\u015fanan sahneleri inan\u0131yorum ki izlediniz. CHP&#8217;nin fa\u015fizan ve kibirli zihniyetine hep beraber bir kez daha tan\u0131k olduk. Yeni bakanlar\u0131m\u0131z\u0131n yemin etmesine engel olmak i\u00e7in her t\u00fcrl\u00fc e\u015fk\u0131yal\u0131\u011f\u0131, milletin k\u00fcrs\u00fcs\u00fcn\u00fc i\u015fgal etmek dahil her t\u00fcrl\u00fc zorbal\u0131\u011f\u0131 sergilediler. Engelleyemeyeceksiniz, durduramayacaks\u0131n\u0131z. Bu gidi\u015fi durdurmaya sizin ne eliniz ne g\u00fcc\u00fcn\u00fcz yetmez \u00d6zg\u00fcr. Evet, anayasal bir hak. Yeminler yap\u0131ld\u0131 m\u0131? Yap\u0131ld\u0131. \u0130\u015f bitti mi? Bitti. Ne oldu? Rahat dursan\u0131z da g\u00fczel g\u00fczel bu yeminler yap\u0131lsa olmaz m\u0131yd\u0131? Olurdu ama bunlarda demokratik anlay\u0131\u015f yok. Bunlar o fa\u015fist anlay\u0131\u015ftan vazge\u00e7emezler. Bunlar\u0131n iliklerine kadar sinmi\u015f. Bozgunculuk yaparak, milli iradeye kar\u015f\u0131 edepsizlik ederek, gazi meclisin sayg\u0131nl\u0131\u011f\u0131na g\u00f6lge d\u00fc\u015f\u00fcrerek \u00e7irkin ve \u00e7irkef siyasetlerini genel kurul salonuna ta\u015f\u0131yarak nas\u0131l bir zihniyete sahip olduklar\u0131n\u0131 tekrar g\u00f6sterdiler. Bu kendini bilmezlere sormak laz\u0131m. T\u00fcrkiye B\u00fcy\u00fck Millet Meclisi sizin keyfinize g\u00f6re kavga \u00e7\u0131karaca\u011f\u0131n\u0131z bir eylem alan\u0131 m\u0131d\u0131r? Siz gazi meclise milletin hakk\u0131n\u0131, hukukunu savunmaya m\u0131 geldiniz? Yoksa ter\u00f6r estirmeye mi? Kavgay\u0131, nefreti, \u00f6fkeyi, hakareti y\u00fcce meclise ta\u015f\u0131maktan hi\u00e7 mi rahats\u0131z olmuyor, hi\u00e7 mi utanm\u0131yorsunuz? Daha ne kadar kendinizi rezil edecek, k\u00fc\u00e7\u00fck d\u00fc\u015f\u00fcrecek, size oy veren vatanda\u015flar\u0131m\u0131z\u0131n ba\u015f\u0131n\u0131 yere e\u011fdireceksiniz. Ana muhalefetin siyaset kurumuna olan g\u00fcveni dinamitleyen, meclisin vakar\u0131na zarar veren hepsinden \u00f6te aziz milletimizi rencide eden d\u00fcnk\u00fc sald\u0131r\u0131lar\u0131n\u0131 telin ediyor ve reddediyorum&#8221; de\u011ferlendirmesinde bulundu.<\/p>\n\n\n\n<p>Kaynak: \u0130HA<\/p>\n","protected":false},"excerpt":{"rendered":"<p>Cumhurba\u015fkan\u0131 Recep Tayyip Erdo\u011fan, &#8220;Birileri kabul etmeye yana\u015fmasa da uluslararas\u0131 siyasette son y\u0131llarda bir T\u00fcrkiye r\u00fczgar\u0131 esiyor. B\u00f6lgesel krizlerin \u00e7\u00f6z\u00fcm aray\u0131\u015f\u0131nda T\u00fcrkiye&#8217;nin kap\u0131s\u0131 daha s\u0131k \u00e7al\u0131n\u0131yor&#8221; dedi. Cumhurba\u015fkan\u0131 Erdo\u011fan, AK Parti Kongre Merkezi\u2019nde ger\u00e7ekle\u015ftirilen AK Parti Geni\u015fletilmi\u015f \u0130l Ba\u015fkanlar\u0131 Toplant\u0131s\u0131\u2019na kat\u0131ld\u0131. Burada konu\u015fan Erdo\u011fan, AK Parti olarak kadroyu g\u00fc\u00e7lendirmeye devam ettiklerini ve partiye y\u00f6nelik b\u00fcy\u00fck [&hellip;]<\/p>\n","protected":false},"author":1,"featured_media":9624,"comment_status":"open","ping_status":"open","sticky":false,"template":"","format":"standard","meta":{"footnotes":""},"categories":[1,632],"tags":[562,4007,846],"class_list":["post-9623","post","type-post","status-publish","format-standard","has-post-thumbnail","hentry","category-gundem","category-siyaset","tag-ak-parti","tag-ak-parti-kongre-merkezi","tag-cumhurbaskani-erdogan"],"_links":{"self":[{"href":"https:\/\/www.trabzonmanset.com\/index.php\/wp-json\/wp\/v2\/posts\/9623","targetHints":{"allow":["GET"]}}],"collection":[{"href":"https:\/\/www.trabzonmanset.com\/index.php\/wp-json\/wp\/v2\/posts"}],"about":[{"href":"https:\/\/www.trabzonmanset.com\/index.php\/wp-json\/wp\/v2\/types\/post"}],"author":[{"embeddable":true,"href":"https:\/\/www.trabzonmanset.com\/index.php\/wp-json\/wp\/v2\/users\/1"}],"replies":[{"embeddable":true,"href":"https:\/\/www.trabzonmanset.com\/index.php\/wp-json\/wp\/v2\/comments?post=9623"}],"version-history":[{"count":1,"href":"https:\/\/www.trabzonmanset.com\/index.php\/wp-json\/wp\/v2\/posts\/9623\/revisions"}],"predecessor-version":[{"id":9625,"href":"https:\/\/www.trabzonmanset.com\/index.php\/wp-json\/wp\/v2\/posts\/9623\/revisions\/9625"}],"wp:featuredmedia":[{"embeddable":true,"href":"https:\/\/www.trabzonmanset.com\/index.php\/wp-json\/wp\/v2\/media\/9624"}],"wp:attachment":[{"href":"https:\/\/www.trabzonmanset.com\/index.php\/wp-json\/wp\/v2\/media?parent=9623"}],"wp:term":[{"taxonomy":"category","embeddable":true,"href":"https:\/\/www.trabzonmanset.com\/index.php\/wp-json\/wp\/v2\/categories?post=9623"},{"taxonomy":"post_tag","embeddable":true,"href":"https:\/\/www.trabzonmanset.com\/index.php\/wp-json\/wp\/v2\/tags?post=9623"}],"curies":[{"name":"wp","href":"https:\/\/api.w.org\/{rel}","templated":true}]}}