{"id":9440,"date":"2026-02-05T21:21:00","date_gmt":"2026-02-05T18:21:00","guid":{"rendered":"https:\/\/www.trabzonmanset.com\/?p=9440"},"modified":"2026-02-05T23:22:55","modified_gmt":"2026-02-05T20:22:55","slug":"izmirde-suyla-dolan-alt-gecitte-mahsur-kalan-surucu-hayatini-kaybetti","status":"publish","type":"post","link":"https:\/\/www.trabzonmanset.com\/index.php\/2026\/02\/05\/izmirde-suyla-dolan-alt-gecitte-mahsur-kalan-surucu-hayatini-kaybetti\/","title":{"rendered":"\u0130zmir\u2019de suyla dolan alt ge\u00e7itte mahsur kalan s\u00fcr\u00fcc\u00fc hayat\u0131n\u0131 kaybetti"},"content":{"rendered":"\n<p>\u0130zmir\u2019in Torbal\u0131 il\u00e7esinde sa\u011fanak ya\u011f\u0131\u015f nedeniyle suyla dolan alt ge\u00e7itte mahsur kalan arac\u0131n s\u00fcr\u00fcc\u00fcs\u00fc hayat\u0131n\u0131 kaybetti.<\/p>\n\n\n\n<p>Olay, ak\u015fam saatlerinde Torbal\u0131 il\u00e7esi Pancar Mahallesi\u2019nde bulunan \u0130ZBAN alt ge\u00e7idinde meydana geldi. Edinilen bilgiye g\u00f6re, Mehmet Ekinci (58) idaresindeki 45 E 3077 plakal\u0131 ara\u00e7, ya\u011fmur nedeniyle suyla dolan alt ge\u00e7itten ge\u00e7mek istedi\u011fi s\u0131rada mahsur kald\u0131. Sular\u0131n y\u00fckselmesiyle ara\u00e7 bulundu\u011fu yerde sulara g\u00f6m\u00fcld\u00fc.<\/p>\n\n\n\n<p>Durumun bildirilmesi \u00fczerine b\u00f6lgeye itfaiye, sa\u011fl\u0131k ve jandarma ekipleri sevk edildi. \u0130tfaiye ekiplerinin \u00e7al\u0131\u015fmas\u0131 sonucu ara\u00e7 bulundu\u011fu yerden \u00e7\u0131kar\u0131ld\u0131. Yap\u0131lan kontrollerde, s\u00fcr\u00fcc\u00fc Mehmet Ekinci\u2019nin ara\u00e7 i\u00e7erisinde hayat\u0131n\u0131 kaybetti\u011fi belirlendi.<\/p>\n\n\n\n<p>Ekinci\u2019nin cans\u0131z bedeni, olay yerindeki incelemelerin ard\u0131ndan \u0130zmir Adli T\u0131p Kurumu morguna kald\u0131r\u0131ld\u0131. Olayla ilgili soru\u015fturma s\u00fcr\u00fcyor.<\/p>\n\n\n\n<p>Kaynak: \u0130HA<\/p>\n","protected":false},"excerpt":{"rendered":"<p>\u0130zmir\u2019in Torbal\u0131 il\u00e7esinde sa\u011fanak ya\u011f\u0131\u015f nedeniyle suyla dolan alt ge\u00e7itte mahsur kalan arac\u0131n s\u00fcr\u00fcc\u00fcs\u00fc hayat\u0131n\u0131 kaybetti. Olay, ak\u015fam saatlerinde Torbal\u0131 il\u00e7esi Pancar Mahallesi\u2019nde bulunan \u0130ZBAN alt ge\u00e7idinde meydana geldi. Edinilen bilgiye g\u00f6re, Mehmet Ekinci (58) idaresindeki 45 E 3077 plakal\u0131 ara\u00e7, ya\u011fmur nedeniyle suyla dolan alt ge\u00e7itten ge\u00e7mek istedi\u011fi s\u0131rada mahsur kald\u0131. Sular\u0131n y\u00fckselmesiyle ara\u00e7 [&hellip;]<\/p>\n","protected":false},"author":1,"featured_media":9441,"comment_status":"open","ping_status":"open","sticky":false,"template":"","format":"standard","meta":{"footnotes":""},"categories":[1],"tags":[3907,3905,3908,3906],"class_list":["post-9440","post","type-post","status-publish","format-standard","has-post-thumbnail","hentry","category-gundem","tag-izban-alt-gecidi","tag-izmir-3","tag-mehmet-ekinci","tag-torbali"],"_links":{"self":[{"href":"https:\/\/www.trabzonmanset.com\/index.php\/wp-json\/wp\/v2\/posts\/9440","targetHints":{"allow":["GET"]}}],"collection":[{"href":"https:\/\/www.trabzonmanset.com\/index.php\/wp-json\/wp\/v2\/posts"}],"about":[{"href":"https:\/\/www.trabzonmanset.com\/index.php\/wp-json\/wp\/v2\/types\/post"}],"author":[{"embeddable":true,"href":"https:\/\/www.trabzonmanset.com\/index.php\/wp-json\/wp\/v2\/users\/1"}],"replies":[{"embeddable":true,"href":"https:\/\/www.trabzonmanset.com\/index.php\/wp-json\/wp\/v2\/comments?post=9440"}],"version-history":[{"count":1,"href":"https:\/\/www.trabzonmanset.com\/index.php\/wp-json\/wp\/v2\/posts\/9440\/revisions"}],"predecessor-version":[{"id":9442,"href":"https:\/\/www.trabzonmanset.com\/index.php\/wp-json\/wp\/v2\/posts\/9440\/revisions\/9442"}],"wp:featuredmedia":[{"embeddable":true,"href":"https:\/\/www.trabzonmanset.com\/index.php\/wp-json\/wp\/v2\/media\/9441"}],"wp:attachment":[{"href":"https:\/\/www.trabzonmanset.com\/index.php\/wp-json\/wp\/v2\/media?parent=9440"}],"wp:term":[{"taxonomy":"category","embeddable":true,"href":"https:\/\/www.trabzonmanset.com\/index.php\/wp-json\/wp\/v2\/categories?post=9440"},{"taxonomy":"post_tag","embeddable":true,"href":"https:\/\/www.trabzonmanset.com\/index.php\/wp-json\/wp\/v2\/tags?post=9440"}],"curies":[{"name":"wp","href":"https:\/\/api.w.org\/{rel}","templated":true}]}}