{"id":9409,"date":"2026-02-04T20:00:00","date_gmt":"2026-02-04T17:00:00","guid":{"rendered":"https:\/\/www.trabzonmanset.com\/?p=9409"},"modified":"2026-02-04T20:32:04","modified_gmt":"2026-02-04T17:32:04","slug":"cumhurbaskani-erdogan-israilin-somalilandi-tanima-kararini-kabul-etmiyoruz","status":"publish","type":"post","link":"https:\/\/www.trabzonmanset.com\/index.php\/2026\/02\/04\/cumhurbaskani-erdogan-israilin-somalilandi-tanima-kararini-kabul-etmiyoruz\/","title":{"rendered":"Cumhurba\u015fkan\u0131 Erdo\u011fan: &#8220;\u0130srail&#8217;in Somaliland&#8217;\u0131 tan\u0131ma karar\u0131n\u0131 kabul etmiyoruz&#8221;"},"content":{"rendered":"\n<p>Cumhurba\u015fkan\u0131 Recep Tayyip Erdo\u011fan, M\u0131s\u0131r Cumhurba\u015fkan\u0131 Abdulfettah es-Sisi ile d\u00fczenledi\u011fi ortak bas\u0131n toplant\u0131s\u0131nda, &#8220;Toprak b\u00fct\u00fcnl\u00fc\u011f\u00fc korunmu\u015f, siyasi birli\u011fi sa\u011flanm\u0131\u015f bir Suriye&#8217;nin en b\u00fcy\u00fck kazanan\u0131 t\u00fcm b\u00f6lgemiz olacakt\u0131r. Biz, Suriye&#8217;deki b\u00fcy\u00fck d\u00f6n\u00fc\u015f\u00fcm\u00fcn destek\u00e7isiyiz&#8221; dedi.<\/p>\n\n\n\n<p>Cumhurba\u015fkan\u0131 Recep Tayyip Erdo\u011fan, M\u0131s\u0131r Cumhurba\u015fkan\u0131 Abdulfettah es-Sisi ile ba\u015f ba\u015fa ve heyetleraras\u0131 g\u00f6r\u00fc\u015fmeyle anla\u015fmalar\u0131n imza t\u00f6reninin ard\u0131ndan d\u00fczenlenen ortak bas\u0131n toplant\u0131s\u0131nda konu\u015ftu.<\/p>\n\n\n\n<p>Cumhurba\u015fkan\u0131 Erdo\u011fan, ilk toplant\u0131s\u0131n\u0131 2024 Eyl\u00fcl&#8217;de Ankara&#8217;da yapt\u0131klar\u0131 Y\u00fcksek D\u00fczeyli Stratejik \u0130\u015fbirli\u011fi Konseyinin ikinci toplant\u0131s\u0131 vesilesiyle M\u0131s\u0131r\u2019\u0131n ba\u015fkenti Kahire&#8217;de bulunmaktan b\u00fcy\u00fck memnuniyet duydu\u011funu dile getirdi. \u015eahs\u0131na ve heyetine g\u00f6sterdikleri s\u0131cak misafirperverlik i\u00e7in Sisi ile kendilerini b\u00fcy\u00fck bir muhabbetle kar\u015f\u0131layan M\u0131s\u0131rl\u0131lar\u2019a te\u015fekk\u00fcr eden Cumhurba\u015fkan\u0131 Erdo\u011fan, &#8220;Bin y\u0131ll\u0131k ortak mazimizle yo\u011frulan karde\u015flik ba\u011flar\u0131m\u0131zdan sadece halklar\u0131m\u0131z\u0131n refah\u0131 i\u00e7in de\u011fil Filistin ile b\u00f6lgemizin istikrar\u0131na katk\u0131 i\u00e7in de faydalanmak istiyoruz. Say\u0131n Sisi&#8217;yle belirledi\u011fimiz bu ortak vizyon sayesinde ili\u015fkilerimizin her alanda daha ileri ta\u015f\u0131nd\u0131\u011f\u0131n\u0131 memnuniyetle m\u00fc\u015fahede ediyoruz&#8221; dedi.<br>Cumhurba\u015fkan\u0131 Erdo\u011fan, Y\u00fcksek D\u00fczeyli Stratejik \u0130\u015fbirli\u011fi Konseyinin ilk toplant\u0131s\u0131ndan bu yana yakla\u015f\u0131k 16 ay\u0131 geride b\u0131rakt\u0131klar\u0131n\u0131 an\u0131msatt\u0131. Bu d\u00f6nemde \u00e7e\u015fitli vesilelerle M\u0131s\u0131r&#8217;\u0131 iki kez ziyaret etti\u011fini anlatan Cumhurba\u015fkan\u0131 Erdo\u011fan, &#8220;D\u0131\u015fi\u015fleri bakanlar\u0131m\u0131z ise yedi defa bir araya geldiler. Di\u011fer bakanlar\u0131m\u0131z ve \u00fcst d\u00fczey zevat\u0131 ekleyince kar\u015f\u0131l\u0131kl\u0131 ziyaret say\u0131s\u0131 50&#8217;ye yakla\u015f\u0131yor. Bug\u00fcn kabul etti\u011fimiz ortak bildiri ve muhtelif belgelerle in\u015fallah ili\u015fkilerimizin ahdi zeminini peki\u015ftiriyoruz&#8221; ifadelerini kulland\u0131.<br><br><strong>Ticari ili\u015fkiler<\/strong><\/p>\n\n\n\n<p>&#8220;M\u0131s\u0131r, T\u00fcrkiye&#8217;nin Afrika&#8217;daki en b\u00fcy\u00fck ticaret orta\u011f\u0131 olmay\u0131 s\u00fcrd\u00fcr\u00fcyor. Son \u00fc\u00e7 y\u0131ld\u0131r 8 ila 9 milyar dolar aral\u0131\u011f\u0131nda seyreden ticaret hacmimizi 15 milyar dolara y\u00fckseltmeyi hedefliyoruz&#8221; diyen Cumhurba\u015fkan\u0131 Erdo\u011fan, &#8220;T\u00fcrk firmalar\u0131n\u0131n M\u0131s\u0131r&#8217;daki yat\u0131r\u0131mlar\u0131n\u0131n 4 milyar dolara yakla\u015fmas\u0131ndan ziyadesiyle memnunuz. Bug\u00fcn i\u015f insanlar\u0131m\u0131zla bir araya gelece\u011fimiz i\u015f forumunda kar\u015f\u0131l\u0131kl\u0131 yat\u0131r\u0131m ve i\u015f birli\u011fi imk\u00e2nlar\u0131n\u0131 ele alaca\u011f\u0131z. Enerji ve ula\u015ft\u0131rma alanlar\u0131nda ortak projeler geli\u015ftirmek istiyoruz. T\u00fcrkiye-M\u0131s\u0131r aras\u0131nda g\u00fc\u00e7lenen ili\u015fkiler turizme de olumlu yans\u0131m\u0131\u015ft\u0131r. Ge\u00e7ti\u011fimiz y\u0131l 500 binden fazla turist \u00fclkelerimizde kar\u015f\u0131l\u0131kl\u0131 olarak misafir edilmi\u015ftir. Temennimiz bunun \u00f6n\u00fcm\u00fczdeki d\u00f6nemde iki kat\u0131na \u00e7\u0131kmas\u0131d\u0131r. M\u0131s\u0131r halk\u0131, T\u00fcrk k\u00fclt\u00fcr\u00fcne ve diline yo\u011fun ilgi g\u00f6steriyor. T\u00fcrkiye olarak bu ilgiyi kar\u015f\u0131l\u0131ks\u0131z b\u0131rakmak istemiyoruz. Yunus Emre Enstit\u00fcm\u00fcz\u00fcn \u0130skenderiye \u015fubesinin, T\u0130KA ve TRT gibi kurumlar\u0131m\u0131z\u0131n \u00fclke temsilciliklerinin yeniden a\u00e7\u0131lmas\u0131n\u0131 bu bak\u0131mdan \u00f6nemli g\u00f6r\u00fcyoruz&#8221; dedi.<br>Cumhurba\u015fkan\u0131 Erdo\u011fan, M\u0131s\u0131r ile Do\u011fu Akdeniz&#8217;de en uzun k\u0131y\u0131 \u015feridine sahip iki kom\u015fu \u00fclke olduklar\u0131n\u0131, ikili deniz ticareti ta\u015f\u0131mac\u0131l\u0131\u011f\u0131 seyr\u00fcsefer serbestisi ve deniz g\u00fcvenli\u011fi alanlar\u0131nda i\u015f birli\u011fini artt\u0131rmak arzusunda olduklar\u0131n\u0131 dile getirdi.<br><br><strong>&#8220;Ortak g\u00fcndemimizin ba\u015fl\u0131ca konusunu Filistin davas\u0131 te\u015fkil ediyor&#8221;<\/strong><\/p>\n\n\n\n<p>At\u0131lacak ortak ad\u0131mlar\u0131n hem b\u00f6lgesel bar\u0131\u015fa hem de iki \u00fclkenin ekonomik ve stratejik \u00e7\u0131karlar\u0131na ciddi katk\u0131lar sa\u011flayacaklar\u0131na inand\u0131\u011f\u0131n\u0131 vurgulayan Cumhurba\u015fkan\u0131 Erdo\u011fan, &#8220;Ortak g\u00fcndemimizin ba\u015fl\u0131ca konusunu Filistin davas\u0131 te\u015fkil ediyor. \u015euras\u0131 bir ger\u00e7ek ki ate\u015fkes tesis edilmi\u015f olmakla birlikte Gazze&#8217;deki insani dram h\u00e2len devam ediyor. 11 Ekim&#8217;den bu yana 500&#8217;\u00fcn \u00fczerinde Gazzeli, \u0130srail sald\u0131r\u0131lar\u0131nda hayat\u0131n\u0131 kaybetti. Ge\u00e7en hafta aralar\u0131nda \u00e7ocuklar\u0131n da oldu\u011fu 30 karde\u015fimiz \u015fehit oldu. \u015earm el-\u015eeyh Deklarasyonu&#8217;nu sabote etmeyi ama\u00e7layan bu sald\u0131r\u0131lar\u0131 ve ihlalleri reddediyoruz. Gazze&#8217;de bar\u0131\u015f\u0131 m\u00fcmk\u00fcn k\u0131lacak giri\u015fimlerde M\u0131s\u0131r&#8217;la birlikte \u00e7al\u0131\u015f\u0131yoruz, in\u015fallah bunu da devam ettirece\u011fiz. \u0130srail sald\u0131r\u0131lar\u0131yla tahrip edilmi\u015f olan Gazze&#8217;nin yeniden imar\u0131 i\u00e7in de ayn\u0131 \u015fekilde elden gelen katk\u0131y\u0131 sa\u011flayaca\u011f\u0131z. Bu vesileyle Gazze&#8217;ye g\u00f6nderdi\u011fimiz insani yard\u0131mlar\u0131n b\u00f6lgeye ula\u015ft\u0131r\u0131lmas\u0131nda g\u00f6sterdikleri i\u015f birli\u011fi i\u00e7in M\u0131s\u0131r makamlar\u0131na bug\u00fcn bir kez daha te\u015fekk\u00fcr ediyorum&#8221; dedi.<br><br><strong>B\u00f6lgesel geli\u015fmeler<\/strong><\/p>\n\n\n\n<p>Cumhurba\u015fkan\u0131 Erdo\u011fan, bug\u00fcnk\u00fc g\u00f6r\u00fc\u015fmelerde Libya, Sudan ve Afrika boynuzu ba\u015fta olmak \u00fczere b\u00f6lgesel konulara da de\u011findiklerini aktard\u0131. &#8220;Libya&#8217;da kal\u0131c\u0131 istikrar\u0131n tesisi i\u00e7in \u00fclkede birlik b\u00fct\u00fcnl\u00fc\u011f\u00fcn korunmas\u0131, M\u0131s\u0131r&#8217;la ortak hedefimiz olmay\u0131 s\u00fcrd\u00fcr\u00fcyor&#8221; ifadesini kullanan Cumhurba\u015fkan\u0131 Erdo\u011fan, &#8220;Libyal\u0131lar\u2019\u0131n \u00f6nderlik ve sahipli\u011finde y\u00fcr\u00fct\u00fclecek s\u00fcre\u00e7leri desteklemek noktas\u0131nda fikir birli\u011fi i\u00e7indeyiz. Sudan&#8217;da \u00f6ncelikle ate\u015fkesin sa\u011flanmas\u0131n\u0131 ve ard\u0131ndan s\u00fcrd\u00fcr\u00fclebilir bir bar\u0131\u015f\u0131n tesis edilmesini \u00fcmit ediyoruz. Somali&#8217;nin egemenli\u011fini ve toprak b\u00fct\u00fcnl\u00fc\u011f\u00fcn\u00fc hedef alan \u0130srail&#8217;in Somaliland&#8217;\u0131 tan\u0131ma karar\u0131n\u0131 kabul etmiyoruz. Somali Federal Cumhuriyeti&#8217;nin ve Somaliland b\u00f6lgesinin gelece\u011fine y\u00f6nelik ad\u0131mlar\u0131n t\u00fcm Somalililer\u2019in iradesini yans\u0131tacak \u015fekilde at\u0131lmas\u0131 gerekiyor. Toprak b\u00fct\u00fcnl\u00fc\u011f\u00fc korunmu\u015f, siyasi birli\u011fi sa\u011flanm\u0131\u015f bir Suriye&#8217;nin en b\u00fcy\u00fck kazanan\u0131 t\u00fcm b\u00f6lgemiz olacakt\u0131r. Biz, Suriye&#8217;deki b\u00fcy\u00fck d\u00f6n\u00fc\u015f\u00fcm\u00fcn destek\u00e7isiyiz. Bu deste\u011fi s\u00fcrd\u00fcrmekte kararl\u0131y\u0131z. M\u0131s\u0131r taraf\u0131ndan Suriye&#8217;nin birli\u011finin muhafazas\u0131na y\u00f6nelik yap\u0131lan a\u00e7\u0131klamalar\u0131 isabetli buluyor ve destekliyoruz. Kom\u015fumuz \u0130ran&#8217;la, \u00f6zellikle d\u0131\u015f m\u00fcdahalelerin t\u00fcm b\u00f6lge i\u00e7in \u00f6nemli riskler te\u015fkil edece\u011fi kanaatindeyiz. \u0130ran&#8217;la n\u00fckleer dosya dahil meselelerin diplomatik yollarla \u00e7\u00f6z\u00fcm\u00fc en isabetli y\u00f6ntemdir&#8221; dedi.<br>Misafirperverli\u011fi i\u00e7in Cumhurba\u015fkan\u0131 Sisi&#8217;ye ve M\u0131s\u0131rl\u0131 yetkililere te\u015fekk\u00fcr eden Cumhurba\u015fkan\u0131 Erdo\u011fan, toplant\u0131larda ald\u0131klar\u0131 kararlar\u0131n iki \u00fclke ba\u015fta olmak \u00fczere b\u00f6lgenin bar\u0131\u015f, refah ve istikrar\u0131na katk\u0131 sunmas\u0131n\u0131 temenni etti.<br><br><strong>&#8220;\u0130\u015f birli\u011fini peki\u015ftirmemiz laz\u0131m ki \u00e7\u00f6z\u00fcmlere ula\u015fabilelim&#8221;<\/strong><\/p>\n\n\n\n<p>M\u0131s\u0131r Cumhurba\u015fkan\u0131 Abdulfettah es-Sisi, \u00fclkesinin ba\u015fkenti Kahire&#8217;deki Al-\u0130ttihadiye Saray\u0131&#8217;nda resm\u00ee t\u00f6renle kar\u015f\u0131lad\u0131\u011f\u0131 Cumhurba\u015fkan\u0131 Recep Tayyip Erdo\u011fan ile heyetler aras\u0131 ve ikili g\u00f6r\u00fc\u015fmenin ard\u0131ndan bir dizi ikili anla\u015fmaya imza att\u0131.<br>\u0130mza t\u00f6reninin ard\u0131ndan d\u00fczenlenen ortak bas\u0131n toplant\u0131s\u0131nda konu\u015fan M\u0131s\u0131r Cumhurba\u015fkan\u0131, T\u00fcrkiye ile olan \u00e7e\u015fitli alanlardaki i\u015fbirli\u011fine dikkati \u00e7ekerek &#8220;M\u0131s\u0131r, Afrika K\u0131tas\u0131&#8217;nda T\u00fcrkiye&#8217;nin birinci orta\u011f\u0131 say\u0131l\u0131r. \u0130ki \u00fclke aras\u0131nda 9 milyar dolar olan Ticaret hacmini 15 milyar dolara \u00e7\u0131karmak i\u00e7in \u00e7al\u0131\u015f\u0131yoruz, hedefimiz bu&#8221; dedi.<\/p>\n\n\n\n<p>Orta Do\u011fu&#8217;daki duruma ili\u015fkin Sisi, &#8220;B\u00f6lgemiz \u00e7ok h\u0131zl\u0131 bir \u015fekilde krizlere ve \u00e7alkant\u0131lara gebe kal\u0131yor. (M\u0131s\u0131r-T\u00fcrkiye) Bu i\u015f birli\u011fini derinlemesine peki\u015ftirmemiz laz\u0131m ki (b\u00f6lgede) s\u00fcrd\u00fcr\u00fclebilir siyasi \u00e7\u00f6z\u00fcmlere bir an \u00f6nce ula\u015fabilelim&#8221; ifadesini kulland\u0131. \u0130\u015f birli\u011fi geli\u015ftirmenin \u00f6nemine vurgu yapan Sisi, T\u00fcrkiye, M\u0131s\u0131r, Katar ve ABD&#8217;nin \u00e7abalar\u0131yla Gazze&#8217;de ate\u015fkes ilan edildi\u011fini hat\u0131rlatt\u0131.<br>M\u0131s\u0131r Cumhurba\u015fkan\u0131, &#8220;Gazze&#8217;de \u015fimdi \u00f6nemli olan insani yard\u0131mlar\u0131n bir an \u00f6nce b\u00f6lgeye ula\u015ft\u0131r\u0131lmas\u0131d\u0131r. Bu arada s\u00fckunetin sa\u011flanmas\u0131 b\u00fcy\u00fck \u00f6nem ta\u015f\u0131maktad\u0131r. Uluslararas\u0131 ve Birle\u015fmi\u015f Milletler kararlar\u0131 do\u011frultusunda iki devletli \u00e7\u00f6z\u00fcm ve Filistin devletinin kurulmas\u0131 son derece \u00f6nemlidir. Filistinliler\u2019e kar\u015f\u0131 uygulanan t\u00fcm tek tarafl\u0131 uygulamalar sona erdirilmeli ve ba\u015fta Kud\u00fcs olmak \u00fczere kutsal mekanlar korunmal\u0131d\u0131r&#8221; dedi.<\/p>\n\n\n\n<p>Cumhurba\u015fkan\u0131 Erdo\u011fan&#8217;la Sudan&#8217;daki geli\u015fmeleri ele ald\u0131klar\u0131n\u0131 aktaran Sisi, &#8220;Sudan&#8217;\u0131n devlet kurumlar\u0131n\u0131n b\u00fct\u00fcnl\u00fc\u011f\u00fcn\u00fcn korunmas\u0131 \u00f6nemli. Erdo\u011fan&#8217;\u0131n da diplomatik \u00e7abalar\u0131 s\u00fcrmekte, Sudan&#8217;\u0131n birli\u011fi ve dirli\u011finin korunmas\u0131 \u00f6nemlidir&#8221; ifadelerini kulland\u0131. Sisi, \u00fclkesinin Somali&#8217;nin b\u00f6l\u00fcnmesine kar\u015f\u0131 oldu\u011funun alt\u0131n\u0131 \u00e7izerek Libya&#8217;da da istikrar\u0131n sa\u011flanmas\u0131n\u0131n \u00f6nemine vurgu yapt\u0131.<br>Suriye&#8217;deki duruma ili\u015fkin Sisi, &#8220;M\u0131s\u0131r, Suriye&#8217;nin birli\u011fini ve egemenli\u011fini desteklemektedir. Son olarak h\u00fck\u00fcmetle SDG aras\u0131nda bir anla\u015fma imzaland\u0131. Bu anla\u015fmalar\u0131n ve \u00e7abalar\u0131n t\u00fcm kesimlerin haklar\u0131n\u0131 korumas\u0131n\u0131 umuyoruz&#8221; dedi.<br>\u0130ran&#8217;daki geli\u015fmelere de\u011finen Sisi, &#8220;\u0130ran&#8217;daki geli\u015fmeleri de ele ald\u0131k. M\u0131s\u0131r, \u0130ran&#8217;da n\u00fckleer dosyan\u0131n bir \u00e7\u00f6z\u00fcme var\u0131lmas\u0131, \u00fclkede ve b\u00f6lgede bar\u0131\u015f\u0131n sa\u011flanmas\u0131 gerekiyor&#8221; dedi.<br>M\u0131s\u0131r Cumhurba\u015fkan\u0131 Abdulfettah es-Sisi, &#8220;T\u00fcrkiye ile hem b\u00f6lgesel hem uluslararas\u0131 iki \u00fclkeyi ilgilendiren konularda i\u015f birli\u011fini art\u0131raca\u011f\u0131z. 3. toplant\u0131m\u0131z\u0131 Ankara&#8217;da olacak. Karde\u015fim Erdo\u011fan, M\u0131s\u0131r&#8217;\u0131n en aziz misafiridir, ili\u015fkilerimizin daha iyi d\u00fczeye ula\u015fmas\u0131n\u0131, b\u00f6lgemizde bar\u0131\u015f ve istikrar\u0131n egemen olmas\u0131n\u0131 Allah&#8217;tan temenni ederim&#8221; ifadelerini kulland\u0131.<\/p>\n\n\n\n<p>Kaynak: \u0130HA<\/p>\n","protected":false},"excerpt":{"rendered":"<p>Cumhurba\u015fkan\u0131 Recep Tayyip Erdo\u011fan, M\u0131s\u0131r Cumhurba\u015fkan\u0131 Abdulfettah es-Sisi ile d\u00fczenledi\u011fi ortak bas\u0131n toplant\u0131s\u0131nda, &#8220;Toprak b\u00fct\u00fcnl\u00fc\u011f\u00fc korunmu\u015f, siyasi birli\u011fi sa\u011flanm\u0131\u015f bir Suriye&#8217;nin en b\u00fcy\u00fck kazanan\u0131 t\u00fcm b\u00f6lgemiz olacakt\u0131r. Biz, Suriye&#8217;deki b\u00fcy\u00fck d\u00f6n\u00fc\u015f\u00fcm\u00fcn destek\u00e7isiyiz&#8221; dedi. Cumhurba\u015fkan\u0131 Recep Tayyip Erdo\u011fan, M\u0131s\u0131r Cumhurba\u015fkan\u0131 Abdulfettah es-Sisi ile ba\u015f ba\u015fa ve heyetleraras\u0131 g\u00f6r\u00fc\u015fmeyle anla\u015fmalar\u0131n imza t\u00f6reninin ard\u0131ndan d\u00fczenlenen ortak bas\u0131n toplant\u0131s\u0131nda [&hellip;]<\/p>\n","protected":false},"author":1,"featured_media":9410,"comment_status":"open","ping_status":"open","sticky":false,"template":"","format":"standard","meta":{"footnotes":""},"categories":[1],"tags":[1664,846,1340],"class_list":["post-9409","post","type-post","status-publish","format-standard","has-post-thumbnail","hentry","category-gundem","tag-abdulfettah-es-sisi","tag-cumhurbaskani-erdogan","tag-misir"],"_links":{"self":[{"href":"https:\/\/www.trabzonmanset.com\/index.php\/wp-json\/wp\/v2\/posts\/9409","targetHints":{"allow":["GET"]}}],"collection":[{"href":"https:\/\/www.trabzonmanset.com\/index.php\/wp-json\/wp\/v2\/posts"}],"about":[{"href":"https:\/\/www.trabzonmanset.com\/index.php\/wp-json\/wp\/v2\/types\/post"}],"author":[{"embeddable":true,"href":"https:\/\/www.trabzonmanset.com\/index.php\/wp-json\/wp\/v2\/users\/1"}],"replies":[{"embeddable":true,"href":"https:\/\/www.trabzonmanset.com\/index.php\/wp-json\/wp\/v2\/comments?post=9409"}],"version-history":[{"count":1,"href":"https:\/\/www.trabzonmanset.com\/index.php\/wp-json\/wp\/v2\/posts\/9409\/revisions"}],"predecessor-version":[{"id":9411,"href":"https:\/\/www.trabzonmanset.com\/index.php\/wp-json\/wp\/v2\/posts\/9409\/revisions\/9411"}],"wp:featuredmedia":[{"embeddable":true,"href":"https:\/\/www.trabzonmanset.com\/index.php\/wp-json\/wp\/v2\/media\/9410"}],"wp:attachment":[{"href":"https:\/\/www.trabzonmanset.com\/index.php\/wp-json\/wp\/v2\/media?parent=9409"}],"wp:term":[{"taxonomy":"category","embeddable":true,"href":"https:\/\/www.trabzonmanset.com\/index.php\/wp-json\/wp\/v2\/categories?post=9409"},{"taxonomy":"post_tag","embeddable":true,"href":"https:\/\/www.trabzonmanset.com\/index.php\/wp-json\/wp\/v2\/tags?post=9409"}],"curies":[{"name":"wp","href":"https:\/\/api.w.org\/{rel}","templated":true}]}}