{"id":9358,"date":"2026-02-03T18:11:00","date_gmt":"2026-02-03T15:11:00","guid":{"rendered":"https:\/\/www.trabzonmanset.com\/?p=9358"},"modified":"2026-02-03T22:14:12","modified_gmt":"2026-02-03T19:14:12","slug":"ispanyadan-sanal-medyada-16-yas-yasagi","status":"publish","type":"post","link":"https:\/\/www.trabzonmanset.com\/index.php\/2026\/02\/03\/ispanyadan-sanal-medyada-16-yas-yasagi\/","title":{"rendered":"\u0130spanya&#8217;dan sanal medyada 16 ya\u015f yasa\u011f\u0131"},"content":{"rendered":"\n<p>\u0130spanya Ba\u015fbakan\u0131 Pedro Sanchez, 16 ya\u015f\u0131n alt\u0131ndaki \u00e7ocuklar\u0131n sanal medyaya eri\u015fimini tamamen yasaklayacaklar\u0131n\u0131 duyurdu.<\/p>\n\n\n\n<p>\u0130spanya Ba\u015fbakan\u0131 Pedro Sanchez, Dubai&#8217;de d\u00fczenlenen D\u00fcnya H\u00fck\u00fcmet Zirvesi&#8217;nde konu\u015ftu. Sanchez, gelecek hafta Bakanlar Kurulu&#8217;nda onaylanmas\u0131 beklenen yasa tasar\u0131s\u0131yla, 16 ya\u015f alt\u0131ndaki \u00e7ocuklar\u0131n sanal medya platformlar\u0131na kaydolmas\u0131n\u0131n resmen yasaklanaca\u011f\u0131n\u0131 bildirdi.<\/p>\n\n\n\n<p>Mevcut yasa tasla\u011f\u0131nda yap\u0131lan de\u011fi\u015fiklikle yasa\u011f\u0131n kapsam\u0131n\u0131n geni\u015fletildi\u011fini belirten Sanchez, \u201cPlatformlar\u0131n etkili ya\u015f do\u011frulama sistemlerini uygulamas\u0131 gerekecek. Bu sadece bir kutucu\u011fu i\u015faretlemekle olmayacak, ger\u00e7ekten \u00e7al\u0131\u015fan bariyerler kurulacak. Bug\u00fcn \u00e7ocuklar\u0131m\u0131z, asla yaln\u0131z ba\u015flar\u0131na gezinmemeleri gereken bir alana maruz kal\u0131yorlar\u201d ifadelerini kulland\u0131.<\/p>\n\n\n\n<p>Dezenformasyon, nefret s\u00f6ylemi ve \u00e7ocuk istismar\u0131n\u0131 yayan algoritmalar\u0131n manip\u00fcle edilmesinin su\u00e7 say\u0131laca\u011f\u0131n\u0131 vurgulayan Sanchez, \u201cH\u00fck\u00fcmetler art\u0131k zehirli i\u00e7eriklere g\u00f6z yummamal\u0131. Kar u\u011fruna dezenformasyonu k\u00f6r\u00fckleyen algoritmalar\u0131 kullanan platformlar\u0131 soru\u015fturaca\u011f\u0131z. Nefreti yayman\u0131n bir bedeli olmal\u0131; hukuki, ekonomik ve etik bir bedel. Platformlar art\u0131k bunu g\u00f6rmezden gelemez\u201d a\u00e7\u0131klamas\u0131nda bulundu.<\/p>\n\n\n\n<p>Sanchez, platformlar\u0131n etkili ya\u015f do\u011frulama sistemleri kurmak zorunda kalaca\u011f\u0131n\u0131 kaydederek, &#8220;\u00c7ocuklar\u0131m\u0131z\u0131 dijital Vah\u015fi Bat\u0131&#8217;dan koruyaca\u011f\u0131z&#8221; dedi.<\/p>\n\n\n\n<p>Kaynak: DHA<\/p>\n","protected":false},"excerpt":{"rendered":"<p>\u0130spanya Ba\u015fbakan\u0131 Pedro Sanchez, 16 ya\u015f\u0131n alt\u0131ndaki \u00e7ocuklar\u0131n sanal medyaya eri\u015fimini tamamen yasaklayacaklar\u0131n\u0131 duyurdu. \u0130spanya Ba\u015fbakan\u0131 Pedro Sanchez, Dubai&#8217;de d\u00fczenlenen D\u00fcnya H\u00fck\u00fcmet Zirvesi&#8217;nde konu\u015ftu. Sanchez, gelecek hafta Bakanlar Kurulu&#8217;nda onaylanmas\u0131 beklenen yasa tasar\u0131s\u0131yla, 16 ya\u015f alt\u0131ndaki \u00e7ocuklar\u0131n sanal medya platformlar\u0131na kaydolmas\u0131n\u0131n resmen yasaklanaca\u011f\u0131n\u0131 bildirdi. Mevcut yasa tasla\u011f\u0131nda yap\u0131lan de\u011fi\u015fiklikle yasa\u011f\u0131n kapsam\u0131n\u0131n geni\u015fletildi\u011fini belirten Sanchez, \u201cPlatformlar\u0131n [&hellip;]<\/p>\n","protected":false},"author":1,"featured_media":9359,"comment_status":"open","ping_status":"open","sticky":false,"template":"","format":"standard","meta":{"footnotes":""},"categories":[127],"tags":[2270,3873,3301,3872,3874],"class_list":["post-9358","post","type-post","status-publish","format-standard","has-post-thumbnail","hentry","category-dunya","tag-dubai","tag-dunya-hukumet-zirvesi","tag-ispanya","tag-pedro-sanchez","tag-sanal-medya"],"_links":{"self":[{"href":"https:\/\/www.trabzonmanset.com\/index.php\/wp-json\/wp\/v2\/posts\/9358","targetHints":{"allow":["GET"]}}],"collection":[{"href":"https:\/\/www.trabzonmanset.com\/index.php\/wp-json\/wp\/v2\/posts"}],"about":[{"href":"https:\/\/www.trabzonmanset.com\/index.php\/wp-json\/wp\/v2\/types\/post"}],"author":[{"embeddable":true,"href":"https:\/\/www.trabzonmanset.com\/index.php\/wp-json\/wp\/v2\/users\/1"}],"replies":[{"embeddable":true,"href":"https:\/\/www.trabzonmanset.com\/index.php\/wp-json\/wp\/v2\/comments?post=9358"}],"version-history":[{"count":1,"href":"https:\/\/www.trabzonmanset.com\/index.php\/wp-json\/wp\/v2\/posts\/9358\/revisions"}],"predecessor-version":[{"id":9360,"href":"https:\/\/www.trabzonmanset.com\/index.php\/wp-json\/wp\/v2\/posts\/9358\/revisions\/9360"}],"wp:featuredmedia":[{"embeddable":true,"href":"https:\/\/www.trabzonmanset.com\/index.php\/wp-json\/wp\/v2\/media\/9359"}],"wp:attachment":[{"href":"https:\/\/www.trabzonmanset.com\/index.php\/wp-json\/wp\/v2\/media?parent=9358"}],"wp:term":[{"taxonomy":"category","embeddable":true,"href":"https:\/\/www.trabzonmanset.com\/index.php\/wp-json\/wp\/v2\/categories?post=9358"},{"taxonomy":"post_tag","embeddable":true,"href":"https:\/\/www.trabzonmanset.com\/index.php\/wp-json\/wp\/v2\/tags?post=9358"}],"curies":[{"name":"wp","href":"https:\/\/api.w.org\/{rel}","templated":true}]}}