{"id":9334,"date":"2026-02-03T17:37:00","date_gmt":"2026-02-03T14:37:00","guid":{"rendered":"https:\/\/www.trabzonmanset.com\/?p=9334"},"modified":"2026-02-03T21:41:19","modified_gmt":"2026-02-03T18:41:19","slug":"esimin-geliri-yok-issiz-diyen-kadinin-kocasinin-sigortali-iste-calistigi-ve-3-araclari-oldugu-ortaya-cikti","status":"publish","type":"post","link":"https:\/\/www.trabzonmanset.com\/index.php\/2026\/02\/03\/esimin-geliri-yok-issiz-diyen-kadinin-kocasinin-sigortali-iste-calistigi-ve-3-araclari-oldugu-ortaya-cikti\/","title":{"rendered":"\u2019E\u015fimin geliri yok, i\u015fsiz\u2019 diyen kad\u0131n\u0131n kocas\u0131n\u0131n sigortal\u0131 i\u015fte \u00e7al\u0131\u015ft\u0131\u011f\u0131 ve 3 ara\u00e7lar\u0131 oldu\u011fu ortaya \u00e7\u0131kt\u0131"},"content":{"rendered":"\n<p>Osmaniye\u2019de CHP Genel Ba\u015fkan\u0131 \u00d6zg\u00fcr \u00d6zel\u2019e \u2019e\u015fimin geliri yok, i\u015fsiz\u2019 diyen Emine K\u0131l\u0131\u00e7\u2019\u0131n s\u00f6ylediklerinin ard\u0131ndan yap\u0131lan ara\u015ft\u0131rmada kocas\u0131n\u0131n sigortal\u0131 i\u015fte \u00e7al\u0131\u015ft\u0131\u011f\u0131 ve \u00fczerlerine kay\u0131tl\u0131 3 ara\u00e7 oldu\u011fu ortaya \u00e7\u0131kt\u0131. \u0130hlas Haber Ajans\u0131\u2019na konu\u015fan K\u0131l\u0131\u00e7, s\u00f6ylediklerinin kesildi\u011fini ve siyasette kullan\u0131ld\u0131\u011f\u0131n\u0131 ifade ederek, e\u015finin asgari \u00fccretli i\u015fte \u00e7al\u0131\u015ft\u0131\u011f\u0131n\u0131 ve \u00fczerlerine kay\u0131tl\u0131 3 arac\u0131n kendilerinin kullanmad\u0131\u011f\u0131n\u0131 s\u00f6yledi.<\/p>\n\n\n\n<figure class=\"wp-block-video\"><video controls src=\"https:\/\/www.trabzonmanset.com\/wp-content\/uploads\/2026\/02\/OSMANIYE.mp4\"><\/video><\/figure>\n\n\n\n<p>CHP Genel Ba\u015fkan\u0131 \u00d6zg\u00fcr \u00d6zel, Osmaniye program\u0131 kapsam\u0131nda kent merkezinde depremzede vatanda\u015flar\u0131n ya\u015fad\u0131\u011f\u0131 Kara\u00e7ay konteyner kenti ziyaret etmi\u015fti. Ziyaret esnas\u0131nda konteyner kentte ya\u015fayan Emine K\u0131l\u0131\u00e7 isimli kad\u0131nla sohbet eden \u00d6zel, g\u00f6r\u00fcnt\u00fcleri sosyal medyada payla\u015ft\u0131. G\u00f6r\u00fcnt\u00fclerde; \u2018E\u015fim i\u015f bulam\u0131yor\u2019 diyerek TOK\u0130\u2019den ev isteyen kad\u0131n\u0131n depremden \u00f6ncede kirac\u0131 oldu\u011fu ve e\u015finin sigortal\u0131 oldu\u011fu ortaya \u00e7\u0131kt\u0131. Ekonomik durumunun iyi olmad\u0131\u011f\u0131n\u0131 s\u00f6yleyen kad\u0131n\u0131n ve e\u015finin \u00fczerine kay\u0131tl\u0131 3 ara\u00e7 oldu\u011fu fark edildi.<\/p>\n\n\n\n<p><strong>&#8220;Bunlar siyasette kullan\u0131lm\u0131\u015f ve s\u00f6ylediklerim kesilmi\u015f&#8221;<\/strong><\/p>\n\n\n\n<p>S\u00f6ylediklerinin kesilerek siyasette kullan\u0131lmas\u0131na tepki g\u00f6steren Emine K\u0131l\u0131\u00e7, &#8220;D\u00fcn ya\u015fananlar hakk\u0131nda konu\u015fmak istiyorum, \u00e7ok yanl\u0131\u015f anla\u015f\u0131lm\u0131\u015f\u0131m. Ayn\u0131 saatte, ayn\u0131 yerde siz de gelseydiniz size de ayn\u0131 \u015fekilde konu\u015furdum. 3 arabam\u0131z oldu\u011fu s\u00f6yleniyor, sigortal\u0131. Bunlar do\u011fru 3 arabam\u0131z var ama hi\u00e7bir \u015fekilde biz kullanm\u0131yoruz, ba\u015fkalar\u0131 kullan\u0131yor. Elektri\u011fim, suyum kesildi dedim. Beni siyasette kulland\u0131lar. Ben de burada derdimi anlatt\u0131m. Bunlar hep kullan\u0131lm\u0131\u015f. E\u015fim asgari \u00fccretle \u00e7al\u0131\u015f\u0131yor, ben yard\u0131m ve e\u015fya talep etmedim. S\u00f6ylediklerim kesilmi\u015f. 3 araba diyorlar ama biz kullanm\u0131yoruz. Sosyal konuta da ba\u015fvuru yapt\u0131m, TOK\u0130\u2019yi bekliyoruz. Burada kalmam\u0131z\u0131n sebebi TOK\u0130\u2019nin \u00e7\u0131k\u0131p \u00e7\u0131kmayaca\u011f\u0131&#8221; diye konu\u015ftu.<\/p>\n\n\n\n<p>Kaynak: \u0130HA<\/p>\n","protected":false},"excerpt":{"rendered":"<p>Osmaniye\u2019de CHP Genel Ba\u015fkan\u0131 \u00d6zg\u00fcr \u00d6zel\u2019e \u2019e\u015fimin geliri yok, i\u015fsiz\u2019 diyen Emine K\u0131l\u0131\u00e7\u2019\u0131n s\u00f6ylediklerinin ard\u0131ndan yap\u0131lan ara\u015ft\u0131rmada kocas\u0131n\u0131n sigortal\u0131 i\u015fte \u00e7al\u0131\u015ft\u0131\u011f\u0131 ve \u00fczerlerine kay\u0131tl\u0131 3 ara\u00e7 oldu\u011fu ortaya \u00e7\u0131kt\u0131. \u0130hlas Haber Ajans\u0131\u2019na konu\u015fan K\u0131l\u0131\u00e7, s\u00f6ylediklerinin kesildi\u011fini ve siyasette kullan\u0131ld\u0131\u011f\u0131n\u0131 ifade ederek, e\u015finin asgari \u00fccretli i\u015fte \u00e7al\u0131\u015ft\u0131\u011f\u0131n\u0131 ve \u00fczerlerine kay\u0131tl\u0131 3 arac\u0131n kendilerinin kullanmad\u0131\u011f\u0131n\u0131 s\u00f6yledi. CHP [&hellip;]<\/p>\n","protected":false},"author":1,"featured_media":9335,"comment_status":"open","ping_status":"open","sticky":false,"template":"","format":"standard","meta":{"footnotes":""},"categories":[1,632,9],"tags":[283,3863,1801,1796,2198],"class_list":["post-9334","post","type-post","status-publish","format-standard","has-post-thumbnail","hentry","category-gundem","category-siyaset","category-video-galeri","tag-chp","tag-emine-kilic","tag-osmaniye","tag-ozgur-ozel-2","tag-toki-2"],"_links":{"self":[{"href":"https:\/\/www.trabzonmanset.com\/index.php\/wp-json\/wp\/v2\/posts\/9334","targetHints":{"allow":["GET"]}}],"collection":[{"href":"https:\/\/www.trabzonmanset.com\/index.php\/wp-json\/wp\/v2\/posts"}],"about":[{"href":"https:\/\/www.trabzonmanset.com\/index.php\/wp-json\/wp\/v2\/types\/post"}],"author":[{"embeddable":true,"href":"https:\/\/www.trabzonmanset.com\/index.php\/wp-json\/wp\/v2\/users\/1"}],"replies":[{"embeddable":true,"href":"https:\/\/www.trabzonmanset.com\/index.php\/wp-json\/wp\/v2\/comments?post=9334"}],"version-history":[{"count":1,"href":"https:\/\/www.trabzonmanset.com\/index.php\/wp-json\/wp\/v2\/posts\/9334\/revisions"}],"predecessor-version":[{"id":9338,"href":"https:\/\/www.trabzonmanset.com\/index.php\/wp-json\/wp\/v2\/posts\/9334\/revisions\/9338"}],"wp:featuredmedia":[{"embeddable":true,"href":"https:\/\/www.trabzonmanset.com\/index.php\/wp-json\/wp\/v2\/media\/9335"}],"wp:attachment":[{"href":"https:\/\/www.trabzonmanset.com\/index.php\/wp-json\/wp\/v2\/media?parent=9334"}],"wp:term":[{"taxonomy":"category","embeddable":true,"href":"https:\/\/www.trabzonmanset.com\/index.php\/wp-json\/wp\/v2\/categories?post=9334"},{"taxonomy":"post_tag","embeddable":true,"href":"https:\/\/www.trabzonmanset.com\/index.php\/wp-json\/wp\/v2\/tags?post=9334"}],"curies":[{"name":"wp","href":"https:\/\/api.w.org\/{rel}","templated":true}]}}