{"id":9290,"date":"2026-02-01T19:06:00","date_gmt":"2026-02-01T16:06:00","guid":{"rendered":"https:\/\/www.trabzonmanset.com\/?p=9290"},"modified":"2026-02-01T22:08:13","modified_gmt":"2026-02-01T19:08:13","slug":"akomdan-istanbul-icin-firtina-ve-kar-yagisi-uyarisi","status":"publish","type":"post","link":"https:\/\/www.trabzonmanset.com\/index.php\/2026\/02\/01\/akomdan-istanbul-icin-firtina-ve-kar-yagisi-uyarisi\/","title":{"rendered":"AKOM\u2019dan \u0130stanbul i\u00e7in f\u0131rt\u0131na ve kar ya\u011f\u0131\u015f\u0131 uyar\u0131s\u0131"},"content":{"rendered":"\n<p>\u0130stanbul B\u00fcy\u00fck\u015fehir Belediyesi (\u0130BB) Afet \u0130\u015fleri ve Risk Y\u00f6netimi Daire Ba\u015fkanl\u0131\u011f\u0131 (AKOM), \u0130stanbul ba\u015fta olmak \u00fczere Marmara B\u00f6lgesi i\u00e7in f\u0131rt\u0131na ve kar ya\u011f\u0131\u015f\u0131 uyar\u0131s\u0131nda bulundu.<\/p>\n\n\n\n<p>AKOM, \u0130stanbul ba\u015fta olmak \u00fczere Marmara B\u00f6lgesi genelinin Balkanlar \u00fczerinden gelen serin havan\u0131n etkisi alt\u0131na girdi\u011fini duyurdu. Ge\u00e7ti\u011fimiz hafta boyunca 14-18 derece aral\u0131\u011f\u0131nda seyreden hava s\u0131cakl\u0131klar\u0131 ise, hava sistemindeki de\u011fi\u015fimle birlikte an itibar\u0131yla 7 derece seviyelerine geriledi.<\/p>\n\n\n\n<p>AKOM\u2019un de\u011ferlendirmelerine g\u00f6re bug\u00fcn ak\u015fam saat 18.00\u2019den itibaren r\u00fczg\u00e2r\u0131n kuzeyli y\u00f6nlerden (poyraz) kuvvetlenerek aral\u0131klarla f\u0131rt\u0131na \u015feklinde (40-75 km\/s) esece\u011fi, gece saat 22.00\u2019ye kadar ise yer yer kuvvetli sa\u011fanak ya\u011fmur ge\u00e7i\u015flerinin ya\u015fanmas\u0131n\u0131n beklendi\u011fi belirtildi. Gece saatlerinde etkisini azaltmas\u0131 \u00f6ng\u00f6r\u00fclen ya\u011f\u0131\u015flar\u0131n pazartesi (yar\u0131n) sabah saat 07.00\u2019den itibaren yeniden etkili olmaya ba\u015flamas\u0131 ve g\u00fcn boyunca il genelinde kuvvetli sa\u011fanak ge\u00e7i\u015flerinin g\u00f6r\u00fclmesinin beklendi\u011fi kaydedildi.<\/p>\n\n\n\n<p><strong>So\u011fuk hava ve kar uyar\u0131s\u0131<\/strong><\/p>\n\n\n\n<p>Pazartesi sabah saatlerinden itibaren b\u00f6lgeye giri\u015f yapmas\u0131 beklenen so\u011fuk hava dalgas\u0131 ile birlikte s\u0131cakl\u0131klar\u0131n 2-4 derece daha azalarak kar de\u011ferlerine gerilemesinin, Silivri, \u00c7atalca, Arnavutk\u00f6y, B\u00fcy\u00fck\u00e7ekmece ve Ba\u015fak\u015fehir ba\u015fta olmak \u00fczere bat\u0131 b\u00f6lgelerinde ya\u011f\u0131\u015flar\u0131n karla kar\u0131\u015f\u0131k ya\u011fmur ve yer yer kar \u015feklinde g\u00f6r\u00fclmesinin \u00f6ng\u00f6r\u00fcld\u00fc\u011f\u00fc ifade edildi.<\/p>\n\n\n\n<p><strong>Hafta ortas\u0131nda s\u0131cakl\u0131k art\u0131\u015f\u0131<\/strong><\/p>\n\n\n\n<p>So\u011fuk ve ya\u011f\u0131\u015fl\u0131 havan\u0131n sal\u0131 sabah saatlerine kadar etkisini s\u00fcrd\u00fcrmesi, hafta ortas\u0131ndan (\u00e7ar\u015famba) itibaren ise s\u0131cakl\u0131klar\u0131n yeniden artarak 15 derece seviyelerine ula\u015fmas\u0131 bekleniyor.<\/p>\n\n\n\n<p>Yetkililer, pazar ve pazartesi g\u00fcnleri beklenen kuvvetli sa\u011fanak ya\u011f\u0131\u015flar ile pazartesi ve sal\u0131 sabah\u0131na kadar etkili olmas\u0131 beklenen k\u0131\u015f ko\u015fullar\u0131 nedeniyle ya\u015fanabilecek su bask\u0131n\u0131, g\u00f6llenme, kar ya\u011f\u0131\u015f\u0131, buzlanma, don ve ula\u015f\u0131mda aksamalar gibi olumsuzluklara kar\u015f\u0131 vatanda\u015flar\u0131n dikkatli olmalar\u0131 gerekti\u011fini belirtti.<\/p>\n\n\n\n<p>Kaynak: AA<\/p>\n","protected":false},"excerpt":{"rendered":"<p>\u0130stanbul B\u00fcy\u00fck\u015fehir Belediyesi (\u0130BB) Afet \u0130\u015fleri ve Risk Y\u00f6netimi Daire Ba\u015fkanl\u0131\u011f\u0131 (AKOM), \u0130stanbul ba\u015fta olmak \u00fczere Marmara B\u00f6lgesi i\u00e7in f\u0131rt\u0131na ve kar ya\u011f\u0131\u015f\u0131 uyar\u0131s\u0131nda bulundu. AKOM, \u0130stanbul ba\u015fta olmak \u00fczere Marmara B\u00f6lgesi genelinin Balkanlar \u00fczerinden gelen serin havan\u0131n etkisi alt\u0131na girdi\u011fini duyurdu. Ge\u00e7ti\u011fimiz hafta boyunca 14-18 derece aral\u0131\u011f\u0131nda seyreden hava s\u0131cakl\u0131klar\u0131 ise, hava sistemindeki de\u011fi\u015fimle [&hellip;]<\/p>\n","protected":false},"author":1,"featured_media":9291,"comment_status":"open","ping_status":"open","sticky":false,"template":"","format":"standard","meta":{"footnotes":""},"categories":[530,1],"tags":[3826,3827,506,1335,3828],"class_list":["post-9290","post","type-post","status-publish","format-standard","has-post-thumbnail","hentry","category-cevre","category-gundem","tag-afet-isleri-ve-risk-yonetimi-daire-baskanligi","tag-akom","tag-ibb","tag-istanbul","tag-marmara-bolgesi"],"_links":{"self":[{"href":"https:\/\/www.trabzonmanset.com\/index.php\/wp-json\/wp\/v2\/posts\/9290","targetHints":{"allow":["GET"]}}],"collection":[{"href":"https:\/\/www.trabzonmanset.com\/index.php\/wp-json\/wp\/v2\/posts"}],"about":[{"href":"https:\/\/www.trabzonmanset.com\/index.php\/wp-json\/wp\/v2\/types\/post"}],"author":[{"embeddable":true,"href":"https:\/\/www.trabzonmanset.com\/index.php\/wp-json\/wp\/v2\/users\/1"}],"replies":[{"embeddable":true,"href":"https:\/\/www.trabzonmanset.com\/index.php\/wp-json\/wp\/v2\/comments?post=9290"}],"version-history":[{"count":1,"href":"https:\/\/www.trabzonmanset.com\/index.php\/wp-json\/wp\/v2\/posts\/9290\/revisions"}],"predecessor-version":[{"id":9292,"href":"https:\/\/www.trabzonmanset.com\/index.php\/wp-json\/wp\/v2\/posts\/9290\/revisions\/9292"}],"wp:featuredmedia":[{"embeddable":true,"href":"https:\/\/www.trabzonmanset.com\/index.php\/wp-json\/wp\/v2\/media\/9291"}],"wp:attachment":[{"href":"https:\/\/www.trabzonmanset.com\/index.php\/wp-json\/wp\/v2\/media?parent=9290"}],"wp:term":[{"taxonomy":"category","embeddable":true,"href":"https:\/\/www.trabzonmanset.com\/index.php\/wp-json\/wp\/v2\/categories?post=9290"},{"taxonomy":"post_tag","embeddable":true,"href":"https:\/\/www.trabzonmanset.com\/index.php\/wp-json\/wp\/v2\/tags?post=9290"}],"curies":[{"name":"wp","href":"https:\/\/api.w.org\/{rel}","templated":true}]}}