{"id":9281,"date":"2026-02-01T19:48:00","date_gmt":"2026-02-01T16:48:00","guid":{"rendered":"https:\/\/www.trabzonmanset.com\/?p=9281"},"modified":"2026-02-01T21:51:07","modified_gmt":"2026-02-01T18:51:07","slug":"yariyilin-ardindan-ilk-ders-bayrak-sevgisi-temasiyla-baslayacak","status":"publish","type":"post","link":"https:\/\/www.trabzonmanset.com\/index.php\/2026\/02\/01\/yariyilin-ardindan-ilk-ders-bayrak-sevgisi-temasiyla-baslayacak\/","title":{"rendered":"Yar\u0131y\u0131l\u0131n ard\u0131ndan ilk ders &#8220;Bayrak Sevgisi&#8221; temas\u0131yla ba\u015flayacak"},"content":{"rendered":"\n<p>Milli E\u011fitim Bakan\u0131 Yusuf Tekin, &#8220;Milli kimli\u011fimizin sembol\u00fc \u015fanl\u0131 bayra\u011f\u0131m\u0131z\u0131n sevgisiyle yo\u011frulmu\u015f, de\u011ferlerine ba\u011fl\u0131 bilin\u00e7li nesiller yeti\u015ftirmek ortak hedefimizdir.&#8221; ifadesini kulland\u0131.<\/p>\n\n\n\n<p>NSosyal hesab\u0131ndan payla\u015f\u0131mda bulunan Tekin, yar\u0131y\u0131l tatilinin ard\u0131ndan yar\u0131n ilk dersin &#8220;Bayrak Sevgisi&#8221; temas\u0131yla ba\u015flayaca\u011f\u0131n\u0131 ifade etti.<\/p>\n\n\n\n<p>Tekin, payla\u015f\u0131m\u0131nda \u015funlar\u0131 kaydetti:<\/p>\n\n\n\n<p>&#8220;Milli kimli\u011fimizin sembol\u00fc \u015fanl\u0131 bayra\u011f\u0131m\u0131z\u0131n sevgisiyle yo\u011frulmu\u015f, de\u011ferlerine ba\u011fl\u0131 bilin\u00e7li nesiller yeti\u015ftirmek ortak hedefimizdir. Yeni d\u00f6nemin ilk g\u00fcn\u00fcnde \u00f6\u011frencilerimiz, okullar\u0131n\u0131 T\u00fcrk bayra\u011f\u0131m\u0131zla donatacak resim, \u015fiir ve afi\u015f \u00e7al\u0131\u015fmalar\u0131yla bayrak sevgisini ya\u015fayarak \u00f6\u011frenecek. Bu de\u011ferli \u00e7al\u0131\u015fmalarda t\u00fcm \u00f6\u011frencilerimize ve onlara rehberlik edecek \u00f6\u011fretmenlerimize kolayl\u0131klar diliyorum.&#8221;<\/p>\n\n\n\n<p>Kaynak: AA<\/p>\n","protected":false},"excerpt":{"rendered":"<p>Milli E\u011fitim Bakan\u0131 Yusuf Tekin, &#8220;Milli kimli\u011fimizin sembol\u00fc \u015fanl\u0131 bayra\u011f\u0131m\u0131z\u0131n sevgisiyle yo\u011frulmu\u015f, de\u011ferlerine ba\u011fl\u0131 bilin\u00e7li nesiller yeti\u015ftirmek ortak hedefimizdir.&#8221; ifadesini kulland\u0131. NSosyal hesab\u0131ndan payla\u015f\u0131mda bulunan Tekin, yar\u0131y\u0131l tatilinin ard\u0131ndan yar\u0131n ilk dersin &#8220;Bayrak Sevgisi&#8221; temas\u0131yla ba\u015flayaca\u011f\u0131n\u0131 ifade etti. Tekin, payla\u015f\u0131m\u0131nda \u015funlar\u0131 kaydetti: &#8220;Milli kimli\u011fimizin sembol\u00fc \u015fanl\u0131 bayra\u011f\u0131m\u0131z\u0131n sevgisiyle yo\u011frulmu\u015f, de\u011ferlerine ba\u011fl\u0131 bilin\u00e7li nesiller yeti\u015ftirmek ortak [&hellip;]<\/p>\n","protected":false},"author":1,"featured_media":9282,"comment_status":"open","ping_status":"open","sticky":false,"template":"","format":"standard","meta":{"footnotes":""},"categories":[16,11],"tags":[3812,3814,1299,3813,1298],"class_list":["post-9281","post","type-post","status-publish","format-standard","has-post-thumbnail","hentry","category-egitim","category-manset","tag-bayrak-sevgisi","tag-ders-zili","tag-milli-egitim-bakani","tag-okul","tag-yusuf-tekin"],"_links":{"self":[{"href":"https:\/\/www.trabzonmanset.com\/index.php\/wp-json\/wp\/v2\/posts\/9281","targetHints":{"allow":["GET"]}}],"collection":[{"href":"https:\/\/www.trabzonmanset.com\/index.php\/wp-json\/wp\/v2\/posts"}],"about":[{"href":"https:\/\/www.trabzonmanset.com\/index.php\/wp-json\/wp\/v2\/types\/post"}],"author":[{"embeddable":true,"href":"https:\/\/www.trabzonmanset.com\/index.php\/wp-json\/wp\/v2\/users\/1"}],"replies":[{"embeddable":true,"href":"https:\/\/www.trabzonmanset.com\/index.php\/wp-json\/wp\/v2\/comments?post=9281"}],"version-history":[{"count":1,"href":"https:\/\/www.trabzonmanset.com\/index.php\/wp-json\/wp\/v2\/posts\/9281\/revisions"}],"predecessor-version":[{"id":9283,"href":"https:\/\/www.trabzonmanset.com\/index.php\/wp-json\/wp\/v2\/posts\/9281\/revisions\/9283"}],"wp:featuredmedia":[{"embeddable":true,"href":"https:\/\/www.trabzonmanset.com\/index.php\/wp-json\/wp\/v2\/media\/9282"}],"wp:attachment":[{"href":"https:\/\/www.trabzonmanset.com\/index.php\/wp-json\/wp\/v2\/media?parent=9281"}],"wp:term":[{"taxonomy":"category","embeddable":true,"href":"https:\/\/www.trabzonmanset.com\/index.php\/wp-json\/wp\/v2\/categories?post=9281"},{"taxonomy":"post_tag","embeddable":true,"href":"https:\/\/www.trabzonmanset.com\/index.php\/wp-json\/wp\/v2\/tags?post=9281"}],"curies":[{"name":"wp","href":"https:\/\/api.w.org\/{rel}","templated":true}]}}