{"id":9210,"date":"2026-01-31T18:45:00","date_gmt":"2026-01-31T15:45:00","guid":{"rendered":"https:\/\/www.trabzonmanset.com\/?p=9210"},"modified":"2026-01-31T20:46:59","modified_gmt":"2026-01-31T17:46:59","slug":"suriyede-skandal-gosterdi-israil-bayragi-ve-netanyahu-fotograflariyla-sokaga-indiler","status":"publish","type":"post","link":"https:\/\/www.trabzonmanset.com\/index.php\/2026\/01\/31\/suriyede-skandal-gosterdi-israil-bayragi-ve-netanyahu-fotograflariyla-sokaga-indiler\/","title":{"rendered":"Suriye&#8217;de skandal g\u00f6sterdi: \u0130srail bayra\u011f\u0131 ve Netanyahu foto\u011fraflar\u0131yla soka\u011fa indiler"},"content":{"rendered":"\n<p>Suriye&#8217;nin S\u00fcveyda kentinde, D\u00fcrzilerin liderlerinden Hikmet el-Hecri&#8217;ye ba\u011fl\u0131 gruplar, \u0130srail bayra\u011f\u0131 ve Netanyahu&#8217;nun posterleriyle bir g\u00f6steri d\u00fczenledi.<\/p>\n\n\n\n<ul class=\"wp-block-list\">\n<li>Suriye&#8217;nin S\u00fcveyda kentinde Hikmet el-Hecri&#8217;ye ba\u011fl\u0131 gruplar \u0130srail bayra\u011f\u0131 ve Binyamin Netanyahu&#8217;nun posterleriyle g\u00f6steri d\u00fczenledi.<\/li>\n\n\n\n<li>G\u00f6steriye onlarca ki\u015fi kat\u0131ld\u0131 ve kat\u0131l\u0131m\u0131n s\u0131n\u0131rl\u0131 kald\u0131\u011f\u0131 belirtildi.<\/li>\n\n\n\n<li>S\u00fcveyda&#8217;da 13 Temmuz&#8217;da bedevi Arap a\u015firetleri ile D\u00fcrzi silahl\u0131 gruplar aras\u0131nda \u00e7at\u0131\u015fmalar ya\u015fand\u0131 ve Suriye g\u00fcvenlik g\u00fc\u00e7lerine sald\u0131r\u0131larda onlarca asker \u00f6ld\u00fc.<\/li>\n<\/ul>\n\n\n\n<p><strong>Suriye<\/strong>&#8216;nin g\u00fcneyindeki S\u00fcveyda kent merkezinde, D\u00fcrzilerin bir k\u0131sm\u0131n\u0131n lideri olan Hikmet el-Hecri &#8216;ye ba\u011fl\u0131 gruplar taraf\u0131ndan d\u00fczenlenen g\u00f6steride \u0130srail bayra\u011f\u0131 ile \u0130srail Ba\u015fbakan\u0131 Binyamin Netanyahu&#8217;nun posterleri ta\u015f\u0131nd\u0131.<\/p>\n\n\n\n<h3 class=\"wp-block-heading\">NETANYAHU FOTO\u011eRAFI VE \u0130SRA\u0130L BAYRA\u011eI TA\u015eIDILAR<\/h3>\n\n\n\n<p>Sosyal medyada payla\u015f\u0131lan g\u00f6r\u00fcnt\u00fclere g\u00f6re, Hecri &#8216;ye ba\u011fl\u0131 onlarca ki\u015fi &#8220;Olmak ya da olmamak&#8221; slogan\u0131yla d\u00fczenlenen g\u00f6steriye kat\u0131ld\u0131. G\u00f6stericilerin \u0130srail bayra\u011f\u0131 ile Netanyahu&#8217;nun foto\u011fraflar\u0131n\u0131 ta\u015f\u0131mas\u0131 dikkati \u00e7ekti.<\/p>\n\n\n\n<h3 class=\"wp-block-heading\">KATILIM SINIRLI KALDI<\/h3>\n\n\n\n<p>Sosyal medyada yap\u0131lan yorumlarda, kat\u0131l\u0131m\u0131n s\u0131n\u0131rl\u0131 kald\u0131\u011f\u0131 ve beklenen yo\u011funlu\u011fun olu\u015fmad\u0131\u011f\u0131n\u0131n g\u00f6zlendi\u011fi kaydedildi.<\/p>\n\n\n\n<figure class=\"wp-block-image\"><img decoding=\"async\" src=\"https:\/\/foto.haberler.com\/crop\/640x480\/haber\/2026\/01\/31\/suriye-nin-suveyda-kentinde-gosteri-duzenleyen-19523383_6104_m.jpg\" alt=\"Suriye'nin S\u00fcveyda kentinde g\u00f6steri d\u00fczenleyen D\u00fcrziler, \u0130srail bayra\u011f\u0131 ve Netanyahu'nun foto\u011fraf\u0131n\u0131 ta\u015f\u0131d\u0131\"\/><\/figure>\n\n\n\n<p>G\u00f6steri, D\u00fcrzilerin uluslararas\u0131 koruma alt\u0131na al\u0131nmas\u0131 ve konunun uluslararas\u0131la\u015ft\u0131r\u0131lmas\u0131 y\u00f6n\u00fcndeki \u00e7a\u011fr\u0131larla e\u015f zamanl\u0131 ger\u00e7ekle\u015firken, S\u00fcveyda&#8217;daki baz\u0131 yerel \u00e7evreler \u0130srail&#8217;e ait sembollerin kullan\u0131lmas\u0131n\u0131, toplumsal ve ulusal yap\u0131y\u0131 tehdit eden bir geli\u015fme olarak de\u011ferlendirdi.<\/p>\n\n\n\n<h3 class=\"wp-block-heading\">S\u00dcVEYDA B\u00d6LGES\u0130NDE YA\u015eANANLAR<\/h3>\n\n\n\n<p><strong>Suriye<\/strong>&#8216;nin g\u00fcneyindeki S\u00fcveyda ilinde 13 Temmuz&#8217;da bedevi Arap a\u015firetleri ile D\u00fcrzi silahl\u0131 gruplar aras\u0131nda \u00e7at\u0131\u015fmalar ya\u015fanm\u0131\u015ft\u0131.<\/p>\n\n\n\n<p>B\u00f6lgeye sevk edilen Suriye g\u00fcvenlik g\u00fc\u00e7lerine D\u00fcrzi gruplar\u0131n sald\u0131r\u0131lar\u0131nda onlarca asker \u00f6lm\u00fc\u015ft\u00fc.<\/p>\n\n\n\n<p>\u0130srail de daha sonra D\u00fcrzileri koruma bahanesiyle Suriye g\u00fcvenlik g\u00fc\u00e7lerini hedef alan sald\u0131r\u0131lar d\u00fczenlemi\u015fti.<\/p>\n\n\n\n<p>Suriye D\u0131\u015fi\u015fleri Bakan\u0131 Esad Hasan \u015eeybani, \u00dcrd\u00fcn D\u0131\u015fi\u015fleri Bakan\u0131 Eymen es-Safedi ve ABD&#8217;nin Ankara B\u00fcy\u00fckel\u00e7isi ve Suriye \u00d6zel Temsilcisi Tom Barrack 16 Eyl\u00fcl&#8217;de ba\u015fkent \u015eam&#8217;daki Ti\u015frin Saray\u0131&#8217;nda bir araya gelmi\u015f, S\u00fcveyda&#8217;daki olaylar i\u00e7in ortak yol haritas\u0131nda anla\u015f\u0131ld\u0131\u011f\u0131n\u0131 duyurmu\u015ftu.<\/p>\n\n\n\n<p>Yol haritas\u0131nda, &#8220;sivillere ve mallar\u0131na zarar verenlerin uluslararas\u0131 sistemle tam koordinasyon i\u00e7inde soru\u015fturulup hesap vermesinin sa\u011flanaca\u011f\u0131, S\u00fcveyda&#8217;ya insani ve t\u0131bbi yard\u0131mlar\u0131n kesintisiz ula\u015ft\u0131r\u0131laca\u011f\u0131, zarar g\u00f6renlere tazminat \u00f6denece\u011fi, k\u00f6y ve kasabalar\u0131n onar\u0131laca\u011f\u0131 ve g\u00f6\u00e7 edenlerin d\u00f6n\u00fc\u015f\u00fcn\u00fcn kolayla\u015ft\u0131r\u0131laca\u011f\u0131&#8221; ifade edilmi\u015fti.<\/p>\n\n\n\n<p>Kaynak: AA<\/p>\n","protected":false},"excerpt":{"rendered":"<p>Suriye&#8217;nin S\u00fcveyda kentinde, D\u00fcrzilerin liderlerinden Hikmet el-Hecri&#8217;ye ba\u011fl\u0131 gruplar, \u0130srail bayra\u011f\u0131 ve Netanyahu&#8217;nun posterleriyle bir g\u00f6steri d\u00fczenledi. Suriye&#8216;nin g\u00fcneyindeki S\u00fcveyda kent merkezinde, D\u00fcrzilerin bir k\u0131sm\u0131n\u0131n lideri olan Hikmet el-Hecri &#8216;ye ba\u011fl\u0131 gruplar taraf\u0131ndan d\u00fczenlenen g\u00f6steride \u0130srail bayra\u011f\u0131 ile \u0130srail Ba\u015fbakan\u0131 Binyamin Netanyahu&#8217;nun posterleri ta\u015f\u0131nd\u0131. NETANYAHU FOTO\u011eRAFI VE \u0130SRA\u0130L BAYRA\u011eI TA\u015eIDILAR Sosyal medyada payla\u015f\u0131lan g\u00f6r\u00fcnt\u00fclere g\u00f6re, [&hellip;]<\/p>\n","protected":false},"author":1,"featured_media":9211,"comment_status":"open","ping_status":"open","sticky":false,"template":"","format":"standard","meta":{"footnotes":""},"categories":[127],"tags":[3766,3767,172,905,797,3765],"class_list":["post-9210","post","type-post","status-publish","format-standard","has-post-thumbnail","hentry","category-dunya","tag-durziler","tag-hikmet-el-hecri","tag-israil","tag-netanyahu","tag-suriye","tag-suveyda"],"_links":{"self":[{"href":"https:\/\/www.trabzonmanset.com\/index.php\/wp-json\/wp\/v2\/posts\/9210","targetHints":{"allow":["GET"]}}],"collection":[{"href":"https:\/\/www.trabzonmanset.com\/index.php\/wp-json\/wp\/v2\/posts"}],"about":[{"href":"https:\/\/www.trabzonmanset.com\/index.php\/wp-json\/wp\/v2\/types\/post"}],"author":[{"embeddable":true,"href":"https:\/\/www.trabzonmanset.com\/index.php\/wp-json\/wp\/v2\/users\/1"}],"replies":[{"embeddable":true,"href":"https:\/\/www.trabzonmanset.com\/index.php\/wp-json\/wp\/v2\/comments?post=9210"}],"version-history":[{"count":1,"href":"https:\/\/www.trabzonmanset.com\/index.php\/wp-json\/wp\/v2\/posts\/9210\/revisions"}],"predecessor-version":[{"id":9212,"href":"https:\/\/www.trabzonmanset.com\/index.php\/wp-json\/wp\/v2\/posts\/9210\/revisions\/9212"}],"wp:featuredmedia":[{"embeddable":true,"href":"https:\/\/www.trabzonmanset.com\/index.php\/wp-json\/wp\/v2\/media\/9211"}],"wp:attachment":[{"href":"https:\/\/www.trabzonmanset.com\/index.php\/wp-json\/wp\/v2\/media?parent=9210"}],"wp:term":[{"taxonomy":"category","embeddable":true,"href":"https:\/\/www.trabzonmanset.com\/index.php\/wp-json\/wp\/v2\/categories?post=9210"},{"taxonomy":"post_tag","embeddable":true,"href":"https:\/\/www.trabzonmanset.com\/index.php\/wp-json\/wp\/v2\/tags?post=9210"}],"curies":[{"name":"wp","href":"https:\/\/api.w.org\/{rel}","templated":true}]}}