{"id":9107,"date":"2026-01-27T21:13:00","date_gmt":"2026-01-27T18:13:00","guid":{"rendered":"https:\/\/www.trabzonmanset.com\/?p=9107"},"modified":"2026-01-27T23:15:43","modified_gmt":"2026-01-27T20:15:43","slug":"turk-telekomun-hizmetlerinin-ozel-sektore-devredilecegi-iddiasina-yalanlama","status":"publish","type":"post","link":"https:\/\/www.trabzonmanset.com\/index.php\/2026\/01\/27\/turk-telekomun-hizmetlerinin-ozel-sektore-devredilecegi-iddiasina-yalanlama\/","title":{"rendered":"T\u00fcrk Telekom&#8217;un hizmetlerinin \u00f6zel sekt\u00f6re devredilece\u011fi iddias\u0131na yalanlama"},"content":{"rendered":"\n<p>Cumhurba\u015fkanl\u0131\u011f\u0131 \u0130leti\u015fim Ba\u015fkanl\u0131\u011f\u0131, T\u00fcrk Telekom&#8217;un hizmetlerinin \u00f6zel sekt\u00f6re devredilece\u011fi y\u00f6n\u00fcndeki iddialar\u0131n as\u0131ls\u0131z oldu\u011funu a\u00e7\u0131klad\u0131.<\/p>\n\n\n\n<ul class=\"wp-block-list\">\n<li>Dezenformasyonla M\u00fccadele Merkezi, T\u00fcrk Telekom&#8217;un hizmetlerinin \u00f6zel \u015firketlere devredilece\u011fi iddialar\u0131n\u0131n dezenformasyon i\u00e7erdi\u011fini a\u00e7\u0131klad\u0131.<\/li>\n\n\n\n<li>T\u00fcrk Telekom&#8217;daki uygulama, sekt\u00f6rde yayg\u0131n kullan\u0131lan ve hizmet devri anlam\u0131na gelmeyen rutin operasyonel s\u00fcre\u00e7lerdir.<\/li>\n\n\n\n<li>Abonelere y\u00fczde 100 zam yap\u0131laca\u011f\u0131 y\u00f6n\u00fcndeki s\u00f6ylemler as\u0131ls\u0131zd\u0131r.<\/li>\n<\/ul>\n\n\n\n<p>Dezenformasyonla M\u00fccadele Merkezi, &#8221; <strong>T\u00fcrk Telekom<\/strong>&#8216;un hizmetlerinin \u00f6zel \u015firketlere devredilece\u011fi ve bu durumun kamu zarar\u0131na yol a\u00e7aca\u011f\u0131&#8221; y\u00f6n\u00fcndeki iddialar\u0131n dezenformasyon i\u00e7erdi\u011fini a\u00e7\u0131klad\u0131.<\/p>\n\n\n\n<h3 class=\"wp-block-heading\">T\u00dcRK TELEKOM&#8217;LA \u0130LG\u0130L\u0130 &#8220;DEV\u0130R&#8221; \u0130DD\u0130ASINA YALANLAMA<\/h3>\n\n\n\n<p><strong>T\u00fcrk Telekom<\/strong>&#8216;un hizmetlerinin \u00f6zel \u015firketlere devredilece\u011fi iddias\u0131 ortal\u0131\u011f\u0131 kar\u0131\u015ft\u0131rd\u0131. \u0130ddiaya Cumhurba\u015fkanl\u0131\u011f\u0131 \u0130leti\u015fim Ba\u015fkanl\u0131\u011f\u0131 Dezenformasyonla M\u00fccadele Merkezi&#8217;nden yalanlama geldi.<\/p>\n\n\n\n<h3 class=\"wp-block-heading\">\u0130LET\u0130\u015e\u0130M BA\u015eKANLI\u011eI&#8217;NDAN A\u00c7IKLAMA GELD\u0130<\/h3>\n\n\n\n<p>Dezenformasyonla M\u00fccadele Merkezinin sosyal medya hesab\u0131ndan yap\u0131lan a\u00e7\u0131klamada, &#8220;Baz\u0131 bas\u0131n yay\u0131n organlar\u0131 ve sosyal medya mecralar\u0131nda yer alan; &#8216; <strong>T\u00fcrk Telekom<\/strong>&#8216;un hizmetlerinin \u00f6zel \u015firketlere devredilece\u011fi ve bu durumun kamu zarar\u0131na yol a\u00e7aca\u011f\u0131&#8217; y\u00f6n\u00fcndeki iddialar dezenformasyon i\u00e7ermektedir. T\u00fcrk Telekom&#8217;da s\u00f6z konusu olan uygulama, sekt\u00f6rde yayg\u0131n \u015fekilde kullan\u0131lan ve herhangi bir hizmet devri anlam\u0131na gelmeyen rutin operasyonel s\u00fcre\u00e7lerdir. Bu i\u015f modelinde iddiaya konu bir kamu zarar\u0131 olmad\u0131\u011f\u0131 gibi abonelere y\u00fczde 100 zam yap\u0131laca\u011f\u0131 y\u00f6n\u00fcndeki s\u00f6ylemler de as\u0131ls\u0131zd\u0131r. Kamuoyunu yan\u0131ltmaya y\u00f6nelik spek\u00fclatif iddialara itibar edilmemesi \u00f6nemle rica olunur&#8221; denildi.<\/p>\n\n\n\n<p>Kaynak: \u0130hlas Haber Ajans\u0131<\/p>\n\n\n\n<p><\/p>\n","protected":false},"excerpt":{"rendered":"<p>Cumhurba\u015fkanl\u0131\u011f\u0131 \u0130leti\u015fim Ba\u015fkanl\u0131\u011f\u0131, T\u00fcrk Telekom&#8217;un hizmetlerinin \u00f6zel sekt\u00f6re devredilece\u011fi y\u00f6n\u00fcndeki iddialar\u0131n as\u0131ls\u0131z oldu\u011funu a\u00e7\u0131klad\u0131. Dezenformasyonla M\u00fccadele Merkezi, &#8221; T\u00fcrk Telekom&#8216;un hizmetlerinin \u00f6zel \u015firketlere devredilece\u011fi ve bu durumun kamu zarar\u0131na yol a\u00e7aca\u011f\u0131&#8221; y\u00f6n\u00fcndeki iddialar\u0131n dezenformasyon i\u00e7erdi\u011fini a\u00e7\u0131klad\u0131. T\u00dcRK TELEKOM&#8217;LA \u0130LG\u0130L\u0130 &#8220;DEV\u0130R&#8221; \u0130DD\u0130ASINA YALANLAMA T\u00fcrk Telekom&#8216;un hizmetlerinin \u00f6zel \u015firketlere devredilece\u011fi iddias\u0131 ortal\u0131\u011f\u0131 kar\u0131\u015ft\u0131rd\u0131. \u0130ddiaya Cumhurba\u015fkanl\u0131\u011f\u0131 \u0130leti\u015fim Ba\u015fkanl\u0131\u011f\u0131 [&hellip;]<\/p>\n","protected":false},"author":1,"featured_media":9108,"comment_status":"open","ping_status":"open","sticky":false,"template":"","format":"standard","meta":{"footnotes":""},"categories":[1],"tags":[3720,1762],"class_list":["post-9107","post","type-post","status-publish","format-standard","has-post-thumbnail","hentry","category-gundem","tag-iletisim-baskanligi","tag-turk-telekom"],"_links":{"self":[{"href":"https:\/\/www.trabzonmanset.com\/index.php\/wp-json\/wp\/v2\/posts\/9107","targetHints":{"allow":["GET"]}}],"collection":[{"href":"https:\/\/www.trabzonmanset.com\/index.php\/wp-json\/wp\/v2\/posts"}],"about":[{"href":"https:\/\/www.trabzonmanset.com\/index.php\/wp-json\/wp\/v2\/types\/post"}],"author":[{"embeddable":true,"href":"https:\/\/www.trabzonmanset.com\/index.php\/wp-json\/wp\/v2\/users\/1"}],"replies":[{"embeddable":true,"href":"https:\/\/www.trabzonmanset.com\/index.php\/wp-json\/wp\/v2\/comments?post=9107"}],"version-history":[{"count":1,"href":"https:\/\/www.trabzonmanset.com\/index.php\/wp-json\/wp\/v2\/posts\/9107\/revisions"}],"predecessor-version":[{"id":9109,"href":"https:\/\/www.trabzonmanset.com\/index.php\/wp-json\/wp\/v2\/posts\/9107\/revisions\/9109"}],"wp:featuredmedia":[{"embeddable":true,"href":"https:\/\/www.trabzonmanset.com\/index.php\/wp-json\/wp\/v2\/media\/9108"}],"wp:attachment":[{"href":"https:\/\/www.trabzonmanset.com\/index.php\/wp-json\/wp\/v2\/media?parent=9107"}],"wp:term":[{"taxonomy":"category","embeddable":true,"href":"https:\/\/www.trabzonmanset.com\/index.php\/wp-json\/wp\/v2\/categories?post=9107"},{"taxonomy":"post_tag","embeddable":true,"href":"https:\/\/www.trabzonmanset.com\/index.php\/wp-json\/wp\/v2\/tags?post=9107"}],"curies":[{"name":"wp","href":"https:\/\/api.w.org\/{rel}","templated":true}]}}