{"id":9104,"date":"2026-01-27T20:09:00","date_gmt":"2026-01-27T17:09:00","guid":{"rendered":"https:\/\/www.trabzonmanset.com\/?p=9104"},"modified":"2026-01-27T23:11:34","modified_gmt":"2026-01-27T20:11:34","slug":"disisleri-bakani-fidan-fransiz-mevkidasi-barrot-ile-ortak-basin-toplantisinda-konustu","status":"publish","type":"post","link":"https:\/\/www.trabzonmanset.com\/index.php\/2026\/01\/27\/disisleri-bakani-fidan-fransiz-mevkidasi-barrot-ile-ortak-basin-toplantisinda-konustu\/","title":{"rendered":"D\u0131\u015fi\u015fleri Bakan\u0131 Fidan, Frans\u0131z mevkida\u015f\u0131 Barrot ile ortak bas\u0131n toplant\u0131s\u0131nda konu\u015ftu"},"content":{"rendered":"\n<p>Bakan Fidan &#8220;\u0130ki \u00fclkenin hem NATO&#8217;da hem Avrupa g\u00fcvenli\u011finde oynad\u0131\u011f\u0131 \u00f6nemli rol\u00fc dikkate ald\u0131\u011f\u0131m\u0131zda burada yapabilece\u011fimiz \u00e7ok \u015feyler olabilece\u011finin, bunun i\u00e7in daha fazla bir araya gelip baz\u0131 konular\u0131 tart\u0131\u015fmam\u0131z gerekti\u011finin alt\u0131n\u0131 \u00e7izdik&#8221; dedi.<\/p>\n\n\n\n<p>D\u0131\u015fi\u015fleri Bakan\u0131 Hakan Fidan, Fransa D\u0131\u015fi\u015fleri Bakan\u0131 Jean-Noel Barrot ile Ankara&#8217;daki g\u00f6r\u00fc\u015fmesinin ard\u0131ndan d\u00fczenlenen ortak bas\u0131n toplant\u0131s\u0131nda konu\u015ftu.<\/p>\n\n\n\n<p>Fidan, Frans\u0131z mevkida\u015f\u0131n\u0131 T\u00fcrkiye&#8217;de a\u011f\u0131rlamaktan memnuniyet duydu\u011funu, kendisiyle \u00e7ok verimli g\u00f6r\u00fc\u015fmeler yapt\u0131klar\u0131n\u0131 ve T\u00fcrkiye-Fransa ili\u015fkilerine de\u011findiklerini s\u00f6yledi.<\/p>\n\n\n\n<p>Fransa-Avrupa Birli\u011fi (AB) ili\u015fkilerini, Fransa ve T\u00fcrkiye&#8217;yi de yak\u0131ndan ilgilendiren b\u00f6lgesel ve k\u00fcresel konular\u0131 detayl\u0131ca ele alma imkan\u0131 bulduklar\u0131n\u0131 aktaran Fidan, iki \u00fclke cumhurba\u015fkanlar\u0131n\u0131n, T\u00fcrkiye-Fransa ili\u015fkilerinin daha da ileri ta\u015f\u0131nmas\u0131 i\u00e7in kendilerine siyasi direktiflerini verdi\u011fini belirtti.<\/p>\n\n\n\n<p>Fidan, iki \u00fclke aras\u0131ndaki ticari, ekonomik, siyasi ve di\u011fer alanlardaki ili\u015fkiler nas\u0131l daha ileriye ta\u015f\u0131nabilir diye var g\u00fc\u00e7leriyle \u00e7al\u0131\u015ft\u0131klar\u0131n\u0131 dile getirdi.<\/p>\n\n\n\n<figure class=\"wp-block-image\"><img decoding=\"async\" src=\"https:\/\/www.aa.com.tr\/uploads\/userFiles\/23525b19-4139-468c-8051-ba931b6738e4\/AGUSTOS%202024%2Ffricc7.jpg\" alt=\"\"\/><\/figure>\n\n\n\n<p>T\u00fcrkiye-AB konular\u0131nda da \u015fu anda mevcut olan t\u0131kan\u0131kl\u0131\u011f\u0131n a\u015f\u0131lmas\u0131na ve neler yap\u0131labilece\u011fine dair meslekta\u015f\u0131yla g\u00f6r\u00fc\u015f al\u0131\u015fveri\u015finde bulunduklar\u0131n\u0131 belirterek, \u015funlar\u0131 kaydetti:<\/p>\n\n\n\n<p>&#8220;Biliyorsunuz \u015fu anda \u00f6n\u00fcm\u00fczde birka\u00e7 tane hedef var. Bunlardan biri G\u00fcmr\u00fck Birli\u011fi Anla\u015fmas\u0131&#8217;n\u0131n g\u00fcncellenmesi, di\u011feri de vize serbestisi anla\u015fmas\u0131n\u0131n devreye girmesi. Yani bu konuyu nas\u0131l ilerletebiliriz, neler yapar\u0131z, di\u011fer birtak\u0131m aram\u0131zda var olan konular neler, onlar\u0131 da g\u00f6r\u00fc\u015ft\u00fck. Ayr\u0131ca Avrupa g\u00fcvenli\u011fi kapsam\u0131nda NATO&#8217;nun i\u00e7erisinde Avrupa g\u00fcvenli\u011fini nas\u0131l ilerletebiliriz, neler yap\u0131labilir, bu konuyla da ilgili ger\u00e7ekten nitelikli g\u00f6r\u00fc\u015f al\u0131\u015fveri\u015finde bulunduk.&#8221; ifadelerini kulland\u0131.<\/p>\n\n\n\n<p>&#8220;\u0130ki \u00fclkenin hem NATO&#8217;da hem Avrupa g\u00fcvenli\u011finde oynad\u0131\u011f\u0131 \u00f6nemli rol\u00fc dikkate ald\u0131\u011f\u0131m\u0131zda burada da yapabilece\u011fimiz \u00e7ok \u015feyler olabilece\u011finin, bunun i\u00e7in de daha fazla bir araya gelip baz\u0131 konular\u0131 tart\u0131\u015fmam\u0131z gerekti\u011finin alt\u0131n\u0131 \u00e7izdik.&#8221; diyen Fidan, b\u00f6lgesel konularla ilgili Fransa ile T\u00fcrkiye&#8217;nin \u00f6n\u00fcnde b\u00fcy\u00fck bir i\u015fbirli\u011fi ve g\u00f6r\u00fc\u015fme dosyas\u0131 oldu\u011funu aktard\u0131.<\/p>\n\n\n\n<figure class=\"wp-block-image\"><img decoding=\"async\" src=\"https:\/\/www.aa.com.tr\/uploads\/userFiles\/23525b19-4139-468c-8051-ba931b6738e4\/AGUSTOS%202024%2Ffricc2.jpg\" alt=\"\"\/><\/figure>\n\n\n\n<h3 class=\"wp-block-heading\">B\u00f6lgesel ve k\u00fcresel meseleler ele al\u0131nd\u0131<\/h3>\n\n\n\n<p>B\u00f6lgesel konularla ilgili iki \u00fclkenin \u00f6n\u00fcnde b\u00fcy\u00fck bir i\u015fbirli\u011fi ve g\u00f6r\u00fc\u015fme dosyas\u0131 bulundu\u011funu vurgulayan Fidan, bunlar aras\u0131nda Suriye, Gazze, \u0130ran&#8217;daki geli\u015fmeler, Akdeniz g\u00fcvenli\u011fi, Rusya-Ukrayna Sava\u015f\u0131 gibi k\u00fcresel g\u00fcvenli\u011fi ilgilendiren konular oldu\u011fu bilgisini payla\u015ft\u0131.<\/p>\n\n\n\n<p>Fidan, ter\u00f6r \u00f6rg\u00fct\u00fc DEA\u015e&#8217;a kar\u015f\u0131 m\u00fccadelenin kesintisiz devam etmesi i\u00e7in neler yap\u0131laca\u011f\u0131n\u0131 da ele ald\u0131klar\u0131na, bunun \u00f6nemli bir mesele oldu\u011funa dikkati \u00e7ekti.<\/p>\n\n\n\n<p>Frans\u0131z mevkida\u015f\u0131yla G\u00f6n\u00fcll\u00fcler Koalisyonunun devam eden \u00e7al\u0131\u015fmalar\u0131 ve bu konuda T\u00fcrkiye&#8217;nin yapabilece\u011fi katk\u0131lar ile Rusya-Ukrayna aras\u0131ndaki g\u00f6r\u00fc\u015fmelerde gelinen son a\u015famay\u0131 da masaya yat\u0131rma imkanlar\u0131 oldu\u011funu belirten Fidan, konu\u015fmas\u0131nda belirtemedi\u011fi bir\u00e7ok konu oldu\u011funu, bunun da iki \u00fclke ili\u015fkilerinin &#8220;konu seti geni\u015fli\u011fini&#8221; g\u00f6sterdi\u011fini s\u00f6yledi.<\/p>\n\n\n\n<p>Fidan, Frans\u0131z mevkida\u015f\u0131na ziyareti ve nitelikli g\u00f6r\u00fc\u015fme nedeniyle te\u015fekk\u00fcrlerini sundu.<\/p>\n\n\n\n<figure class=\"wp-block-image\"><img decoding=\"async\" src=\"https:\/\/www.aa.com.tr\/uploads\/userFiles\/23525b19-4139-468c-8051-ba931b6738e4\/AGUSTOS%202024%2Ffricc3.jpg\" alt=\"\"\/><\/figure>\n\n\n\n<h3 class=\"wp-block-heading\">Ter\u00f6rle m\u00fccadelede ikili i\u015fbirli\u011fi<\/h3>\n\n\n\n<p>Barrot da T\u00fcrkiye ile s\u00fcrekli ve yak\u0131n i\u015fbirli\u011fi ve ileti\u015fimin bulundu\u011funu belirterek, Cumhurba\u015fkan\u0131 Recep Tayyip Erdo\u011fan ile Fransa Cumhurba\u015fkan\u0131 Emmanuel Macron&#8217;un her konuda g\u00f6r\u00fc\u015fmelerini s\u00fcrd\u00fcrd\u00fc\u011f\u00fcn\u00fc ifade etti.<\/p>\n\n\n\n<p>Barrot, d\u0131\u015fi\u015fleri bakanlar\u0131 olarak da g\u00f6r\u00fc\u015fmelerinin her zaman devam etti\u011fini, b\u00f6lgesel ve uluslararas\u0131 istikrar i\u00e7in bunun son derece \u00f6nemli oldu\u011funu s\u00f6yledi.<\/p>\n\n\n\n<p>Ter\u00f6rle m\u00fccadelenin ikili i\u015fbirli\u011finin \u00f6nemli konular\u0131ndan biri oldu\u011funa dikkati \u00e7eken Barrot, iki \u00fclkenin ter\u00f6r \u00f6rg\u00fct\u00fc DEA\u015e dahil \u00f6nemli tehditlerle kar\u015f\u0131 kar\u015f\u0131ya oldu\u011funu dile getirdi.<\/p>\n\n\n\n<p>Barrot, bu \u00e7er\u00e7evede Suriye&#8217;deki geli\u015fmeleri ele ald\u0131klar\u0131n\u0131 aktararak Suriye&#8217;de h\u0131zl\u0131 bir ilerleme oldu\u011funu kaydetti.<\/p>\n\n\n\n<p>Ukrayna&#8217;ya destekten bahsettiklerine de\u011finen Barrot, &#8220;Fransa, T\u00fcrkiye&#8217;nin G\u00f6n\u00fcll\u00fcler Koalisyonuna kat\u0131l\u0131m\u0131n\u0131 destekliyor ve olumlu buluyor. Rus sald\u0131r\u0131lar\u0131na kar\u015f\u0131 bask\u0131y\u0131 art\u0131rmal\u0131y\u0131z. Rusya&#8217;n\u0131n petrol kaynaklar\u0131n\u0131 azaltmal\u0131y\u0131z. Bu kapsamdaki hayalet filo ile m\u00fccadelemizi devam ettirmeliyiz. Karadeniz i\u00e7in bu \u00f6nemli.&#8221; ifadelerini kulland\u0131.<\/p>\n\n\n\n<p>Barrot, T\u00fcrkiye&#8217;nin Gazze&#8217;deki ate\u015fkesin garant\u00f6rlerinden biri oldu\u011funu belirterek, ate\u015fkesin sa\u011fland\u0131\u011f\u0131ndan emin olunmas\u0131 gerekti\u011fini s\u00f6yledi.<\/p>\n\n\n\n<figure class=\"wp-block-image\"><img decoding=\"async\" src=\"https:\/\/www.aa.com.tr\/uploads\/userFiles\/23525b19-4139-468c-8051-ba931b6738e4\/AGUSTOS%202024%2Ffricc4.jpg\" alt=\"\"\/><\/figure>\n\n\n\n<h3 class=\"wp-block-heading\">&#8220;T\u00fcrkiye ve Fransa Gazze&#8217;de siyasi ge\u00e7i\u015f s\u00fcrecinde \u00f6nemli rol oynayacak&#8221;<\/h3>\n\n\n\n<p>\u0130nsani koridorlar vas\u0131tas\u0131yla insani yard\u0131mlar\u0131n Gazze&#8217;ye ula\u015ft\u0131\u011f\u0131ndan emin olunmas\u0131 gerekti\u011fini vurgulayan Barrot, &#8220;New York&#8217;taki beyanname kapsam\u0131nda iki devletli \u00e7\u00f6z\u00fcm i\u00e7in, T\u00fcrkiye&#8217;nin ve Fransa&#8217;n\u0131n Gazze&#8217;de siyasi ge\u00e7i\u015f s\u00fcrecinde oynayacak \u00f6nemli g\u00f6revleri var.&#8221; dedi.<\/p>\n\n\n\n<p>Barrot, G\u00fcney Kafkasya&#8217;da ise Fransa&#8217;n\u0131n Ermenistan-Azerbaycan ve T\u00fcrkiye-Ermenistan ili\u015fkilerinin normalle\u015fme s\u00fcrecini destekledi\u011fine i\u015faret ederek &#8220;Bu kapsamda s\u0131n\u0131rlar\u0131n yeniden a\u00e7\u0131lmas\u0131, her iki devletin egemenli\u011fi kapsam\u0131nda b\u00f6lgesel etkinli\u011fin art\u0131r\u0131lmas\u0131, b\u00f6lgenin refah\u0131 ve herkesin faydas\u0131 i\u00e7in son derece \u00f6nemli.&#8221; diye konu\u015ftu.<\/p>\n\n\n\n<p>Fidan ile g\u00f6r\u00fc\u015fmede NATO kapsam\u0131ndaki i\u015fbirli\u011finden de bahsettiklerini anlatan Barrot, temmuzda T\u00fcrkiye&#8217;nin NATO Zirvesi&#8217;ne ev sahipli\u011fi yapaca\u011f\u0131n\u0131 hat\u0131rlatt\u0131.<\/p>\n\n\n\n<figure class=\"wp-block-image\"><img decoding=\"async\" src=\"https:\/\/www.aa.com.tr\/uploads\/userFiles\/23525b19-4139-468c-8051-ba931b6738e4\/AGUSTOS%202024%2Ffricc5.jpg\" alt=\"\"\/><\/figure>\n\n\n\n<h3 class=\"wp-block-heading\">&#8220;T\u00fcrkiye ve Fransa k\u00fcresel \u00f6nemli g\u00f6revler \u00fcstlenecek&#8221;<\/h3>\n\n\n\n<p>Barrot, Fransa&#8217;n\u0131n NATO \u00e7er\u00e7evesinde Gr\u00f6nland&#8217;da d\u00fczenlenebilecek bir tatbikata kat\u0131lmaya haz\u0131r oldu\u011funu belirtti.<\/p>\n\n\n\n<p>Fransa ve T\u00fcrkiye&#8217;nin uluslararas\u0131 alanda oynayaca\u011f\u0131 rollere ili\u015fkin Barrot, &#8220;\u0130ki \u00fclke de k\u00fcresel konularda \u00f6nemli bir g\u00f6rev \u00fcstlenecek. Fransa G7&#8217;nin ba\u015fkanl\u0131\u011f\u0131n\u0131, T\u00fcrkiye ise (Birle\u015fmi\u015f Milletler \u0130klim De\u011fi\u015fikli\u011fi \u00c7er\u00e7eve S\u00f6zle\u015fmesi 31. Taraflar Konferans\u0131) COP31&#8217;i a\u011f\u0131rlayacak. Bu \u00e7er\u00e7eve i\u00e7erisinde ileti\u015fimimizi s\u00fcrd\u00fcrmemiz son derece elzem. Biyo\u00e7e\u015fitlili\u011fin korunmas\u0131 ve iklim de\u011fi\u015fikli\u011fiyle m\u00fccadele gibi konulardaki etkinliklerimiz son derece \u00f6nemli.&#8221; ifadelerini kulland\u0131.<\/p>\n\n\n\n<p>T\u00fcrkiye-Fransa ortakl\u0131\u011f\u0131n\u0131n her seviyede ve a\u015famada son derece yo\u011fun oldu\u011funun alt\u0131n\u0131 \u00e7izen Barrot, bunun \u00f6rne\u011finin ise ekonomik alanda i\u015fbirli\u011fi oldu\u011funa i\u015faret etti.<\/p>\n\n\n\n<p>Barrot, 2025&#8217;te ticaret hacmi a\u00e7\u0131s\u0131ndan 23 milyar avroyu a\u015ft\u0131klar\u0131n\u0131 aktararak, bunun daha da \u00f6tesine ge\u00e7meyi \u00f6ng\u00f6rd\u00fcklerini s\u00f6yledi.<\/p>\n\n\n\n<p>T\u00fcrkiye&#8217;de 400&#8217;den fazla Frans\u0131z \u015firketin bulundu\u011funu ve 143 bin istihdam\u0131n mevcut oldu\u011funu kaydeden Barrot, bu ba\u011flamda son y\u0131llarda 3 milyar avroluk yat\u0131r\u0131m ger\u00e7ekle\u015ftirdiklerini dile getirdi.<\/p>\n\n\n\n<h3 class=\"wp-block-heading\">T\u00fcrkiye ile ortakl\u0131k son derece \u00f6nemli<\/h3>\n\n\n\n<p>Barrot, bu ortakl\u0131\u011f\u0131n T\u00fcrkiye-Avrupa Birli\u011fi ili\u015fkileri ve Avrupa k\u0131tas\u0131n\u0131n &#8220;otonomik ba\u011f\u0131ms\u0131zl\u0131\u011f\u0131&#8221; i\u00e7in de son derece \u00f6nemli oldu\u011funu vurgulad\u0131.<\/p>\n\n\n\n<p>Bakan Barrot, T\u00fcrkiye ile Fransa aras\u0131nda g\u00f6r\u00fc\u015f farkl\u0131l\u0131klar\u0131 olsa da iki \u00fclkenin her zaman uzla\u015f\u0131, i\u015fbirli\u011fi ve dayan\u0131\u015fma zemini bulma konusunda \u00e7al\u0131\u015fmalar y\u00fcr\u00fctt\u00fc\u011f\u00fcn\u00fcn alt\u0131n\u0131 \u00e7izdi.<\/p>\n\n\n\n<p>Fransa&#8217;n\u0131n 6 \u015eubat 2023&#8217;te meydana gelen Kahramanmara\u015f merkezli depremlerin ard\u0131ndan insani yard\u0131m hareketini derhal hayata ge\u00e7irdi\u011fine i\u015faret eden Barrot, bu b\u00f6lgedeki yeniden in\u015faat \u00e7al\u0131\u015fmalar\u0131nda ya\u015fanan ilerlemeyi ba\u015far\u0131 ve takdirle kar\u015f\u0131lad\u0131klar\u0131n\u0131 ifade etti.<\/p>\n\n\n\n<p>Barrot, T\u00fcrkiye ile Fransa aras\u0131ndaki diplomatik ili\u015fkilerin yakla\u015f\u0131k 500 y\u0131ll\u0131k bir ge\u00e7mi\u015fi oldu\u011funa de\u011finerek, bu s\u00fcre\u00e7te \u00f6nemli meselelerin her zaman birlikte ele al\u0131nd\u0131\u011f\u0131n\u0131 vurgulad\u0131.<\/p>\n\n\n\n<p>Bu kapsamda, kar\u015f\u0131l\u0131kl\u0131 ortak sorumluluk bilinci \u00e7er\u00e7evesinde Bakan Fidan ile konu\u015fmaya her zaman devam edeceklerini belirten Barrot, 2026&#8217;n\u0131n Fidan&#8217;\u0131n her t\u00fcrl\u00fc giri\u015fiminde mutluluk, sa\u011fl\u0131k ve ba\u015far\u0131 getirmesini temenni etti.<\/p>\n\n\n\n<p>Kaynak: AA<\/p>\n","protected":false},"excerpt":{"rendered":"<p>Bakan Fidan &#8220;\u0130ki \u00fclkenin hem NATO&#8217;da hem Avrupa g\u00fcvenli\u011finde oynad\u0131\u011f\u0131 \u00f6nemli rol\u00fc dikkate ald\u0131\u011f\u0131m\u0131zda burada yapabilece\u011fimiz \u00e7ok \u015feyler olabilece\u011finin, bunun i\u00e7in daha fazla bir araya gelip baz\u0131 konular\u0131 tart\u0131\u015fmam\u0131z gerekti\u011finin alt\u0131n\u0131 \u00e7izdik&#8221; dedi. D\u0131\u015fi\u015fleri Bakan\u0131 Hakan Fidan, Fransa D\u0131\u015fi\u015fleri Bakan\u0131 Jean-Noel Barrot ile Ankara&#8217;daki g\u00f6r\u00fc\u015fmesinin ard\u0131ndan d\u00fczenlenen ortak bas\u0131n toplant\u0131s\u0131nda konu\u015ftu. Fidan, Frans\u0131z mevkida\u015f\u0131n\u0131 T\u00fcrkiye&#8217;de [&hellip;]<\/p>\n","protected":false},"author":1,"featured_media":9105,"comment_status":"open","ping_status":"open","sticky":false,"template":"","format":"standard","meta":{"footnotes":""},"categories":[1,632],"tags":[157,868,3719,900],"class_list":["post-9104","post","type-post","status-publish","format-standard","has-post-thumbnail","hentry","category-gundem","category-siyaset","tag-fransa","tag-hakan-fidan","tag-jean-noel-barrot","tag-nato"],"_links":{"self":[{"href":"https:\/\/www.trabzonmanset.com\/index.php\/wp-json\/wp\/v2\/posts\/9104","targetHints":{"allow":["GET"]}}],"collection":[{"href":"https:\/\/www.trabzonmanset.com\/index.php\/wp-json\/wp\/v2\/posts"}],"about":[{"href":"https:\/\/www.trabzonmanset.com\/index.php\/wp-json\/wp\/v2\/types\/post"}],"author":[{"embeddable":true,"href":"https:\/\/www.trabzonmanset.com\/index.php\/wp-json\/wp\/v2\/users\/1"}],"replies":[{"embeddable":true,"href":"https:\/\/www.trabzonmanset.com\/index.php\/wp-json\/wp\/v2\/comments?post=9104"}],"version-history":[{"count":1,"href":"https:\/\/www.trabzonmanset.com\/index.php\/wp-json\/wp\/v2\/posts\/9104\/revisions"}],"predecessor-version":[{"id":9106,"href":"https:\/\/www.trabzonmanset.com\/index.php\/wp-json\/wp\/v2\/posts\/9104\/revisions\/9106"}],"wp:featuredmedia":[{"embeddable":true,"href":"https:\/\/www.trabzonmanset.com\/index.php\/wp-json\/wp\/v2\/media\/9105"}],"wp:attachment":[{"href":"https:\/\/www.trabzonmanset.com\/index.php\/wp-json\/wp\/v2\/media?parent=9104"}],"wp:term":[{"taxonomy":"category","embeddable":true,"href":"https:\/\/www.trabzonmanset.com\/index.php\/wp-json\/wp\/v2\/categories?post=9104"},{"taxonomy":"post_tag","embeddable":true,"href":"https:\/\/www.trabzonmanset.com\/index.php\/wp-json\/wp\/v2\/tags?post=9104"}],"curies":[{"name":"wp","href":"https:\/\/api.w.org\/{rel}","templated":true}]}}