{"id":9101,"date":"2026-01-27T22:05:00","date_gmt":"2026-01-27T19:05:00","guid":{"rendered":"https:\/\/www.trabzonmanset.com\/?p=9101"},"modified":"2026-01-27T23:07:48","modified_gmt":"2026-01-27T20:07:48","slug":"abd-baskani-trump-suriyenin-cok-saygin-cumhurbaskani-ile-cok-iyi-bir-gorusme-gerceklestirdik","status":"publish","type":"post","link":"https:\/\/www.trabzonmanset.com\/index.php\/2026\/01\/27\/abd-baskani-trump-suriyenin-cok-saygin-cumhurbaskani-ile-cok-iyi-bir-gorusme-gerceklestirdik\/","title":{"rendered":"ABD Ba\u015fkan\u0131 Trump: Suriye&#8217;nin \u00e7ok sayg\u0131n Cumhurba\u015fkan\u0131 ile \u00e7ok iyi bir g\u00f6r\u00fc\u015fme ger\u00e7ekle\u015ftirdik"},"content":{"rendered":"\n<p>Suriye&#8217;de DEA\u015e&#8217;a kar\u015f\u0131 m\u00fccadelede ter\u00f6r \u00f6rg\u00fct\u00fc YPG\/SDG ile i\u015f birli\u011fini bitiren ABD Ba\u015fkan\u0131 Donald Trump, Suriye Cumhurba\u015fkan\u0131 Ahmed \u015eara ile bir telefon g\u00f6r\u00fc\u015fmesi ger\u00e7ekle\u015ftirdi\u011fi duyurdu. G\u00f6r\u00fc\u015fmenin \u00e7ok iyi ge\u00e7ti\u011fini belirten Trump&#8217;\u0131n \u015eara i\u00e7in, &#8220;Suriye&#8217;nin \u00e7ok sayg\u0131n Cumhurba\u015fkan\u0131.&#8221; ifadelerini kullanmas\u0131 dikkat \u00e7ekti.<\/p>\n\n\n\n<ul class=\"wp-block-list\">\n<li>ABD Ba\u015fkan\u0131 Donald Trump, Suriye Cumhurba\u015fkan\u0131 Ahmed \u015eara ile yapt\u0131\u011f\u0131 g\u00f6r\u00fc\u015fmeyi &#8216;\u00e7ok iyi&#8217; olarak nitelendirdi.<\/li>\n\n\n\n<li>Suriye Cumhurba\u015fkanl\u0131\u011f\u0131, g\u00f6r\u00fc\u015fmede ge\u00e7i\u015f s\u00fcreci, g\u00fcvenlik ve istikrar\u0131n g\u00fc\u00e7lendirilmesi, Suriye&#8217;nin toprak b\u00fct\u00fcnl\u00fc\u011f\u00fc ve ter\u00f6r \u00f6rg\u00fctlerinin d\u00f6n\u00fc\u015f\u00fcn\u00fcn \u00f6nlenmesi konular\u0131n\u0131n ele al\u0131nd\u0131\u011f\u0131n\u0131 a\u00e7\u0131klad\u0131.<\/li>\n\n\n\n<li>Suriye Savunma Bakanl\u0131\u011f\u0131, YPG ile ate\u015fkesin 24 Ocak saat 23.00&#8217;ten itibaren 15 g\u00fcnl\u00fc\u011f\u00fcne uzat\u0131ld\u0131\u011f\u0131n\u0131 duyurdu.<\/li>\n<\/ul>\n\n\n\n<p><strong>Suriye<\/strong>&#8216;de DEA\u015e&#8217;a kar\u015f\u0131 m\u00fccadelede YPG\/SDG ile i\u015f birli\u011fini bitiren ABD Ba\u015fkan\u0131 Donald Trump&#8217;tan ter\u00f6r \u00f6rg\u00fct\u00fcne a\u00e7\u0131k mesaj niteli\u011finde bir a\u00e7\u0131klama geldi.<\/p>\n\n\n\n<h3 class=\"wp-block-heading\">&#8220;SUR\u0130YE&#8217;N\u0130N \u00c7OK SAYGIN CUMHURBA\u015eKANI \u0130LE \u00c7OK \u0130Y\u0130 B\u0130R G\u00d6R\u00dc\u015eME GER\u00c7EKLE\u015eT\u0130RD\u0130K&#8221;<\/h3>\n\n\n\n<p><strong>Se\u00e7im<\/strong> \u00e7al\u0131\u015fmalar\u0131 ba\u011flam\u0131nda Iowa eyaletine gitmek \u00fczere Beyaz Saray&#8217;dan ayr\u0131l\u0131rken bas\u0131n mensuplar\u0131n\u0131n sorular\u0131n\u0131 yan\u0131tlayan Trump, Suriye Cumhurba\u015fkan\u0131 Ahmed \u015eara ile &#8220;\u00e7ok iyi&#8221; bir g\u00f6r\u00fc\u015fme yapt\u0131\u011f\u0131n\u0131 s\u00f6yledi. Trump&#8217;\u0131n, \u015eara i\u00e7in &#8220;Suriye&#8217;nin \u00e7ok sayg\u0131n Cumhurba\u015fkan\u0131&#8221; ifadesini kullanmas\u0131 ise dikkati \u00e7ekti. ABD Ba\u015fkan\u0131, &#8220;Suriye&#8217;nin \u00e7ok sayg\u0131n Cumhurba\u015fkan\u0131 (Ahmed \u015eara) ile \u00e7ok iyi bir g\u00f6r\u00fc\u015fme ger\u00e7ekle\u015ftirdik. Suriye ve bu b\u00f6lgeyle ilgili politikalar \u00e7ok iyi gidiyor. Bundan dolay\u0131 \u00e7ok memnunuz.&#8221; diye konu\u015ftu.<\/p>\n\n\n\n<figure class=\"wp-block-image\"><img decoding=\"async\" src=\"https:\/\/foto.haberler.com\/crop\/640x426\/haber\/2026\/01\/27\/abd-baskani-trump-suriye-nin-cok-saygin-19509372_9906_m.jpg\" alt=\"ABD Ba\u015fkan\u0131 Trump: Suriye'nin \u00e7ok sayg\u0131n Cumhurba\u015fkan\u0131 ile \u00e7ok iyi bir g\u00f6r\u00fc\u015fme ger\u00e7ekle\u015ftirdik\"\/><\/figure>\n\n\n\n<h3 class=\"wp-block-heading\">B\u0130R A\u00c7IKLAMA DA SUR\u0130YE&#8217;DEN<\/h3>\n\n\n\n<p>Suriye Cumhurba\u015fkanl\u0131\u011f\u0131 da, g\u00f6r\u00fc\u015fmeye ili\u015fkin a\u00e7\u0131klamada bulundu. Yap\u0131lan a\u00e7\u0131klamaya g\u00f6re, g\u00f6r\u00fc\u015fmede, ge\u00e7i\u015f s\u00fcreci ile g\u00fcvenli\u011fi ve istikrar\u0131 g\u00fc\u00e7lendirme \u00e7abalar\u0131 ele al\u0131nd\u0131. \u015eara, g\u00f6r\u00fc\u015fmede, Suriye&#8217;nin toprak b\u00fct\u00fcnl\u00fc\u011f\u00fcne ve ter\u00f6r \u00f6rg\u00fctlerinin d\u00f6n\u00fc\u015f\u00fcn\u00fcn \u00f6nlenmesine dair ba\u011fl\u0131l\u0131klar\u0131n\u0131 bildirdi. \u0130ki lider, b\u00f6lgesel \u00e7at\u0131\u015fmalar\u0131n \u00e7\u00f6z\u00fcm\u00fcnde diyalog diline \u00f6ncelik verilmesi konusunda hemfikir oldu. ABD Ba\u015fkan\u0131, Suriye&#8217;nin birli\u011finin in\u015fas\u0131na olan deste\u011fini yinelerken, var\u0131lan ate\u015fkes anla\u015fmas\u0131n\u0131 memnuniyetle kar\u015f\u0131lad\u0131.<\/p>\n\n\n\n<h3 class=\"wp-block-heading\">DEA\u015e&#8217;A KAR\u015eI M\u00dcCADELEDE \u0130BREY\u0130 \u015eAM&#8217;A \u00c7EV\u0130RM\u0130\u015eT\u0130<\/h3>\n\n\n\n<p>21 Ocak \u00c7ar\u015famba g\u00fcn\u00fc, ikinci ba\u015fkanl\u0131k d\u00f6neminin 1. y\u0131l\u0131 dolay\u0131s\u0131yla Beyaz Saray&#8217;da d\u00fczenledi\u011fi bas\u0131n brifinginde, Suriye g\u00fcndemine ili\u015fkin de\u011ferlendirmelerde bulunan ABD Ba\u015fkan\u0131 Donald Trump, Suriye&#8217;de K\u00fcrtlere yeterince destek sa\u011flad\u0131klar\u0131n\u0131 belirtmi\u015fti.<\/p>\n\n\n\n<p><strong>Ter\u00f6r<\/strong> \u00f6rg\u00fct\u00fc YPG\/SDG&#8217;ye de de\u011finen Trump, &#8220;K\u00fcrtleri severim ama \u015funu anlaman\u0131z gerekir ki; K\u00fcrtlere \u00e7ok b\u00fcy\u00fck miktarda para \u00f6dendi, petrol ve ba\u015fka \u015feyler verildi. Yani bunu bizim i\u00e7in de\u011fil, daha \u00e7ok kendileri i\u00e7in yapt\u0131lar, ancak biz K\u00fcrtlerle iyi ge\u00e7iniyoruz ve K\u00fcrtleri korumaya \u00e7al\u0131\u015f\u0131yoruz.&#8221; diye konu\u015fmu\u015ftu.<\/p>\n\n\n\n<p>Ayr\u0131ca, &#8220;\u00c7ok s\u0131k\u0131 \u00e7al\u0131\u015f\u0131yor&#8221; dedi\u011fi Suriye Cumhurba\u015fkan\u0131 Ahmed \u015eara&#8217;ya DEA\u015e&#8217;a kar\u015f\u0131 m\u00fccadelede g\u00fcvendi\u011fini de belirten Trump, &#8220;G\u00fc\u00e7l\u00fc ve sert bir adam. D\u00fcn onunla konu\u015ftum, hapishanelerdeki durum hakk\u0131nda konu\u015ftuk. O hapishanelerde d\u00fcnyan\u0131n en k\u00f6t\u00fc ter\u00f6ristlerinden baz\u0131lar\u0131 var. \u015eara, bu s\u00fcreci takip ediyor&#8221; ifadelerini kullanm\u0131\u015ft\u0131.<\/p>\n\n\n\n<figure class=\"wp-block-image\"><img decoding=\"async\" src=\"https:\/\/foto.haberler.com\/crop\/640x426\/haber\/2026\/01\/27\/abd-baskani-trump-suriye-nin-cok-saygin-19509372_3267_m.jpg\" alt=\"ABD Ba\u015fkan\u0131 Trump: Suriye'nin \u00e7ok sayg\u0131n Cumhurba\u015fkan\u0131 ile \u00e7ok iyi bir g\u00f6r\u00fc\u015fme ger\u00e7ekle\u015ftirdik\"\/><\/figure>\n\n\n\n<h3 class=\"wp-block-heading\">SUR\u0130YE&#8217;DE ATE\u015eKES<\/h3>\n\n\n\n<p>Suriye Savunma Bakanl\u0131\u011f\u0131, ter\u00f6r \u00f6rg\u00fct\u00fc YPG ile ate\u015fkesin 24 Ocak saat 23.00&#8217;ten itibaren 15 g\u00fcnl\u00fc\u011f\u00fcne uzat\u0131ld\u0131\u011f\u0131n\u0131 duyurmu\u015ftu. Bakanl\u0131k, ABD&#8217;nin YPG kontrol\u00fcndeki hapishanelerden DEA\u015e&#8217;l\u0131 tutuklular\u0131 Irak&#8217;a ta\u015f\u0131ma s\u00fcreci sebebiyle ate\u015fkes s\u00fcresinin uzat\u0131ld\u0131\u011f\u0131n\u0131 bildirmi\u015fti. Ter\u00f6r \u00f6rg\u00fct\u00fc YPG&#8217;nin, ate\u015fkesi ihlal ederek Suriye&#8217;nin kuzeydo\u011fusunda yer alan Haseke ilindeki Sefa k\u00f6y\u00fcne d\u00fczenledi\u011fi bombal\u0131 sald\u0131r\u0131da d\u00fcn bir ki\u015fi hayat\u0131n\u0131 kaybetmi\u015f, \u00e7ok say\u0131da ki\u015fi yaralanm\u0131\u015ft\u0131.<\/p>\n","protected":false},"excerpt":{"rendered":"<p>Suriye&#8217;de DEA\u015e&#8217;a kar\u015f\u0131 m\u00fccadelede ter\u00f6r \u00f6rg\u00fct\u00fc YPG\/SDG ile i\u015f birli\u011fini bitiren ABD Ba\u015fkan\u0131 Donald Trump, Suriye Cumhurba\u015fkan\u0131 Ahmed \u015eara ile bir telefon g\u00f6r\u00fc\u015fmesi ger\u00e7ekle\u015ftirdi\u011fi duyurdu. G\u00f6r\u00fc\u015fmenin \u00e7ok iyi ge\u00e7ti\u011fini belirten Trump&#8217;\u0131n \u015eara i\u00e7in, &#8220;Suriye&#8217;nin \u00e7ok sayg\u0131n Cumhurba\u015fkan\u0131.&#8221; ifadelerini kullanmas\u0131 dikkat \u00e7ekti. Suriye&#8216;de DEA\u015e&#8217;a kar\u015f\u0131 m\u00fccadelede YPG\/SDG ile i\u015f birli\u011fini bitiren ABD Ba\u015fkan\u0131 Donald Trump&#8217;tan ter\u00f6r [&hellip;]<\/p>\n","protected":false},"author":1,"featured_media":9102,"comment_status":"open","ping_status":"open","sticky":false,"template":"","format":"standard","meta":{"footnotes":""},"categories":[127],"tags":[924,797,3718],"class_list":["post-9101","post","type-post","status-publish","format-standard","has-post-thumbnail","hentry","category-dunya","tag-donald-trump","tag-suriye","tag-suriye-cumhurbaskani-ahmed-sara"],"_links":{"self":[{"href":"https:\/\/www.trabzonmanset.com\/index.php\/wp-json\/wp\/v2\/posts\/9101","targetHints":{"allow":["GET"]}}],"collection":[{"href":"https:\/\/www.trabzonmanset.com\/index.php\/wp-json\/wp\/v2\/posts"}],"about":[{"href":"https:\/\/www.trabzonmanset.com\/index.php\/wp-json\/wp\/v2\/types\/post"}],"author":[{"embeddable":true,"href":"https:\/\/www.trabzonmanset.com\/index.php\/wp-json\/wp\/v2\/users\/1"}],"replies":[{"embeddable":true,"href":"https:\/\/www.trabzonmanset.com\/index.php\/wp-json\/wp\/v2\/comments?post=9101"}],"version-history":[{"count":1,"href":"https:\/\/www.trabzonmanset.com\/index.php\/wp-json\/wp\/v2\/posts\/9101\/revisions"}],"predecessor-version":[{"id":9103,"href":"https:\/\/www.trabzonmanset.com\/index.php\/wp-json\/wp\/v2\/posts\/9101\/revisions\/9103"}],"wp:featuredmedia":[{"embeddable":true,"href":"https:\/\/www.trabzonmanset.com\/index.php\/wp-json\/wp\/v2\/media\/9102"}],"wp:attachment":[{"href":"https:\/\/www.trabzonmanset.com\/index.php\/wp-json\/wp\/v2\/media?parent=9101"}],"wp:term":[{"taxonomy":"category","embeddable":true,"href":"https:\/\/www.trabzonmanset.com\/index.php\/wp-json\/wp\/v2\/categories?post=9101"},{"taxonomy":"post_tag","embeddable":true,"href":"https:\/\/www.trabzonmanset.com\/index.php\/wp-json\/wp\/v2\/tags?post=9101"}],"curies":[{"name":"wp","href":"https:\/\/api.w.org\/{rel}","templated":true}]}}