{"id":9095,"date":"2026-01-27T20:52:00","date_gmt":"2026-01-27T17:52:00","guid":{"rendered":"https:\/\/www.trabzonmanset.com\/?p=9095"},"modified":"2026-01-27T22:55:04","modified_gmt":"2026-01-27T19:55:04","slug":"cumhurbaskani-erdogan-nijerya-cumhurbaskani-tinubu-ile-5-milyar-dolar-ticaret-hacmi-hedefimizi-teyit-ettik","status":"publish","type":"post","link":"https:\/\/www.trabzonmanset.com\/index.php\/2026\/01\/27\/cumhurbaskani-erdogan-nijerya-cumhurbaskani-tinubu-ile-5-milyar-dolar-ticaret-hacmi-hedefimizi-teyit-ettik\/","title":{"rendered":"Cumhurba\u015fkan\u0131 Erdo\u011fan: Nijerya Cumhurba\u015fkan\u0131 Tinubu ile 5 milyar dolar ticaret hacmi hedefimizi teyit ettik"},"content":{"rendered":"\n<p>Cumhurba\u015fkan\u0131 Recep Tayyip Erdo\u011fan, &#8220;5 milyar dolar ticaret hacmi hedefimize ba\u011fl\u0131l\u0131\u011f\u0131m\u0131z\u0131 teyit ettik, at\u0131lmas\u0131 gereken ad\u0131mlar\u0131 ele ald\u0131k. Ayr\u0131ca, Nijerya&#8217;daki yat\u0131r\u0131mlar\u0131m\u0131z\u0131 destekleyecek f\u0131rsatlar\u0131 g\u00f6r\u00fc\u015ft\u00fck.&#8221; dedi.<\/p>\n\n\n\n<p>Erdo\u011fan, Cumhurba\u015fkanl\u0131\u011f\u0131 K\u00fclliyesi&#8217;nde, ba\u015f ba\u015fa ve heyetler aras\u0131 g\u00f6r\u00fc\u015fme sonras\u0131 Nijerya Cumhurba\u015fkan\u0131 Bola Ahmed Tinubu ile ortak bas\u0131n toplant\u0131s\u0131 d\u00fczenledi.<\/p>\n\n\n\n<p>T\u00fcrkiye&#8217;ye ilk resmi ziyaretini ger\u00e7ekle\u015ftiren Cumhurba\u015fkan\u0131 Tinubu ile heyetini Ankara&#8217;da a\u011f\u0131rlamaktan b\u00fcy\u00fck bir memnuniyet duydu\u011funu dile getiren Erdo\u011fan, yapt\u0131klar\u0131 g\u00f6r\u00fc\u015fmeler ile Nijerya heyetinin i\u015f \u00e7evreleriyle ger\u00e7ekle\u015ftirece\u011fi temaslar\u0131n hay\u0131rlara vesile olmas\u0131 dile\u011finde bulundu.<\/p>\n\n\n\n<p>Nijerya&#8217;n\u0131n, T\u00fcrkiye i\u00e7in dost bir \u00fclke olmas\u0131n\u0131n \u00f6tesinde, 230 milyon n\u00fcfusuyla T\u00fcrkiye&#8217;nin Sahra Alt\u0131 Afrika&#8217;daki en yak\u0131n ticaret ortaklar\u0131ndan biri oldu\u011funu belirten Erdo\u011fan, \u015f\u00f6yle konu\u015ftu:<\/p>\n\n\n\n<p>&#8220;Nijerya, ayn\u0131 zamanda \u0130slam \u0130\u015fbirli\u011fi Te\u015fkilat\u0131 ve D-8 b\u00fcnyesinde Filistin ba\u015fta olmak \u00fczere \u0130slam d\u00fcnyas\u0131n\u0131 ilgilendiren bir\u00e7ok konuda yak\u0131n i\u015fbirli\u011fi halinde oldu\u011fumuz stratejik \u00f6nemde bir \u00fclkedir. Say\u0131n Cumhurba\u015fkan\u0131 ve k\u0131ymetli heyetiyle ticaret, yat\u0131r\u0131mlar, enerji, e\u011fitim ve savunma sanayisi alanlar\u0131ndaki ili\u015fkilerimizi bug\u00fcn etrafl\u0131ca de\u011ferlendirdik. Hat\u0131rlayacaks\u0131n\u0131z, 2021&#8217;in ekim ay\u0131nda Nijerya&#8217;ya yapt\u0131\u011f\u0131m ziyaretle \u00e7er\u00e7evesini \u00e7izdi\u011fimiz i\u015fbirli\u011fimizi \u00e7ok daha ileri ta\u015f\u0131yacak kararlar ald\u0131k. Bu noktada bizim gibi Nijerya taraf\u0131nda da g\u00fc\u00e7l\u00fc bir siyasi irade ve kararl\u0131l\u0131k oldu\u011funu memnuniyetle m\u00fc\u015fahede ediyorum. Say\u0131n Cumhurba\u015fkan\u0131na \u00e7ok say\u0131da bakan ve \u00fcst d\u00fczeyli yetkilinin refakat etmesi, bu siyasi kararl\u0131l\u0131\u011f\u0131n en a\u00e7\u0131k emaresidir.&#8221;<\/p>\n\n\n\n<h3 class=\"wp-block-heading\">&#8220;T\u00fcrkiye Petrolleri ve BOTA\u015e&#8217;\u0131n Nijeryal\u0131 kurulu\u015flarla i\u015fbirli\u011fine \u00f6nem veriyoruz&#8221;<\/h3>\n\n\n\n<p>Erdo\u011fan, iki \u00fclke aras\u0131nda ba\u015fta ticaret ve yat\u0131r\u0131mlar alanlar\u0131nda \u00f6nemli bir potansiyelin oldu\u011funu g\u00f6rd\u00fcklerini dile getirerek, &#8220;Bug\u00fcnk\u00fc g\u00f6r\u00fc\u015fmelerimizde 5 milyar dolar ticaret hacmi hedefimize ba\u011fl\u0131l\u0131\u011f\u0131m\u0131z\u0131 teyit ettik, at\u0131lmas\u0131 gereken ad\u0131mlar\u0131 ele ald\u0131k. Ayr\u0131ca, Nijerya&#8217;daki yat\u0131r\u0131mlar\u0131m\u0131z\u0131 destekleyecek f\u0131rsatlar\u0131 g\u00f6r\u00fc\u015ft\u00fck. Bug\u00fcn, tesisinde mutab\u0131k kald\u0131\u011f\u0131m\u0131z Ekonomik ve Ticari Ortak Komitesi&#8217;nin bu a\u00e7\u0131dan hay\u0131rlara vesile olaca\u011f\u0131na inan\u0131yoruz. Kalk\u0131nma i\u015fbirli\u011fi kapsam\u0131nda ise T\u0130KA&#8217;m\u0131z\u0131n Abuja&#8217;da bir ofis a\u00e7mas\u0131yla birlikte Nijeryal\u0131 karde\u015flerimizin refah\u0131na katk\u0131 sa\u011flamay\u0131 arzu ediyoruz.&#8221; dedi.<\/p>\n\n\n\n<p>Nijerya&#8217;n\u0131n, Afrika&#8217;n\u0131n en b\u00fcy\u00fck petrol ve do\u011fal gaz \u00fcreticisi konumunda oldu\u011funa dikkati \u00e7eken Erdo\u011fan, \u015funlar\u0131 s\u00f6yledi:<\/p>\n\n\n\n<p>&#8220;Say\u0131n Tinubu&#8217;nun iktidara geldi\u011fi 2023 y\u0131l\u0131ndan bu yana, \u00fclke ekonomisini yeniden yap\u0131land\u0131rmaya y\u00f6nelik giri\u015fimlerinde enerji sekt\u00f6r\u00fc \u00f6nemli yer tutuyor. Biz de bu alandaki potansiyeli gerek yat\u0131r\u0131mlar gerek ticari boyutlar\u0131 itibar\u0131yla de\u011ferlendirmek istiyor, T\u00fcrkiye Petrolleri ve BOTA\u015e&#8217;\u0131n Nijeryal\u0131 kurulu\u015flarla i\u015fbirli\u011fine \u00f6nem veriyoruz.&#8221;<\/p>\n\n\n\n<figure class=\"wp-block-image\"><img decoding=\"async\" src=\"https:\/\/www.aa.com.tr\/uploads\/userFiles\/76bad36d-1411-48e8-a1ae-b65e58872c06\/01.08%2F1%2FNew%20folder%20(13)%2FNew%20folder%20(2)%2FAA-40384108.jpg\" alt=\"\"\/><\/figure>\n\n\n\n<h3 class=\"wp-block-heading\">&#8220;E\u011fitim i\u015fbirli\u011fi anla\u015fmas\u0131yla da i\u015fbirli\u011fimizin ahdi temelini daha da g\u00fc\u00e7lendirece\u011fiz&#8221;<\/h3>\n\n\n\n<p>Afrika&#8217;n\u0131n bilhassa Sahel b\u00f6lgesinde filizlenen ter\u00f6r \u00f6rg\u00fctlerinin t\u00fcm k\u0131tan\u0131n huzuruna tehdit te\u015fkil etti\u011fini vurgulayan Erdo\u011fan, &#8220;Say\u0131n Tinubu&#8217;nun liderli\u011finde ter\u00f6rle m\u00fccadelesinde dost Nijerya halk\u0131n\u0131n yan\u0131nday\u0131z. Nitekim bug\u00fcn askeri e\u011fitim ve istihbarat alanlar\u0131nda daha yak\u0131n i\u015fbirli\u011fi imkanlar\u0131n\u0131 de\u011ferlendirdik. \u00dclkemizin ter\u00f6rle m\u00fccadeledeki \u00f6nemli tecr\u00fcbesini payla\u015fmaya haz\u0131r oldu\u011fumuzu belirttik. Ayr\u0131ca, Nijeryal\u0131 yetkililerin \u00f6nde gelen savunma sanayii firmalar\u0131m\u0131zla bu ziyaret kapsam\u0131nda yapacaklar\u0131 g\u00f6r\u00fc\u015fmelerin m\u00fcspet neticelerini de yak\u0131nda alaca\u011f\u0131m\u0131za inan\u0131yorum.&#8221; diye konu\u015ftu.<\/p>\n\n\n\n<p>Erdo\u011fan, e\u011fitim alan\u0131nda i\u015fbirli\u011fi konusunun, \u00f6nemli bir g\u00fcndem maddesi olarak g\u00f6r\u00fc\u015fmelerde yerini ald\u0131\u011f\u0131n\u0131 belirterek, \u015f\u00f6yle devam etti:<\/p>\n\n\n\n<p>&#8220;Pek \u00e7ok Nijeryal\u0131 gencin \u00fclkemizde e\u011fitim g\u00f6rmesinden mutluluk duyuyoruz. Ayr\u0131ca, Maarif Vakf\u0131m\u0131z\u0131n Nijerya&#8217;da faaliyetlerine ba\u015flamas\u0131yla birlikte Nijerya&#8217;n\u0131n gen\u00e7 n\u00fcfusu i\u00e7in ilave bir imkan sunabilece\u011fimize inan\u0131yorum. Bug\u00fcn imzalad\u0131\u011f\u0131m\u0131z e\u011fitim i\u015fbirli\u011fi anla\u015fmas\u0131yla da i\u015fbirli\u011fimizin ahdi temelini daha da g\u00fc\u00e7lendirece\u011fiz. Karde\u015fim Bola Ahmed Tinubu&#8217;ya \u00fclkemizi ziyaretleri dolay\u0131s\u0131yla tekrar te\u015fekk\u00fcr ediyorum. Dost ve karde\u015f Nijerya halk\u0131na en kalbi selamlar\u0131m\u0131 g\u00f6nderiyorum.&#8221;<\/p>\n\n\n\n<figure class=\"wp-block-image\"><img decoding=\"async\" src=\"https:\/\/www.aa.com.tr\/uploads\/userFiles\/76bad36d-1411-48e8-a1ae-b65e58872c06\/01.08%2F1%2FNew%20folder%20(13)%2FNew%20folder%20(2)%2FAA-40384188.jpg\" alt=\"\"\/><\/figure>\n\n\n\n<h3 class=\"wp-block-heading\">Nijerya Cumhurba\u015fkan\u0131 Tinubu:&nbsp;T\u00fcrkiye ile birlikte \u00e7al\u0131\u015fmaya, birlikte refah kurmaya haz\u0131r oldu\u011fumuzu g\u00f6rd\u00fck<\/h3>\n\n\n\n<p>Nijerya ad\u0131na T\u00fcrk halk\u0131na ve Cumhurba\u015fkan\u0131 Erdo\u011fan&#8217;a \u015f\u00fckranlar\u0131n\u0131 sundu\u011funu s\u00f6yleyen Tinubu, &#8220;\u0130\u015fbirli\u011fi yapmaya haz\u0131r oldu\u011funuz i\u00e7in de ayr\u0131ca te\u015fekk\u00fcr ederim.&#8221; ifadesini kulland\u0131.<\/p>\n\n\n\n<p>Tinubu, her iki \u00fclke i\u00e7in \u00f6nemli hususlar\u0131 ele ald\u0131klar\u0131na i\u015faret ederek, &#8220;Ticaret, \u00e7ifte vergilendirmenin \u00f6nlenmesi, birtak\u0131m engellerin ortadan kald\u0131r\u0131lmas\u0131, b\u00fct\u00fcn bunlar\u0131 konu\u015ftuk. Birlikte \u00e7al\u0131\u015fmaya, birlikte refah kurmaya haz\u0131r oldu\u011fumuzu g\u00f6rd\u00fck.&#8221; de\u011ferlendirmesinde bulundu.<\/p>\n\n\n\n<p>\u0130ki \u00fclke halklar\u0131na faydal\u0131 olacak, bilhassa ekonomik faaliyetleri ele ald\u0131klar\u0131n\u0131 vurgulayan Tinubu, &#8220;\u00d6zellikle de Afrika k\u0131tas\u0131n\u0131n istikrar\u0131na, bar\u0131\u015f\u0131na yap\u0131labilecek katk\u0131lardan bahsettik. K\u0131tan\u0131n kalbinde yer alan bir \u00fclkeyiz biz Nijerya olarak. Etraf\u0131nda zorluklar, s\u0131namalar, istikrars\u0131zl\u0131klar olan bir \u00fclkeyiz.&#8221; diye konu\u015ftu.<\/p>\n\n\n\n<figure class=\"wp-block-image\"><img decoding=\"async\" src=\"https:\/\/www.aa.com.tr\/uploads\/userFiles\/76bad36d-1411-48e8-a1ae-b65e58872c06\/01.08%2F1%2FNew%20folder%20(13)%2FNew%20folder%20(2)%2FAA-40384106.jpg\" alt=\"\"\/><\/figure>\n\n\n\n<p>Tinubu, ter\u00f6rle m\u00fccadele konusunun da g\u00f6r\u00fc\u015f\u00fcld\u00fc\u011f\u00fcn\u00fcn alt\u0131n\u0131 \u00e7izerek, &#8220;\u0130stikrars\u0131zla\u015ft\u0131rma, haydutluk faaliyetleri bizim co\u011frafyam\u0131zda rastlad\u0131\u011f\u0131m\u0131z, etraf\u0131m\u0131zda g\u00f6rd\u00fc\u011f\u00fcm\u00fcz, korku salan faaliyetler. Bunlar\u0131 konu\u015ftuk. Bunlar\u0131 a\u015fabilmek i\u00e7in bir arada \u00e7al\u0131\u015fabilece\u011fimizi ortaya koyduk. Bunun i\u00e7in size te\u015fekk\u00fcr ediyorum de\u011ferli karde\u015fim.&#8221; ifadelerini kulland\u0131.<\/p>\n\n\n\n<p>Demokrasi ve \u00f6zg\u00fcrl\u00fc\u011fe olan taahh\u00fcd\u00fcn ortaya konuldu\u011funu belirten Tinubu, &#8220;Somali ile ilgili yapt\u0131\u011f\u0131n\u0131z yorumlar\u0131 not ald\u0131k. Bu konuda bana g\u00fcvenebilirsiniz. Demokrasi, \u00f6zg\u00fcrl\u00fckler ve refah konusundaki faaliyetlerdeki taahh\u00fcd\u00fcm\u00fcz konusunda bana tam olarak g\u00fcvenebilece\u011finizi bir kez daha ifade etmek istiyor, te\u015fekk\u00fcr ediyorum.&#8221; dedi.<\/p>\n\n\n\n<h3 class=\"wp-block-heading\">Cumhurba\u015fkan\u0131 Erdo\u011fan, Nijerya Cumhurba\u015fkan\u0131 Tinubu onuruna yemek verdi<\/h3>\n\n\n\n<p>Cumhurba\u015fkanl\u0131\u011f\u0131 K\u00fclliyesi&#8217;ndeki yemek bas\u0131na kapal\u0131 ger\u00e7ekle\u015fti.<\/p>\n\n\n\n<p>Yemekte, T\u00fcrkiye ve Nijerya heyetleri yer ald\u0131.<\/p>\n\n\n\n<p>Kaynak: AA<\/p>\n","protected":false},"excerpt":{"rendered":"<p>Cumhurba\u015fkan\u0131 Recep Tayyip Erdo\u011fan, &#8220;5 milyar dolar ticaret hacmi hedefimize ba\u011fl\u0131l\u0131\u011f\u0131m\u0131z\u0131 teyit ettik, at\u0131lmas\u0131 gereken ad\u0131mlar\u0131 ele ald\u0131k. Ayr\u0131ca, Nijerya&#8217;daki yat\u0131r\u0131mlar\u0131m\u0131z\u0131 destekleyecek f\u0131rsatlar\u0131 g\u00f6r\u00fc\u015ft\u00fck.&#8221; dedi. Erdo\u011fan, Cumhurba\u015fkanl\u0131\u011f\u0131 K\u00fclliyesi&#8217;nde, ba\u015f ba\u015fa ve heyetler aras\u0131 g\u00f6r\u00fc\u015fme sonras\u0131 Nijerya Cumhurba\u015fkan\u0131 Bola Ahmed Tinubu ile ortak bas\u0131n toplant\u0131s\u0131 d\u00fczenledi. T\u00fcrkiye&#8217;ye ilk resmi ziyaretini ger\u00e7ekle\u015ftiren Cumhurba\u015fkan\u0131 Tinubu ile heyetini Ankara&#8217;da [&hellip;]<\/p>\n","protected":false},"author":1,"featured_media":9096,"comment_status":"open","ping_status":"open","sticky":false,"template":"","format":"standard","meta":{"footnotes":""},"categories":[11],"tags":[3713,846,2217,620,3714],"class_list":["post-9095","post","type-post","status-publish","format-standard","has-post-thumbnail","hentry","category-manset","tag-botas","tag-cumhurbaskani-erdogan","tag-nijerya","tag-recep-tayyip-erdogan","tag-tika"],"_links":{"self":[{"href":"https:\/\/www.trabzonmanset.com\/index.php\/wp-json\/wp\/v2\/posts\/9095","targetHints":{"allow":["GET"]}}],"collection":[{"href":"https:\/\/www.trabzonmanset.com\/index.php\/wp-json\/wp\/v2\/posts"}],"about":[{"href":"https:\/\/www.trabzonmanset.com\/index.php\/wp-json\/wp\/v2\/types\/post"}],"author":[{"embeddable":true,"href":"https:\/\/www.trabzonmanset.com\/index.php\/wp-json\/wp\/v2\/users\/1"}],"replies":[{"embeddable":true,"href":"https:\/\/www.trabzonmanset.com\/index.php\/wp-json\/wp\/v2\/comments?post=9095"}],"version-history":[{"count":1,"href":"https:\/\/www.trabzonmanset.com\/index.php\/wp-json\/wp\/v2\/posts\/9095\/revisions"}],"predecessor-version":[{"id":9097,"href":"https:\/\/www.trabzonmanset.com\/index.php\/wp-json\/wp\/v2\/posts\/9095\/revisions\/9097"}],"wp:featuredmedia":[{"embeddable":true,"href":"https:\/\/www.trabzonmanset.com\/index.php\/wp-json\/wp\/v2\/media\/9096"}],"wp:attachment":[{"href":"https:\/\/www.trabzonmanset.com\/index.php\/wp-json\/wp\/v2\/media?parent=9095"}],"wp:term":[{"taxonomy":"category","embeddable":true,"href":"https:\/\/www.trabzonmanset.com\/index.php\/wp-json\/wp\/v2\/categories?post=9095"},{"taxonomy":"post_tag","embeddable":true,"href":"https:\/\/www.trabzonmanset.com\/index.php\/wp-json\/wp\/v2\/tags?post=9095"}],"curies":[{"name":"wp","href":"https:\/\/api.w.org\/{rel}","templated":true}]}}