{"id":9092,"date":"2026-01-26T18:06:00","date_gmt":"2026-01-26T15:06:00","guid":{"rendered":"https:\/\/www.trabzonmanset.com\/?p=9092"},"modified":"2026-01-26T22:08:01","modified_gmt":"2026-01-26T19:08:01","slug":"kadin-ogretmenin-vahdettin-icin-soyledikleri-gundem-oldu","status":"publish","type":"post","link":"https:\/\/www.trabzonmanset.com\/index.php\/2026\/01\/26\/kadin-ogretmenin-vahdettin-icin-soyledikleri-gundem-oldu\/","title":{"rendered":"Kad\u0131n \u00f6\u011fretmenin Vahdettin i\u00e7in s\u00f6yledikleri g\u00fcndem oldu"},"content":{"rendered":"\n<p>Bir \u00f6\u011fretmenin s\u0131n\u0131fta Sultan Vahdettin&#8217;e y\u00f6nelik yayg\u0131n tarih anlat\u0131lar\u0131n\u0131 sorgulad\u0131\u011f\u0131 ve Ayasofya vurgusu yapt\u0131\u011f\u0131 ders anlat\u0131m\u0131, sosyal medyada geni\u015f yank\u0131 uyand\u0131rd\u0131.<\/p>\n\n\n\n<ul class=\"wp-block-list\">\n<li>Bir \u00f6\u011fretmenin s\u0131n\u0131fta Sultan Vahdettin&#8217;i anlatt\u0131\u011f\u0131 video sosyal medyada g\u00fcndem oldu.<\/li>\n\n\n\n<li>\u00d6\u011fretmen, Sultan Vahdettin d\u00f6neminde Osmanl\u0131 topraklar\u0131n\u0131n i\u015fgal alt\u0131nda oldu\u011funu ve sadece 700 Osmanl\u0131 askerinin silahl\u0131 kald\u0131\u011f\u0131n\u0131 belirtti.<\/li>\n\n\n\n<li>\u00d6\u011fretmen, Sultan Vahdettin&#8217;in Ayasofya&#8217;n\u0131n korunmas\u0131n\u0131 kendi g\u00fcvenli\u011finden daha \u00f6nemli g\u00f6rd\u00fc\u011f\u00fcn\u00fc aktard\u0131.<\/li>\n<\/ul>\n\n\n\n<p>Bir \u00f6\u011fretmenin s\u0131n\u0131f ortam\u0131nda \u00f6\u011frencilerine Sultan Vahdettin&#8217;i anlatt\u0131\u011f\u0131 anlara ili\u015fkin video, sosyal medyada g\u00fcndem oldu. \u00d6\u011fretmen, ders s\u0131ras\u0131nda yayg\u0131n olarak \u00f6\u011fretilen tarih anlat\u0131lar\u0131n\u0131 sorgulayarak Sultan Vahdettin&#8217;e y\u00f6nelik &#8220;korkak padi\u015fah&#8221; s\u00f6ylemi \u00fczerinden de\u011ferlendirmelerde bulundu.<\/p>\n\n\n\n<h3 class=\"wp-block-heading\">&#8220;B\u0130ZE B\u00d6YLE \u00d6\u011eRETT\u0130LER DE\u011e\u0130L M\u0130?<\/h3>\n\n\n\n<p>&#8220;Sultan Vahdettin korkak bir padi\u015fahm\u0131\u015f, \u0130ngiliz gemisine binip ka\u00e7m\u0131\u015f\u2026 Bize b\u00f6yle \u00f6\u011frettiler de\u011fil mi? Bak\u0131n bakal\u0131m ger\u00e7ek \u00f6yle mi?&#8221; s\u00f6zleriyle anlat\u0131m\u0131na ba\u015flayan \u00f6\u011fretmen, Osmanl\u0131&#8217;n\u0131n son d\u00f6nemindeki ko\u015fullara dikkat \u00e7ekti.<\/p>\n\n\n\n<h3 class=\"wp-block-heading\">&#8220;OSMANLI TOPRAKLARI ZATEN \u0130\u015eGAL ALTINDAYDI&#8221;<\/h3>\n\n\n\n<p>Sultan Vahdettin d\u00f6neminde Osmanl\u0131 topraklar\u0131n\u0131n fiilen i\u015fgal alt\u0131nda oldu\u011funu ifade eden \u00f6\u011fretmen, silahlar\u0131n toplat\u0131ld\u0131\u011f\u0131n\u0131 ve bu silahlar\u0131n ba\u015f\u0131nda \u0130ngiliz askerlerinin n\u00f6bet tuttu\u011funu anlatt\u0131. Kad\u0131n \u00f6\u011fretmen, yaln\u0131zca 700 Osmanl\u0131 askerinin silahl\u0131 kalmas\u0131na izin verildi\u011fini ve bu askerlerin padi\u015fah\u0131 korumakla g\u00f6revlendirildi\u011fini s\u00f6yledi.<\/p>\n\n\n\n<h3 class=\"wp-block-heading\">&#8220;AYASOFYA&#8217;YI BENDEN VE A\u0130LEM DEN DAHA KIYMETL\u0130 G\u00d6RD\u00dc&#8221;<\/h3>\n\n\n\n<p>Anlat\u0131m\u0131nda Sultan Vahdettin&#8217;e atfedilen bir ifadeye de yer veren \u00f6\u011fretmen, padi\u015fah\u0131n Ayasofya&#8217;n\u0131n yeniden kiliseye \u00e7evrilece\u011fi endi\u015fesini dile getirdi\u011fini ve bu nedenle silahl\u0131 askerlerin kendisini de\u011fil Ayasofya Camii&#8217;ni korumas\u0131n\u0131 istedi\u011fini aktard\u0131. \u00d6\u011fretmen, &#8220;Yani o korkak denilen Sultan Vahdettin, Ayasofya&#8217;y\u0131 kendisinden ve \u00e7ocuklar\u0131ndan daha k\u0131ymetli g\u00f6r\u00fcyor&#8221; ifadelerini kulland\u0131.<\/p>\n\n\n\n<p>S\u00f6z konusu video k\u0131sa s\u00fcrede sosyal medyada yay\u0131l\u0131rken, \u00f6\u011fretmenin anlat\u0131m\u0131 tarih yorumlar\u0131 \u00fczerinden tart\u0131\u015fmalar\u0131 da beraberinde getirdi.<\/p>\n","protected":false},"excerpt":{"rendered":"<p>Bir \u00f6\u011fretmenin s\u0131n\u0131fta Sultan Vahdettin&#8217;e y\u00f6nelik yayg\u0131n tarih anlat\u0131lar\u0131n\u0131 sorgulad\u0131\u011f\u0131 ve Ayasofya vurgusu yapt\u0131\u011f\u0131 ders anlat\u0131m\u0131, sosyal medyada geni\u015f yank\u0131 uyand\u0131rd\u0131. Bir \u00f6\u011fretmenin s\u0131n\u0131f ortam\u0131nda \u00f6\u011frencilerine Sultan Vahdettin&#8217;i anlatt\u0131\u011f\u0131 anlara ili\u015fkin video, sosyal medyada g\u00fcndem oldu. \u00d6\u011fretmen, ders s\u0131ras\u0131nda yayg\u0131n olarak \u00f6\u011fretilen tarih anlat\u0131lar\u0131n\u0131 sorgulayarak Sultan Vahdettin&#8217;e y\u00f6nelik &#8220;korkak padi\u015fah&#8221; s\u00f6ylemi \u00fczerinden de\u011ferlendirmelerde bulundu. &#8220;B\u0130ZE [&hellip;]<\/p>\n","protected":false},"author":1,"featured_media":9093,"comment_status":"open","ping_status":"open","sticky":false,"template":"","format":"standard","meta":{"footnotes":""},"categories":[16],"tags":[3172,333,3712,461,3711],"class_list":["post-9092","post","type-post","status-publish","format-standard","has-post-thumbnail","hentry","category-egitim","tag-ayasofya","tag-ogretmen","tag-osmanli","tag-sosyal-medya","tag-sultan-vahdettin"],"_links":{"self":[{"href":"https:\/\/www.trabzonmanset.com\/index.php\/wp-json\/wp\/v2\/posts\/9092","targetHints":{"allow":["GET"]}}],"collection":[{"href":"https:\/\/www.trabzonmanset.com\/index.php\/wp-json\/wp\/v2\/posts"}],"about":[{"href":"https:\/\/www.trabzonmanset.com\/index.php\/wp-json\/wp\/v2\/types\/post"}],"author":[{"embeddable":true,"href":"https:\/\/www.trabzonmanset.com\/index.php\/wp-json\/wp\/v2\/users\/1"}],"replies":[{"embeddable":true,"href":"https:\/\/www.trabzonmanset.com\/index.php\/wp-json\/wp\/v2\/comments?post=9092"}],"version-history":[{"count":1,"href":"https:\/\/www.trabzonmanset.com\/index.php\/wp-json\/wp\/v2\/posts\/9092\/revisions"}],"predecessor-version":[{"id":9094,"href":"https:\/\/www.trabzonmanset.com\/index.php\/wp-json\/wp\/v2\/posts\/9092\/revisions\/9094"}],"wp:featuredmedia":[{"embeddable":true,"href":"https:\/\/www.trabzonmanset.com\/index.php\/wp-json\/wp\/v2\/media\/9093"}],"wp:attachment":[{"href":"https:\/\/www.trabzonmanset.com\/index.php\/wp-json\/wp\/v2\/media?parent=9092"}],"wp:term":[{"taxonomy":"category","embeddable":true,"href":"https:\/\/www.trabzonmanset.com\/index.php\/wp-json\/wp\/v2\/categories?post=9092"},{"taxonomy":"post_tag","embeddable":true,"href":"https:\/\/www.trabzonmanset.com\/index.php\/wp-json\/wp\/v2\/tags?post=9092"}],"curies":[{"name":"wp","href":"https:\/\/api.w.org\/{rel}","templated":true}]}}