{"id":9077,"date":"2026-01-26T18:38:00","date_gmt":"2026-01-26T15:38:00","guid":{"rendered":"https:\/\/www.trabzonmanset.com\/?p=9077"},"modified":"2026-01-26T21:40:29","modified_gmt":"2026-01-26T18:40:29","slug":"mardinde-5-gun-sureyle-eylem-yasagi","status":"publish","type":"post","link":"https:\/\/www.trabzonmanset.com\/index.php\/2026\/01\/26\/mardinde-5-gun-sureyle-eylem-yasagi\/","title":{"rendered":"Mardin&#8217;de 5 g\u00fcn s\u00fcreyle eylem yasa\u011f\u0131"},"content":{"rendered":"\n<p>Suriye&#8217;de YPG&#8217;ye yap\u0131lan operasyonlar\u0131 bahane eden bir grup ter\u00f6r \u00f6rg\u00fct\u00fc yanda\u015f\u0131n\u0131n ge\u00e7ti\u011fimiz g\u00fcnlerde Mardin&#8217;in Nusaybin-Kam\u0131\u015fl\u0131 s\u0131n\u0131r\u0131nda T\u00fcrk bayra\u011f\u0131n\u0131 indirmesinin ard\u0131ndan yasak karar\u0131 geldi. Mardin Valili\u011fi, kent genelinde 5 g\u00fcn s\u00fcresince a\u00e7\u0131k alanlarda yap\u0131lacak her t\u00fcrl\u00fc toplant\u0131 ve y\u00fcr\u00fcy\u00fc\u015flerin yasakland\u0131\u011f\u0131n\u0131 a\u00e7\u0131klad\u0131. Yasak, kamu g\u00fcvenli\u011fini sa\u011flamak amac\u0131yla al\u0131nd\u0131.<\/p>\n\n\n\n<ul class=\"wp-block-list\">\n<li>Mardin Valili\u011fi, 27 Ocak 2026 Sal\u0131 00:01&#8217;den 31 Ocak 2026 Cumartesi 23:59&#8217;a kadar 5 g\u00fcn s\u00fcreyle il genelinde toplant\u0131, y\u00fcr\u00fcy\u00fc\u015f ve benzeri eylemleri yasaklad\u0131.<\/li>\n\n\n\n<li>Yasak, Nusaybin il\u00e7esi Nevruz Bulvar\u0131&#8217;nda 27 Ocak 2026&#8217;da saat 13:00&#8217;te planlanan bir y\u00fcr\u00fcy\u00fc\u015f nedeniyle kamu g\u00fcvenli\u011fi gerek\u00e7esiyle al\u0131nd\u0131.<\/li>\n\n\n\n<li>Yasak kapsam\u0131nda, Valilik ve kaymakaml\u0131k onay\u0131 olmayan a\u00e7\u0131k alan eylemleri ile il\u00e7elerden ve di\u011fer illerden y\u00fcr\u00fcy\u00fc\u015fe kat\u0131l\u0131m ama\u00e7l\u0131 \u015fah\u0131s ve ara\u00e7 giri\u015f-\u00e7\u0131k\u0131\u015flar\u0131 da yasakland\u0131.<\/li>\n<\/ul>\n\n\n\n<p><strong>Mardin Valili\u011fi<\/strong>, il genelinde 5 g\u00fcn s\u00fcreyle toplant\u0131, y\u00fcr\u00fcy\u00fc\u015f ve benzeri eylemlerin yasakland\u0131\u011f\u0131n\u0131 duyurdu.<\/p>\n\n\n\n<h3 class=\"wp-block-heading\">MARD\u0130N&#8217;DE 5 G\u00dcN BOYUNCA G\u00d6STER\u0130 YASA\u011eI<\/h3>\n\n\n\n<p><strong>Mardin Valili\u011fi<\/strong> taraf\u0131ndan yap\u0131lan a\u00e7\u0131klamada, yar\u0131n saat 13.00&#8217;te Nusaybin il\u00e7esi Nevruz Bulvar\u0131&#8217;nda d\u00fczenlenmek istenen y\u00fcr\u00fcy\u00fc\u015fle ilgili olarak, son d\u00f6nemde \u00fclke genelinde ve s\u0131n\u0131r \u00f6tesinde ya\u015fanan geli\u015fmelerin ve bunlar\u0131n kente olas\u0131 etkilerinin dikkate al\u0131nd\u0131\u011f\u0131 belirtilerek, 27 Ocak Sal\u0131 g\u00fcn\u00fc saat 00.01&#8217;den ba\u015flayarak 31 Ocak Cumartesi g\u00fcn\u00fc saat 23.59&#8217;a kadar 5 g\u00fcn s\u00fcreyle; Valilik ve kaymakaml\u0131k makamlar\u0131n\u0131n uygun g\u00f6rece\u011fi etkinlikler d\u0131\u015f\u0131nda a\u00e7\u0131k alanlarda yap\u0131lmak istenilen toplanma, y\u00fcr\u00fcy\u00fc\u015f, bas\u0131n a\u00e7\u0131klamas\u0131, a\u00e7l\u0131k grevi, oturma eylemi, miting, stant a\u00e7ma, \u00e7ad\u0131r kurma, bildiri ve bro\u015f\u00fcr da\u011f\u0131tma, afi\u015f ve pankart asma gibi her t\u00fcrl\u00fc eylemin yasakland\u0131\u011f\u0131 duyuruldu. Valilik a\u00e7\u0131klamas\u0131nda \u015fu ifadelere yer verildi:<\/p>\n\n\n\n<h3 class=\"wp-block-heading\">&#8220;YASA\u011eIN NEDEN\u0130 KAMU G\u00dcVENL\u0130\u011e\u0130&#8221;<\/h3>\n\n\n\n<p>&#8220;27.01.2026 Sal\u0131 g\u00fcn\u00fc saat 13: 00&#8217;te \u0130limiz Nusaybin il\u00e7esi Nevruz Bulvar\u0131&#8217;nda d\u00fczenlenmek istenilen y\u00fcr\u00fcy\u00fc\u015f ile ilgili olarak, son d\u00f6nemde gerek \u00fclkemiz dahilinde ve gerekse s\u0131n\u0131rlar\u0131m\u0131z\u0131n d\u0131\u015f\u0131nda geli\u015fen olaylar ve bunlar\u0131n ilimize olas\u0131 etkileri de dikkate al\u0131narak yap\u0131lan ayr\u0131nt\u0131l\u0131 de\u011ferlendirme neticesinde; S\u00f6z konusu y\u00fcr\u00fcy\u00fc\u015f etkinli\u011fi bahane edilerek, y\u00fcr\u00fcy\u00fc\u015f\u00fcn yap\u0131laca\u011f\u0131 tarihin \u00f6ncesi, y\u00fcr\u00fcy\u00fc\u015f s\u0131ras\u0131 ve sonras\u0131nda kamu d\u00fczeni ve g\u00fcvenli\u011fini bozabilecek eylemlerin yo\u011funluk kazanabilece\u011fi m\u00fctalaa edilmi\u015ftir. \u0130l s\u0131n\u0131rlar\u0131 i\u00e7inde huzur ve g\u00fcvenli\u011fin, ki\u015fi dokunulmazl\u0131\u011f\u0131n\u0131n, tasarrufa m\u00fcteallik emniyetin ve kamu esenli\u011finin sa\u011flanmas\u0131, ki\u015filerin hak ve \u00f6zg\u00fcrl\u00fcklerinin korunmas\u0131, \u015fiddet olaylar\u0131n\u0131n meydana gelmesinin \u00f6nlenmesi ve yukar\u0131da belirtilen tehdit ve risklerin ortadan kald\u0131r\u0131lmas\u0131 maksad\u0131yla, Mardin ili m\u00fclki s\u0131n\u0131rlar\u0131 i\u00e7erisinde a\u015fa\u011f\u0131daki tedbirlerin al\u0131nmas\u0131 Valili\u011fimizce uygun g\u00f6r\u00fclm\u00fc\u015ft\u00fcr.<\/p>\n\n\n\n<p>27 Ocak 2026 Sal\u0131 g\u00fcn\u00fc saat 00.01&#8217;den ba\u015flayarak 31 Ocak 2026 Cumartesi g\u00fcn\u00fc saat 23.59&#8217;a kadar (5) g\u00fcn s\u00fcreyle; Valilik ve kaymakaml\u0131k makamlar\u0131n\u0131n uygun g\u00f6rece\u011fi etkinlikler d\u0131\u015f\u0131nda, a\u00e7\u0131k alanlarda yap\u0131lmak istenilen (toplanma, y\u00fcr\u00fcy\u00fc\u015f, bas\u0131n a\u00e7\u0131klamas\u0131, a\u00e7l\u0131k grevi, oturma eylemi, miting, stant a\u00e7ma, \u00e7ad\u0131r kurma, bildiri\/bro\u015f\u00fcr da\u011f\u0131tma, afi\u015f\/pankart asma vb.) her t\u00fcrl\u00fc eylem, d\u0131\u015f il\u00e7elerden, yap\u0131lmak istenen y\u00fcr\u00fcy\u00fc\u015flere kat\u0131laca\u011f\u0131 de\u011ferlendirilen \u015fah\u0131s ve ara\u00e7lar\u0131n il\u00e7elerden \u00e7\u0131k\u0131\u015flar\u0131 ve\/veya il merkezine giri\u015fleri, di\u011fer illerden mezkur toplanma ve y\u00fcr\u00fcy\u00fc\u015flere kat\u0131lmak amac\u0131yla geldi\u011fi de\u011ferlendirilen \u015fah\u0131s ve ara\u00e7lar\u0131n ilimiz s\u0131n\u0131r\u0131na giri\u015fleri\/ge\u00e7i\u015fleri\/\u00e7\u0131k\u0131\u015flar\u0131, 2911 say\u0131l\u0131 Toplant\u0131 ve G\u00f6steri Y\u00fcr\u00fcy\u00fc\u015fleri Kanunu&#8217;nun 17 ve 19 uncu maddeleri ile 5442 say\u0131l\u0131 \u0130l \u0130daresi Kanunu&#8217;nun 11\/A. B ve C maddeleri gere\u011fince yasaklanm\u0131\u015ft\u0131r.&#8221;<\/p>\n\n\n\n<p>Kaynak: Demir\u00f6ren Haber Ajans\u0131<\/p>\n\n\n\n<p><\/p>\n","protected":false},"excerpt":{"rendered":"<p>Suriye&#8217;de YPG&#8217;ye yap\u0131lan operasyonlar\u0131 bahane eden bir grup ter\u00f6r \u00f6rg\u00fct\u00fc yanda\u015f\u0131n\u0131n ge\u00e7ti\u011fimiz g\u00fcnlerde Mardin&#8217;in Nusaybin-Kam\u0131\u015fl\u0131 s\u0131n\u0131r\u0131nda T\u00fcrk bayra\u011f\u0131n\u0131 indirmesinin ard\u0131ndan yasak karar\u0131 geldi. Mardin Valili\u011fi, kent genelinde 5 g\u00fcn s\u00fcresince a\u00e7\u0131k alanlarda yap\u0131lacak her t\u00fcrl\u00fc toplant\u0131 ve y\u00fcr\u00fcy\u00fc\u015flerin yasakland\u0131\u011f\u0131n\u0131 a\u00e7\u0131klad\u0131. Yasak, kamu g\u00fcvenli\u011fini sa\u011flamak amac\u0131yla al\u0131nd\u0131. Mardin Valili\u011fi, il genelinde 5 g\u00fcn s\u00fcreyle toplant\u0131, y\u00fcr\u00fcy\u00fc\u015f [&hellip;]<\/p>\n","protected":false},"author":1,"featured_media":9078,"comment_status":"open","ping_status":"open","sticky":false,"template":"","format":"standard","meta":{"footnotes":""},"categories":[1],"tags":[1323,3706,3705,3704],"class_list":["post-9077","post","type-post","status-publish","format-standard","has-post-thumbnail","hentry","category-gundem","tag-mardin","tag-mardin-valiligi","tag-nevruz-bulvari","tag-nusaybin"],"_links":{"self":[{"href":"https:\/\/www.trabzonmanset.com\/index.php\/wp-json\/wp\/v2\/posts\/9077","targetHints":{"allow":["GET"]}}],"collection":[{"href":"https:\/\/www.trabzonmanset.com\/index.php\/wp-json\/wp\/v2\/posts"}],"about":[{"href":"https:\/\/www.trabzonmanset.com\/index.php\/wp-json\/wp\/v2\/types\/post"}],"author":[{"embeddable":true,"href":"https:\/\/www.trabzonmanset.com\/index.php\/wp-json\/wp\/v2\/users\/1"}],"replies":[{"embeddable":true,"href":"https:\/\/www.trabzonmanset.com\/index.php\/wp-json\/wp\/v2\/comments?post=9077"}],"version-history":[{"count":1,"href":"https:\/\/www.trabzonmanset.com\/index.php\/wp-json\/wp\/v2\/posts\/9077\/revisions"}],"predecessor-version":[{"id":9079,"href":"https:\/\/www.trabzonmanset.com\/index.php\/wp-json\/wp\/v2\/posts\/9077\/revisions\/9079"}],"wp:featuredmedia":[{"embeddable":true,"href":"https:\/\/www.trabzonmanset.com\/index.php\/wp-json\/wp\/v2\/media\/9078"}],"wp:attachment":[{"href":"https:\/\/www.trabzonmanset.com\/index.php\/wp-json\/wp\/v2\/media?parent=9077"}],"wp:term":[{"taxonomy":"category","embeddable":true,"href":"https:\/\/www.trabzonmanset.com\/index.php\/wp-json\/wp\/v2\/categories?post=9077"},{"taxonomy":"post_tag","embeddable":true,"href":"https:\/\/www.trabzonmanset.com\/index.php\/wp-json\/wp\/v2\/tags?post=9077"}],"curies":[{"name":"wp","href":"https:\/\/api.w.org\/{rel}","templated":true}]}}