{"id":9073,"date":"2026-01-26T19:12:00","date_gmt":"2026-01-26T16:12:00","guid":{"rendered":"https:\/\/www.trabzonmanset.com\/?p=9073"},"modified":"2026-01-26T21:16:26","modified_gmt":"2026-01-26T18:16:26","slug":"omer-celik-pkknin-kendini-feshetmesi-ve-silah-birakmasi-gerekiyor","status":"publish","type":"post","link":"https:\/\/www.trabzonmanset.com\/index.php\/2026\/01\/26\/omer-celik-pkknin-kendini-feshetmesi-ve-silah-birakmasi-gerekiyor\/","title":{"rendered":"\u00d6mer \u00c7elik: PKK&#8217;n\u0131n kendini feshetmesi ve silah b\u0131rakmas\u0131 gerekiyor"},"content":{"rendered":"\n<p>AK Parti Genel Ba\u015fkan Yard\u0131mc\u0131s\u0131 ve Parti S\u00f6zc\u00fcs\u00fc \u00d6mer \u00c7elik, &#8220;Hi\u00e7bir ter\u00f6r \u00f6rg\u00fct\u00fcn\u00fcn, hi\u00e7bir \u015fekilde var olmamas\u0131 gerekmektedir. Uyar\u0131lar\u0131m\u0131z\u0131 net bir \u015fekilde yap\u0131yoruz. Ter\u00f6rs\u00fcz T\u00fcrkiye ve Ter\u00f6rs\u00fcz B\u00f6lge kapsam\u0131nda PKK&#8217;n\u0131n b\u00fct\u00fcn \u015fube, uzant\u0131 ve illegal yap\u0131lanmalar\u0131yla kendini feshetmesi ve silah b\u0131rakmas\u0131 gerekiyor&#8221; dedi.<\/p>\n\n\n\n<p>AK Parti Merkez Karar ve Y\u00f6netim Kurulu (MKYK), Cumhurba\u015fkan\u0131 ve AK Parti Genel Ba\u015fkan\u0131 Recep Tayyip Erdo\u011fan ba\u015fkanl\u0131\u011f\u0131nda topland\u0131. MKYK toplant\u0131s\u0131nda Cumhurba\u015fkan\u0131 Erdo\u011fan, partiye kat\u0131lan Konya \u00c7umra Belediye Ba\u015fkan\u0131 Mehmet Ayd\u0131n, Yozgat Kad\u0131\u015fehri Belediye Ba\u015fkan\u0131 Davut Karadavut, \u015e\u0131rnak \u0130dil Karalar Belde Belediye Ba\u015fkan\u0131 Hasan Turgut, \u00c7orum Ortak\u00f6y A\u015fda\u011ful Belde Belediye Ba\u015fkan\u0131 \u015eenol \u00d6nc\u00fcl&#8217;e rozet takt\u0131.<\/p>\n\n\n\n<p>MKYK toplant\u0131s\u0131 devam ederken AK Parti S\u00f6zc\u00fcs\u00fc \u00d6mer \u00c7elik, toplant\u0131ya ve g\u00fcndeme ili\u015fkin bas\u0131n a\u00e7\u0131klamas\u0131 ger\u00e7ekle\u015ftirdi. \u00c7elik, &#8220;Bu y\u0131la \u00e7ok yo\u011fun bir \u015fekilde girdik. Bu yo\u011funluk \u00e7ok da pozitif anlamda de\u011fil. Bir\u00e7ok alanda d\u00fcnyan\u0131n krizlerle sars\u0131ld\u0131\u011f\u0131 bir d\u00f6nemdeyiz. Bir\u00e7ok hassasiyetin \u00e7ok iyi stratejilerle y\u00f6netilmesi gerekiyor. Hem MYK&#8217;m\u0131z, hem MKYK&#8217;m\u0131zda i\u00e7 ve d\u0131\u015f politikalardaki geli\u015fmeleri hassasiyet \u00e7er\u00e7evesinde de\u011ferlendiriyor. Bug\u00fcn, D\u0131\u015fi\u015fleri Bakanl\u0131\u011f\u0131 ile Aile ve Sosyal Hizmetler Bakanl\u0131\u011f\u0131&#8217;n\u0131n sunumu var. TBMM \u00e7al\u0131\u015fmalar\u0131 var. Burada hem Gazze&#8217;deki, hem Suriye&#8217;deki durumun de\u011ferlendirilmesi, hem de Aile Bakanl\u0131\u011f\u0131&#8217;n\u0131n g\u00fcndemiyle ilgili olarak bas\u0131na yans\u0131yan son konular ve sosyal medya kullan\u0131m\u0131 konusundaki yakla\u015f\u0131mlar\u0131n de\u011ferlendirilmesi bak\u0131m\u0131ndan MKYK&#8217;m\u0131z kapsaml\u0131 bir toplant\u0131 ger\u00e7ekle\u015ftiriyor&#8221; ifadelerini kulland\u0131.<\/p>\n\n\n\n<figure class=\"wp-block-image\"><a class=\"rhd-article-news-img-link nd-article__content-link\" href=\"javascript:;\"><img decoding=\"async\" src=\"https:\/\/image.dha.com.tr\/i\/dha\/75\/770x0\/69779a7a8c3f68b010b5c2db.jpg\" alt=\"\u00d6mer \u00c7elik: PKKn\u0131n kendini feshetmesi ve silah b\u0131rakmas\u0131 gerekiyor\"\/><\/a><\/figure>\n\n\n\n<p><strong>&#8216;VATANDA\u015eLARIMIZLA BULU\u015eACA\u011eIMIZ, PROGRAMLAR GER\u00c7EKLE\u015eT\u0130RECE\u011e\u0130Z&#8217;<\/strong><\/p>\n\n\n\n<p>Cumhurba\u015fkan\u0131 Erdo\u011fan&#8217;\u0131n toplant\u0131n\u0131n a\u00e7\u0131l\u0131\u015f konu\u015fmas\u0131nda, Gazze&#8217;de ve Suriye&#8217;de gelinen son noktay\u0131 ve bu konuda y\u00fcr\u00fct\u00fclen diplomasiyi payla\u015ft\u0131\u011f\u0131n\u0131 aktaran \u00c7elik, &#8220;\u0130\u00e7 ve d\u0131\u015f politikaya dair MKYK&#8217;m\u0131za talimatlar\u0131 oldu. Bu ay, Te\u015fkilat Ba\u015fkan\u0131m\u0131z Ahmet B\u00fcy\u00fckg\u00fcm\u00fc\u015f&#8217;\u00fcn koordinasyonunda b\u00fct\u00fcn arkada\u015flar\u0131m\u0131z sahadalar, illere gidiyorlar. Bu ay\u0131 da dolu dolu ge\u00e7iriyoruz. \u00d6n\u00fcm\u00fczdeki aylarla ilgili vatanda\u015flar\u0131m\u0131zla bulu\u015faca\u011f\u0131m\u0131z, programlar ger\u00e7ekle\u015ftirece\u011fiz&#8221; diye konu\u015ftu.<\/p>\n\n\n\n<p><strong>&#8216;TER\u00d6RS\u00dcZ T\u00dcRK\u0130YE VE TER\u00d6RS\u00dcZ B\u00d6LGE \u0130\u00c7 \u0130\u00c7E GE\u00c7M\u0130\u015e \u0130K\u0130 KAVRAM&#8217;<\/strong><\/p>\n\n\n\n<p>Ter\u00f6rs\u00fcz T\u00fcrkiye ve Ter\u00f6rs\u00fcz B\u00f6lge konusundaki \u00e7al\u0131\u015fmalar\u0131n\u0131 kararl\u0131l\u0131kla s\u00fcrd\u00fcrd\u00fcklerini kaydeden \u00c7elik, &#8220;Ter\u00f6rs\u00fcz T\u00fcrkiye ve Ter\u00f6rs\u00fcz B\u00f6lge i\u00e7 i\u00e7e, kol kola ve birbiriyle ayr\u0131lmaz b\u00fct\u00fcnl\u00fc\u011fe sahip iki kavram. Zaman zaman bu ikisinin ayr\u0131 ayr\u0131 de\u011ferlendirilmeye \u00e7al\u0131\u015f\u0131ld\u0131\u011f\u0131n\u0131 g\u00f6r\u00fcyoruz, aradaki ba\u011f\u0131n kopar\u0131lmaya \u00e7al\u0131\u015f\u0131ld\u0131\u011f\u0131n\u0131 g\u00f6r\u00fcyoruz. Bu ba\u011f\u0131n koptu\u011funda da yerine ne yerle\u015ftirilmeye \u00e7al\u0131\u015f\u0131ld\u0131\u011f\u0131na bakt\u0131\u011f\u0131m\u0131zda; ter\u00f6r \u00f6rg\u00fctlerini me\u015frula\u015ft\u0131rmaya \u00e7al\u0131\u015fan, mazur g\u00f6stermeye \u00e7al\u0131\u015fan, ter\u00f6r organizasyonlar\u0131n\u0131n kurdu\u011fu bir tak\u0131m diktatoryal vesayetleri &#8216;kazan\u0131m&#8217; gibi sunma \u015feklinde yakla\u015f\u0131mlar\u0131 g\u00f6r\u00fcyoruz. B\u00fct\u00fcn bu s\u00fcre\u00e7, bu iki kavram\u0131n ne kadar zamanl\u0131 oldu\u011funu, ne kadar do\u011fru oldu\u011funu ve stratejik bir ad\u0131m oldu\u011funu bir kere daha g\u00f6steriyor. Partimizin t\u00fcm organlar\u0131 a\u00e7\u0131s\u0131ndan en hassasiyetle takip edilen konular\u0131n ba\u015f\u0131nda bu geliyor&#8221; diye konu\u015ftu.<\/p>\n\n\n\n<p><strong>&#8217;10 MART MUTABAKATI&#8217;NIN \u00d6NEM\u0130N\u0130 VURGULADIK&#8217;<\/strong><\/p>\n\n\n\n<p>Suriye&#8217;deki g\u00fcndemin son derece \u00f6nemli oldu\u011funu belirten \u00c7elik, &#8220;Uzun zamand\u0131r biz Suriye&#8217;de ter\u00f6r \u00f6rg\u00fctlerinin alan kapama, ter\u00f6rist aktiviteleri devam ettirmeleri konusundaki uyarlar\u0131m\u0131z\u0131 ifade ediyorduk. Suriye&#8217;deki herkesin kazand\u0131\u011f\u0131 &#8216;Tek Suriye, tek ordu&#8217; ilkesine ba\u011fl\u0131l\u0131k \u00e7er\u00e7evesinde t\u00fcm etnik gruplar\u0131n, mezhep gruplar\u0131n, dini gruplar\u0131n haklar\u0131n\u0131n garanti alt\u0131na al\u0131naca\u011f\u0131 bir modelin ortaya \u00e7\u0131kmas\u0131 gerekti\u011fini ifade ediyorduk. Burada her zaman hassasiyetle vurgulad\u0131\u011f\u0131m\u0131z bir konu, Suriye&#8217;de DEA\u015e&#8217;la m\u00fccadelenin kesintisiz bir \u015fekilde s\u00fcrmesi gerekti\u011fidir. DEA\u015e denilen katliam \u00f6rg\u00fct\u00fcn\u00fcn hi\u00e7bir \u015fekilde kendisine bir alan bulamamas\u0131 gerekti\u011fidir. Ayn\u0131 \u015fekilde hi\u00e7bir ter\u00f6r \u00f6rg\u00fct\u00fcn\u00fcn de hi\u00e7bir \u015fekilde var olmamas\u0131 gerekmektedir. Uyar\u0131lar\u0131m\u0131z\u0131 net bir \u015fekilde yap\u0131yoruz. Ter\u00f6rs\u00fcz T\u00fcrkiye ve Ter\u00f6rs\u00fcz B\u00f6lge kapsam\u0131nda PKK&#8217;n\u0131n b\u00fct\u00fcn \u015fube, uzant\u0131 ve illegal yap\u0131lanmalar\u0131yla kendini feshetmesi ve silah b\u0131rakmas\u0131 gerekiyor. Buna Suriye, Irak, \u0130ran yap\u0131lanmalar\u0131, Avrupa&#8217;daki illegal yap\u0131lanmas\u0131n\u0131n dahil oldu\u011funu ifade ettik. Suriye a\u00e7\u0131s\u0131ndan bizim \u00f6nemsedi\u011fimiz hem kan d\u00f6k\u00fclmemesi a\u00e7\u0131s\u0131ndan hem Suriye&#8217;deki K\u00fcrt karde\u015flerimizin haklar\u0131n\u0131n garanti alt\u0131na al\u0131nmas\u0131 hem ter\u00f6r\u00fcn vesayetinden kurtulmas\u0131 bak\u0131m\u0131ndan hem de Suriye&#8217;nin birli\u011fine, b\u00fct\u00fcnl\u00fc\u011f\u00fcne zarar veren asimetrik silahl\u0131 gruplar\u0131n ortadan kalmas\u0131 ama bir \u015fekilde Suriye&#8217;nin bir par\u00e7as\u0131 olmas\u0131 gerekti\u011fi bak\u0131m\u0131ndan da 10 Mart Mutabakat\u0131\u2019n\u0131n \u00f6nemini vurgulad\u0131k&#8221; dedi.<\/p>\n\n\n\n<p>\u00c7elik, 10 Mart Mutabakat\u0131&#8217;n\u0131n sade bir y\u00f6ntemi i\u00e7erdi\u011fini, SDG&#8217;nin i\u00e7indeki Suriyeli olmayan PKK&#8217;l\u0131lardan ar\u0131nmas\u0131, ter\u00f6r faaliyetlerinden vazge\u00e7mesi ve SDG unsurlar\u0131n\u0131n bireysel olarak Suriye ordusunun par\u00e7as\u0131 olup &#8216;Tek Suriye&#8217; ilkesine dayal\u0131 bir \u015fekilde entegrasyona y\u00f6neldi\u011fi zaman b\u00fct\u00fcn bunlar\u0131n \u00e7at\u0131\u015fmas\u0131z bir \u015fekilde \u00e7\u00f6z\u00fclm\u00fc\u015f olaca\u011f\u0131n\u0131 kaydetti. \u00c7elik, &#8220;Tek Suriye, tek ordu ilkesine ayk\u0131r\u0131 bir tutum alman\u0131n hem bizim a\u00e7\u0131m\u0131zdan hem de Suriye a\u00e7\u0131s\u0131ndan milli g\u00fcvenlik ve tehdit oldu\u011funu, burada Suriye ile T\u00fcrkiye&#8217;nin ortak d\u00fc\u015f\u00fcnd\u00fc\u011f\u00fcn\u00fc ifade ettik. \u00d6nemsedi\u011fimiz bir konu da ESAD rejimi d\u00f6neminde kimlikleri yok say\u0131lm\u0131\u015f K\u00fcrt karde\u015flerimizin, T\u00fcrkmen karde\u015flerimizin ve di\u011fer unsurlar\u0131n kimliklerinin, k\u00fclt\u00fcrlerinin garanti alt\u0131na al\u0131nmas\u0131d\u0131r. Burada tek bir Suriye iradesinin ortaya \u00e7\u0131kmas\u0131n\u0131n ve T\u00fcrkmen, K\u00fcrt, Arap karde\u015flerimizin ortak bir iradeyle kendi \u00fclkelerine e\u015fit \u00f6zne olarak kat\u0131lmalar\u0131n\u0131n sa\u011flanmas\u0131n\u0131n gerekti\u011fini ifade ettik. Suriye Cumhurba\u015fkan\u0131 Say\u0131n \u015eara taraf\u0131ndan yay\u0131mlanan Suriye&#8217;deki K\u00fcrt karde\u015flerimizin haklar\u0131n\u0131 garanti alt\u0131na alan kararnamenin son derece sevindirici oldu\u011funu ifade etmek isterim&#8221; diye konu\u015ftu.<\/p>\n\n\n\n<figure class=\"wp-block-image\"><a class=\"rhd-article-news-img-link nd-article__content-link\" href=\"javascript:;\"><img decoding=\"async\" src=\"https:\/\/image.dha.com.tr\/i\/dha\/75\/770x0\/69779a7a8c3f68b010b5c2d8.jpg\" alt=\"\u00d6mer \u00c7elik: PKKn\u0131n kendini feshetmesi ve silah b\u0131rakmas\u0131 gerekiyor\"\/><\/a><\/figure>\n\n\n\n<p><strong>&#8216;GER\u00c7EK KAZANIM TER\u00d6R \u00d6RG\u00dcTLER\u0130NDEN KURTULMAK&#8217;<\/strong><\/p>\n\n\n\n<p>Suriye&#8217;de ortaya \u00e7\u0131kan son tablonun b\u00fct\u00fcn K\u00fcrtlerin, T\u00fcrkmenlerin ve Araplar\u0131n kazan\u0131m\u0131 olarak g\u00f6rmek gerekti\u011fini vurgulayan \u00c7elik, \u015f\u00f6yle devam etti:<\/p>\n\n\n\n<p>&#8220;E\u011fer birileri herhangi bir yerde ter\u00f6r \u00f6rg\u00fct\u00fcn\u00fcn kazan\u0131m\u0131n\u0131, herhangi bir etnik grubun kazan\u0131m\u0131 olarak g\u00f6r\u00fcyorsa, burada son derece hastal\u0131kl\u0131 zihniyetin i\u015fledi\u011fini ifade etmek laz\u0131m. Birileri \u00e7\u0131k\u0131p da &#8216;SDG, K\u00fcrtleri temsil ediyor&#8217; gibisinden hastal\u0131kl\u0131 bir c\u00fcmle kuruyorsa, bu hastal\u0131kl\u0131 c\u00fcmlenin bir ba\u015fkas\u0131n\u0131n \u00e7\u0131k\u0131p, &#8216;DEA\u015e, Araplar\u0131 temsil ediyor&#8217; hastal\u0131kl\u0131 c\u00fcmlesinden bir fark\u0131 yoktur. Burada ger\u00e7ek kazan\u0131m, Suriye&#8217;de K\u00fcrt, Arap, T\u00fcrkmen karde\u015flerimizin ter\u00f6r \u00f6rg\u00fctlerinden kurtulmas\u0131d\u0131r. Kendi iradelerini a\u00e7\u0131k\u00e7a beyan edecekleri politik s\u00fcre\u00e7lerin siyasal kat\u0131lma s\u00fcre\u00e7lerinin hukuk temelinde iyi i\u015flemesine d\u00f6n\u00fck gayretlerin ortaya koyulmad\u0131r. SDG&#8217;nin ve DEA\u015e&#8217;\u0131n kayb\u0131n\u0131 kim ki K\u00fcrtlerin, Araplar\u0131n kayb\u0131 gibi kodluyorsa onun K\u00fcrt ya da Arap gibi bir derdi olmad\u0131\u011f\u0131 net bir \u015fekilde g\u00f6r\u00fcl\u00fcr.&#8221;<\/p>\n\n\n\n<p><strong>&#8216;DAVOS TOPLANTISINDAN YANSIYAN MESAJLAR SON DERECE \u0130LG\u0130N\u00c7&#8217;<\/strong><\/p>\n\n\n\n<p>\u0130svi\u00e7re&#8217;nin Davos kasabas\u0131nda 19-23 Ocak&#8217;ta d\u00fczenlenen D\u00fcnya Ekonomik Forumu&#8217;nu (WEF) de\u011ferlendiren \u00c7elik, Cumhurba\u015fkan\u0131 Erdo\u011fan&#8217;\u0131n y\u0131llar \u00f6nce dile getirdi\u011fi, &#8216;D\u00fcnya be\u015ften b\u00fcy\u00fckt\u00fcr&#8217; s\u00f6z\u00fc \u00fczerinde durarak, &#8220;Bu sene Davos toplant\u0131s\u0131ndan yans\u0131yan mesajlar son derece ilgin\u00e7. Do\u011frudan k\u00fcresel d\u00fczenin gelece\u011fiyle ilgili olarak \u00e7ok etkili mesajlar veriliyor. Neoliberal siyasi d\u00fczeni savunanlar\u0131n, bu haliyle kapitalizmi savunanlar\u0131n, kendi i\u00e7inde \u00e7eli\u015fkiye d\u00fc\u015ft\u00fc\u011f\u00fc en \u00f6nemli zaman dilimlerinden bir tanesindeyiz. Cumhurba\u015fkan\u0131m\u0131z\u0131n y\u0131llar \u00f6nce s\u00f6yledi\u011finin bug\u00fcn tekrar\u0131 anlam\u0131na gelebilecek, teyidi anlam\u0131na gelebilecek \u00e7arp\u0131c\u0131 c\u00fcmleler duyuyoruz&#8221; ifadelerini kulland\u0131.<\/p>\n\n\n\n<p><strong>&#8216;\u0130RAN&#8217;A D\u00d6N\u00dcK DI\u015e M\u00dcDAHALEN\u0130N KAR\u015eISINDAYIZ&#8217;<\/strong><\/p>\n\n\n\n<p>\u0130ran&#8217;daki geli\u015fmeleri yak\u0131ndan ve endi\u015feyle takip ettiklerini belirten \u00c7elik, &#8220;\u0130ran&#8217;a d\u00f6n\u00fck d\u0131\u015f m\u00fcdahalenin kar\u015f\u0131s\u0131nday\u0131z. Bu son derece yanl\u0131\u015f olur. Burada \u0130ran halk\u0131n\u0131n iradesine sayg\u0131 g\u00f6sterilmelidir. Her d\u0131\u015f m\u00fcdahale vah\u015fi ve ac\u0131 verici, halka bedel \u00f6deten sorunlar ortaya \u00e7\u0131karm\u0131\u015ft\u0131r. \u00dclkelerin devlet ba\u015fkanlar\u0131n\u0131n hedef al\u0131nmas\u0131, silah zoruyla rejimlerinin de\u011fi\u015ftirilmeye \u00e7al\u0131\u015f\u0131lmas\u0131 d\u00fcnyan\u0131n hi\u00e7bir yerinde \u00e7\u00f6z\u00fcm olmad\u0131. \u0130ran&#8217;daki sorunlar\u0131 g\u00f6rmezden gelmiyoruz. Bu sorunlar, karde\u015f \u0130ran halk\u0131n\u0131n dinamikleriyle \u00e7\u00f6z\u00fclmelidir&#8221; dedi.<\/p>\n\n\n\n<figure class=\"wp-block-image\"><a class=\"rhd-article-news-img-link nd-article__content-link\" href=\"javascript:;\"><img decoding=\"async\" src=\"https:\/\/image.dha.com.tr\/i\/dha\/75\/770x0\/69779a7a8c3f68b010b5c2d5.jpg\" alt=\"\u00d6mer \u00c7elik: PKKn\u0131n kendini feshetmesi ve silah b\u0131rakmas\u0131 gerekiyor\"\/><\/a><\/figure>\n\n\n\n<p><strong>&#8216;F\u0130L\u0130ST\u0130N&#8217;\u0130 F\u0130L\u0130ST\u0130NL\u0130LER Y\u00d6NETMEL\u0130D\u0130R&#8217;<\/strong><\/p>\n\n\n\n<p>Gazze Kurulu&#8217;nun yapaca\u011f\u0131 \u00e7al\u0131\u015fmalar\u0131n\u0131n yak\u0131ndan takip edilece\u011fini kaydeden \u00c7elik, &#8220;Filistin&#8217;i Filistinliler y\u00f6netmelidir. Burada kal\u0131c\u0131 bar\u0131\u015f\u0131n tek yolu ate\u015fkesin kal\u0131c\u0131 hale gelmesi ama ondan sonra 1967 s\u0131n\u0131rlar\u0131 temelinde ba\u015fkenti Do\u011fu Kud\u00fcs olan, entegre toprak b\u00fct\u00fcnl\u00fc\u011f\u00fcne sahip bir Filistin devletinin kurulmas\u0131d\u0131r. Bu olmadan orada kal\u0131c\u0131 bar\u0131\u015f\u0131n sa\u011flanmas\u0131 m\u00fcmk\u00fcn de\u011fildir. Son derece ac\u0131mas\u0131z ve yanl\u0131\u015f c\u00fcmleler kuruluyor. Gazze bir emlak de\u011fildir, Gazze bir vatand\u0131r&#8221; di\u015fe konu\u015ftu.<\/p>\n\n\n\n<p><strong>&#8216;TER\u00d6R \u00d6RG\u00dcTLER\u0130N\u0130N KAR\u015eISINDAYIZ&#8217;<\/strong><\/p>\n\n\n\n<p>\u00c7elik, a\u00e7\u0131klamalar\u0131n\u0131n ard\u0131ndan bas\u0131n mensuplar\u0131n\u0131n sorular\u0131n\u0131 yan\u0131tlad\u0131. CHP Genel Ba\u015fkan\u0131 \u00d6zg\u00fcr \u00d6zel&#8217;in, &#8216;Kobani&#8217;ye yard\u0131mlar\u0131n Obama&#8217;n\u0131n talimatlar\u0131yla yap\u0131ld\u0131&#8217; s\u00f6zlerinin sorulmas\u0131 \u00fczerine \u00c7elik, &#8220;Bu K\u00fcrt meselesini istismar etmeyi meslek ve kariyer haline getirmi\u015f baz\u0131 siyasiler. Bizim s\u00f6yledi\u011fimiz \u015fey \u015fudur; oraya yard\u0131m g\u00f6t\u00fcr\u00fclmesiyle ilgili bir irade oraya koyulurken PKK bu yard\u0131m\u0131 engelliyordu. Orada sivil insanlar \u00f6ls\u00fcn de \u00f6rg\u00fct\u00fcn propagandas\u0131 olsun diye engelliyordu. T\u00fcrkiye, ter\u00f6r \u00f6rg\u00fct\u00fcn\u00fcn bu blokaj\u0131n\u0131 bypass edecek bir y\u00f6ntem buldu ve o y\u00f6ntemle birlikte PKK&#8217;n\u0131n yakla\u015f\u0131m\u0131 \u00e7\u00f6kertilmi\u015f oldu. Bunu defalarca ifade ettik. Kobani&#8217;ye tabii ki insani yard\u0131mda bulunuyoruz. \u0130lk a\u015famada 11 TIR gitti. Hangi ideolojiden olursa olsun b\u00f6lgedeki ter\u00f6r \u00f6rg\u00fctlerinin kar\u015f\u0131s\u0131nday\u0131z&#8221; dedi.<\/p>\n\n\n\n<p>CHP Genel Ba\u015fkan\u0131 \u00d6zel&#8217;in Cumhurba\u015fkan\u0131 Erdo\u011fan ad\u0131na bir m\u00fcze yap\u0131ld\u0131\u011f\u0131 i\u00e7in ele\u015ftirilerde bulundu\u011funu dile getiren \u00c7elik, \u00f6nceki cumhurba\u015fkanlar\u0131 ad\u0131na da m\u00fczelerin oldu\u011funu, bu m\u00fczelerin toplumun kurumsal haf\u0131zas\u0131 haline getirilmesinin gelecek nesillere de yol g\u00f6sterdi\u011fini s\u00f6yledi.<\/p>\n\n\n\n<figure class=\"wp-block-image\"><a class=\"rhd-article-news-img-link nd-article__content-link\" href=\"javascript:;\"><img decoding=\"async\" src=\"https:\/\/image.dha.com.tr\/i\/dha\/75\/770x0\/69779a7a8c3f68b010b5c2d7.jpg\" alt=\"\u00d6mer \u00c7elik: PKKn\u0131n kendini feshetmesi ve silah b\u0131rakmas\u0131 gerekiyor\"\/><\/a><\/figure>\n\n\n\n<p><strong>&#8216;\u00d6RG\u00dcT\u00dcN ARG\u00dcMANI&#8217;<\/strong><\/p>\n\n\n\n<p>\u00c7elik, &#8220;DEM Parti e\u015f ba\u015fkanlar\u0131 olmak \u00fczere baz\u0131 siyasilerin bizim ter\u00f6re kar\u015f\u0131 tutumumuzu HT\u015e&#8217;yi desteklemek gibi sunmas\u0131 siyasi bir c\u00fcmle de\u011fil. Burada \u00f6zg\u00fcr bir irade yok. Bu arg\u00fcman \u00f6rg\u00fct\u00fcn arg\u00fcman\u0131. Ke\u015fke bu c\u00fcmleler kurulmasayd\u0131&#8221; ifadelerini kulland\u0131.<\/p>\n\n\n\n<p><strong>&#8216;KIRMIZI \u00c7\u0130ZG\u0130 \u0130HLAL ED\u0130LMEMEL\u0130YD\u0130&#8217;<\/strong><\/p>\n\n\n\n<p>\u00c7elik, son s\u00fcre\u00e7te MHP Genel Ba\u015fkan\u0131 Devlet Bah\u00e7eli&#8217;nin fedakarl\u0131\u011f\u0131n\u0131 herkesin g\u00f6rd\u00fc\u011f\u00fcn\u00fc kaydederek, &#8220;Bu isimlerin Say\u0131n Cumhurba\u015fkan\u0131m\u0131za ve Say\u0131n Devlet Bah\u00e7eli&#8217;ye kulland\u0131\u011f\u0131 ifadeler son derece ahlak d\u0131\u015f\u0131 ifadelerdir. Bu ifadeleri lanetliyoruz. Onlar\u0131n hukukunun korunmas\u0131 bizim k\u0131rm\u0131z\u0131 \u00e7izgimizdir. Bug\u00fcn, &#8216;K\u00fcrtlere sahip \u00e7\u0131k\u0131yorum&#8217; diyerek ter\u00f6r \u00f6rg\u00fctlerine sahip \u00e7\u0131kanlar\u0131n Say\u0131n Cumhurba\u015fkan\u0131m\u0131z\u0131 ve Say\u0131n Bah\u00e7eli&#8217;yi hedef almas\u0131 en b\u00fcy\u00fck K\u00fcrt d\u00fc\u015fmanl\u0131\u011f\u0131d\u0131r. Bu k\u0131rm\u0131z\u0131 \u00e7izgi ihlal edilmemeliydi&#8221; diye konu\u015ftu.<\/p>\n\n\n\n<p>Kaynak: DHA<\/p>\n","protected":false},"excerpt":{"rendered":"<p>AK Parti Genel Ba\u015fkan Yard\u0131mc\u0131s\u0131 ve Parti S\u00f6zc\u00fcs\u00fc \u00d6mer \u00c7elik, &#8220;Hi\u00e7bir ter\u00f6r \u00f6rg\u00fct\u00fcn\u00fcn, hi\u00e7bir \u015fekilde var olmamas\u0131 gerekmektedir. Uyar\u0131lar\u0131m\u0131z\u0131 net bir \u015fekilde yap\u0131yoruz. Ter\u00f6rs\u00fcz T\u00fcrkiye ve Ter\u00f6rs\u00fcz B\u00f6lge kapsam\u0131nda PKK&#8217;n\u0131n b\u00fct\u00fcn \u015fube, uzant\u0131 ve illegal yap\u0131lanmalar\u0131yla kendini feshetmesi ve silah b\u0131rakmas\u0131 gerekiyor&#8221; dedi. AK Parti Merkez Karar ve Y\u00f6netim Kurulu (MKYK), Cumhurba\u015fkan\u0131 ve AK Parti [&hellip;]<\/p>\n","protected":false},"author":1,"featured_media":9075,"comment_status":"open","ping_status":"open","sticky":false,"template":"","format":"standard","meta":{"footnotes":""},"categories":[11],"tags":[562,846,3703,1483,2312],"class_list":["post-9073","post","type-post","status-publish","format-standard","has-post-thumbnail","hentry","category-manset","tag-ak-parti","tag-cumhurbaskani-erdogan","tag-mkyk","tag-omer-celik","tag-terorsuz-turkiye"],"_links":{"self":[{"href":"https:\/\/www.trabzonmanset.com\/index.php\/wp-json\/wp\/v2\/posts\/9073","targetHints":{"allow":["GET"]}}],"collection":[{"href":"https:\/\/www.trabzonmanset.com\/index.php\/wp-json\/wp\/v2\/posts"}],"about":[{"href":"https:\/\/www.trabzonmanset.com\/index.php\/wp-json\/wp\/v2\/types\/post"}],"author":[{"embeddable":true,"href":"https:\/\/www.trabzonmanset.com\/index.php\/wp-json\/wp\/v2\/users\/1"}],"replies":[{"embeddable":true,"href":"https:\/\/www.trabzonmanset.com\/index.php\/wp-json\/wp\/v2\/comments?post=9073"}],"version-history":[{"count":1,"href":"https:\/\/www.trabzonmanset.com\/index.php\/wp-json\/wp\/v2\/posts\/9073\/revisions"}],"predecessor-version":[{"id":9076,"href":"https:\/\/www.trabzonmanset.com\/index.php\/wp-json\/wp\/v2\/posts\/9073\/revisions\/9076"}],"wp:featuredmedia":[{"embeddable":true,"href":"https:\/\/www.trabzonmanset.com\/index.php\/wp-json\/wp\/v2\/media\/9075"}],"wp:attachment":[{"href":"https:\/\/www.trabzonmanset.com\/index.php\/wp-json\/wp\/v2\/media?parent=9073"}],"wp:term":[{"taxonomy":"category","embeddable":true,"href":"https:\/\/www.trabzonmanset.com\/index.php\/wp-json\/wp\/v2\/categories?post=9073"},{"taxonomy":"post_tag","embeddable":true,"href":"https:\/\/www.trabzonmanset.com\/index.php\/wp-json\/wp\/v2\/tags?post=9073"}],"curies":[{"name":"wp","href":"https:\/\/api.w.org\/{rel}","templated":true}]}}