{"id":8980,"date":"2026-01-23T22:10:00","date_gmt":"2026-01-23T19:10:00","guid":{"rendered":"https:\/\/www.trabzonmanset.com\/?p=8980"},"modified":"2026-01-24T00:02:37","modified_gmt":"2026-01-23T21:02:37","slug":"putin-goz-diktigi-bolge-icin-trumpa-meydan-okudu-her-halukarda-surdurecegiz","status":"publish","type":"post","link":"https:\/\/www.trabzonmanset.com\/index.php\/2026\/01\/23\/putin-goz-diktigi-bolge-icin-trumpa-meydan-okudu-her-halukarda-surdurecegiz\/","title":{"rendered":"Putin, g\u00f6z dikti\u011fi b\u00f6lge i\u00e7in Trump&#8217;a meydan okudu: Her hal\u00fckarda s\u00fcrd\u00fcrece\u011fiz"},"content":{"rendered":"\n<p>Rusya Devlet Ba\u015fkan\u0131 Vladimir Putin, ABD Ba\u015fkan\u0131 Donald Trump&#8217;\u0131n egemenlik talebinde bulundu\u011fu Gr\u00f6nland ve Arktik b\u00f6lgeye ili\u015fkin yapt\u0131\u011f\u0131 a\u00e7\u0131klamada, &#8220;\u00d6nemli olan, Arktik&#8217;in ke\u015ffini her hal\u00fckarda s\u00fcrd\u00fcrecek olmam\u0131zd\u0131r. Kuzey enlemleri Rusya topraklar\u0131n\u0131n y\u00fczde 70&#8217;ini olu\u015fturuyor. Bu \u00e7ok \u00f6nemli bir husus&#8221; dedi.<\/p>\n\n\n\n<ul class=\"wp-block-list\">\n<li>Rusya Devlet Ba\u015fkan\u0131 Vladimir Putin, Arktik b\u00f6lgesinin ke\u015ffinin her ko\u015fulda s\u00fcrd\u00fcr\u00fclece\u011fini a\u00e7\u0131klad\u0131.<\/li>\n\n\n\n<li>ABD Ba\u015fkan\u0131 Donald Trump, NATO Genel Sekreteri Mark Rutte ile Gr\u00f6nland ve Arktik B\u00f6lgesi i\u00e7in bir anla\u015fma \u00e7er\u00e7evesi olu\u015fturduklar\u0131n\u0131 duyurdu.<\/li>\n\n\n\n<li>Donald Trump, Danimarka, Norve\u00e7, \u0130sve\u00e7, Fransa, Almanya, Birle\u015fik Krall\u0131k, Hollanda ve Finlandiya&#8217;dan ithal edilen mallara 1 \u015eubat&#8217;tan itibaren y\u00fczde 10 tarife getirilece\u011fini a\u00e7\u0131klad\u0131.<\/li>\n<\/ul>\n\n\n\n<p><strong>Rusya<\/strong> Devlet Ba\u015fkan\u0131 Vladimir Putin, ABD Ba\u015fkan\u0131 Donald Trump&#8217;\u0131n egemenlik talebinde bulundu\u011fu Gr\u00f6nland ve Arktik b\u00f6lgeye ili\u015fkin a\u00e7\u0131klama yapt\u0131.<\/p>\n\n\n\n<h3 class=\"wp-block-heading\">&#8220;UZMANLAR G\u00d6R\u00dc\u015e AYRILI\u011eI \u0130\u00c7\u0130NDE&#8221;<\/h3>\n\n\n\n<p>Rus lider, teorik ve uygulamal\u0131 fizik alan\u0131nda <strong>Rusya<\/strong>&#8216;n\u0131n \u00f6nde gelen \u00fcniversitelerinden biri olan Moskova Fizik ve Teknoloji Enstit\u00fcs\u00fc&#8217;n\u00fcn (MIPT) bu y\u0131lki 75. kurulu\u015f y\u0131l d\u00f6n\u00fcm\u00fc dolay\u0131s\u0131yla \u00f6\u011frencilerle yapt\u0131\u011f\u0131 bir toplant\u0131da, &#8220;Uzmanlar, gezegendeki ve Arktik&#8217;teki iklim durumunun gelecekte nas\u0131l de\u011fi\u015fece\u011fi konusunda g\u00f6r\u00fc\u015f ayr\u0131l\u0131\u011f\u0131 i\u00e7inde. Ger\u00e7ekten k\u00fcresel \u0131s\u0131nmayla m\u0131 kar\u015f\u0131 kar\u015f\u0131ya oldu\u011fumuz ya da baz\u0131lar\u0131na g\u00f6re \u0131s\u0131nma zirvesinin art\u0131k geride kal\u0131p so\u011fuman\u0131n m\u0131 ba\u015flayaca\u011f\u0131 konusunda farkl\u0131 d\u00fc\u015f\u00fcn\u00fcyorlar&#8221; dedi.<\/p>\n\n\n\n<figure class=\"wp-block-image\"><img decoding=\"async\" src=\"https:\/\/foto.haberler.com\/crop\/640x439\/haber\/2026\/01\/23\/putin-arktik-in-kesfini-her-halukarda-19497037_7009_m.jpg\" alt=\"Putin: Arktik'in ke\u015ffini her hal\u00fckarda s\u00fcrd\u00fcrece\u011fiz\"\/><\/figure>\n\n\n\n<h3 class=\"wp-block-heading\">&#8220;ARKT\u0130K&#8217;\u0130N KE\u015eF\u0130N\u0130 HER HAL\u00dcKARDA S\u00dcRD\u00dcRECE\u011e\u0130Z&#8221;<\/h3>\n\n\n\n<p>ABD Ba\u015fkan\u0131 Donald Trump&#8217;\u0131n egemenlik talebinde bulundu\u011fu b\u00f6lgenin ke\u015ffine ili\u015fkin net mesajlar veren Putin, &#8220;\u00d6nemli olan, Arktik&#8217;in ke\u015ffini her h\u00e2l\u00fck\u00e2rda s\u00fcrd\u00fcrecek olmam\u0131zd\u0131r. Kuzey enlemleri Rusya topraklar\u0131n\u0131n y\u00fczde 70&#8217;ini olu\u015fturuyor. Bu \u00e7ok \u00f6nemli bir husus&#8221; ifadelerini kulland\u0131.<\/p>\n\n\n\n<h3 class=\"wp-block-heading\">ABD \u0130LE NATO&#8217;NUN GR\u00d6NLAND&#8217;A \u0130L\u0130\u015eK\u0130N &#8220;ANLA\u015eMA \u00c7ER\u00c7EVES\u0130&#8221;<\/h3>\n\n\n\n<p>ABD Ba\u015fkan\u0131 Donald Trump, Davos&#8217;taki temaslar\u0131 kapsam\u0131nda 21 Ocak&#8217;ta NATO Genel Sekreteri Mark Rutte ile Gr\u00f6nland konusunda bir &#8220;anla\u015fma \u00e7er\u00e7evesi&#8221; olu\u015fturduklar\u0131n\u0131 ve bu kapsamda 1 \u015eubat&#8217;ta 8 Avrupa \u00fclkesine uygulanmas\u0131 planlanan g\u00fcmr\u00fck tarifelerini durdurdu\u011funu a\u00e7\u0131klam\u0131\u015ft\u0131.<\/p>\n\n\n\n<p>Sosyal medya hesab\u0131ndan a\u00e7\u0131klama yapan Trump, Rutte ile g\u00f6r\u00fc\u015fmesine ili\u015fkin, &#8220;Bu g\u00f6r\u00fc\u015fme sonucunda, Gr\u00f6nland ve t\u00fcm Arktik B\u00f6lgesi ile ilgili gelecekte yap\u0131lacak bir anla\u015fman\u0131n \u00e7er\u00e7evesini olu\u015fturduk. Bu \u00e7\u00f6z\u00fcm hayata ge\u00e7erse, ABD ve t\u00fcm NATO \u00fclkeleri i\u00e7in harika bir \u00e7\u00f6z\u00fcm olacakt\u0131r.&#8221; de\u011ferlendirmesini yapm\u0131\u015ft\u0131.<\/p>\n\n\n\n<figure class=\"wp-block-image\"><img decoding=\"async\" src=\"https:\/\/foto.haberler.com\/crop\/640x360\/haber\/2026\/01\/23\/putin-arktik-in-kesfini-her-halukarda-19497037_9165_m.jpg\" alt=\"Putin: Arktik'in ke\u015ffini her hal\u00fckarda s\u00fcrd\u00fcrece\u011fiz\"\/><\/figure>\n\n\n\n<p>Trump ayr\u0131ca, Gr\u00f6nland ile ilgili &#8220;Alt\u0131n Kubbe&#8221; savunma sistemi konusunda ek g\u00f6r\u00fc\u015fmeler yap\u0131laca\u011f\u0131n\u0131 ve t\u00fcm s\u00fcrecin Ba\u015fkan Yard\u0131mc\u0131s\u0131 JD Vance, D\u0131\u015fi\u015fleri Bakan\u0131 Marco Rubio ve \u00d6zel Temsilcisi Steve Witkoff uhdesinde y\u00fcr\u00fct\u00fclece\u011fini ifade etmi\u015fti.<\/p>\n\n\n\n<p>Trump, 17 Ocak&#8217;ta, ABD&#8217;nin Gr\u00f6nland&#8217;\u0131 almas\u0131na kar\u015f\u0131 \u00e7\u0131kt\u0131klar\u0131 gerek\u00e7esiyle Danimarka, Norve\u00e7, \u0130sve\u00e7, Fransa, Almanya, Birle\u015fik Krall\u0131k, Hollanda ve Finlandiya&#8217;dan ithal edilen mallara 1 \u015eubat&#8217;tan itibaren y\u00fczde 10 tarife getirilece\u011fini, 1 Haziran&#8217;da bu oran\u0131n y\u00fczde 25&#8217;e \u00e7\u0131kar\u0131laca\u011f\u0131n\u0131 duyurmu\u015ftu.<\/p>\n\n\n\n<p>Kaynak: \u0130hlas Haber Ajans\u0131<\/p>\n\n\n\n<p><\/p>\n","protected":false},"excerpt":{"rendered":"<p>Rusya Devlet Ba\u015fkan\u0131 Vladimir Putin, ABD Ba\u015fkan\u0131 Donald Trump&#8217;\u0131n egemenlik talebinde bulundu\u011fu Gr\u00f6nland ve Arktik b\u00f6lgeye ili\u015fkin yapt\u0131\u011f\u0131 a\u00e7\u0131klamada, &#8220;\u00d6nemli olan, Arktik&#8217;in ke\u015ffini her hal\u00fckarda s\u00fcrd\u00fcrecek olmam\u0131zd\u0131r. Kuzey enlemleri Rusya topraklar\u0131n\u0131n y\u00fczde 70&#8217;ini olu\u015fturuyor. Bu \u00e7ok \u00f6nemli bir husus&#8221; dedi. Rusya Devlet Ba\u015fkan\u0131 Vladimir Putin, ABD Ba\u015fkan\u0131 Donald Trump&#8217;\u0131n egemenlik talebinde bulundu\u011fu Gr\u00f6nland ve Arktik [&hellip;]<\/p>\n","protected":false},"author":1,"featured_media":8981,"comment_status":"open","ping_status":"open","sticky":false,"template":"","format":"standard","meta":{"footnotes":""},"categories":[127],"tags":[160,1422,3648,3302,924,157,2375,1799,900,2214,1365],"class_list":["post-8980","post","type-post","status-publish","format-standard","has-post-thumbnail","hentry","category-dunya","tag-abd","tag-almanya","tag-birlesik-krallik","tag-danimarka","tag-donald-trump","tag-fransa","tag-hollanda","tag-isvec","tag-nato","tag-norvec","tag-rusya-devlet-baskani-vladimir-putin"],"_links":{"self":[{"href":"https:\/\/www.trabzonmanset.com\/index.php\/wp-json\/wp\/v2\/posts\/8980","targetHints":{"allow":["GET"]}}],"collection":[{"href":"https:\/\/www.trabzonmanset.com\/index.php\/wp-json\/wp\/v2\/posts"}],"about":[{"href":"https:\/\/www.trabzonmanset.com\/index.php\/wp-json\/wp\/v2\/types\/post"}],"author":[{"embeddable":true,"href":"https:\/\/www.trabzonmanset.com\/index.php\/wp-json\/wp\/v2\/users\/1"}],"replies":[{"embeddable":true,"href":"https:\/\/www.trabzonmanset.com\/index.php\/wp-json\/wp\/v2\/comments?post=8980"}],"version-history":[{"count":1,"href":"https:\/\/www.trabzonmanset.com\/index.php\/wp-json\/wp\/v2\/posts\/8980\/revisions"}],"predecessor-version":[{"id":8982,"href":"https:\/\/www.trabzonmanset.com\/index.php\/wp-json\/wp\/v2\/posts\/8980\/revisions\/8982"}],"wp:featuredmedia":[{"embeddable":true,"href":"https:\/\/www.trabzonmanset.com\/index.php\/wp-json\/wp\/v2\/media\/8981"}],"wp:attachment":[{"href":"https:\/\/www.trabzonmanset.com\/index.php\/wp-json\/wp\/v2\/media?parent=8980"}],"wp:term":[{"taxonomy":"category","embeddable":true,"href":"https:\/\/www.trabzonmanset.com\/index.php\/wp-json\/wp\/v2\/categories?post=8980"},{"taxonomy":"post_tag","embeddable":true,"href":"https:\/\/www.trabzonmanset.com\/index.php\/wp-json\/wp\/v2\/tags?post=8980"}],"curies":[{"name":"wp","href":"https:\/\/api.w.org\/{rel}","templated":true}]}}