{"id":8867,"date":"2026-01-20T11:30:00","date_gmt":"2026-01-20T08:30:00","guid":{"rendered":"https:\/\/www.trabzonmanset.com\/?p=8867"},"modified":"2026-01-20T13:35:36","modified_gmt":"2026-01-20T10:35:36","slug":"narkokapan-izmir-operasyonunda-641-supheli-yakalandi","status":"publish","type":"post","link":"https:\/\/www.trabzonmanset.com\/index.php\/2026\/01\/20\/narkokapan-izmir-operasyonunda-641-supheli-yakalandi\/","title":{"rendered":"&#8220;Narkokapan-\u0130zmir&#8221; operasyonunda 641 \u015f\u00fcpheli yakaland\u0131"},"content":{"rendered":"\n<p>\u0130\u00e7i\u015fleri Bakan\u0131 Ali Yerlikaya, 14 ilde d\u00fczenlenen &#8220;Narkokapan-\u0130zmir&#8221; operasyonunda 641 \u015f\u00fcphelinin g\u00f6zalt\u0131na al\u0131nd\u0131\u011f\u0131n\u0131 duyurdu.<\/p>\n\n\n\n<p>Yerlikaya, Bakanl\u0131kta d\u00fczenledi\u011fi bas\u0131n toplant\u0131s\u0131nda, &#8220;Narkokapan-\u0130zmir&#8221; operasyonu ve g\u00fcndeme ili\u015fkin a\u00e7\u0131klamalarda bulundu.<\/p>\n\n\n\n<p>D\u00fcn \u0130zmir&#8217;de ger\u00e7ekle\u015ftirilen &#8220;Narkopan-\u0130zmir&#8221; operasyonunun, cumhuriyet tarihinin &#8220;en kapsaml\u0131 narkotik operasyonu&#8221; oldu\u011funu belirten Yerlikaya, \u0130zmir merkezli 14 ilde d\u00fczenlenen bu geni\u015f \u00e7apl\u0131 operasyonun hedefinde, mahalleleri, sokaklar\u0131 zehirlemeye \u00e7al\u0131\u015fan, uyu\u015fturucu ticaretinin stratejik aya\u011f\u0131 olan, &#8220;torbac\u0131&#8221; olarak tabir edilen sokak sat\u0131c\u0131lar\u0131n\u0131n oldu\u011funu ifade etti.<\/p>\n\n\n\n<p>Operasyonun haz\u0131rl\u0131k s\u00fcrecine ili\u015fkin Yerlikaya, \u015funlar\u0131 kaydetti:<\/p>\n\n\n\n<p>&#8220;\u00d6zellikle gen\u00e7lerimize musallat olan bu torbac\u0131lara y\u00f6nelik saha takiplerimizi, teknik haz\u0131rl\u0131klar\u0131m\u0131z\u0131 ve istihbarat \u00e7al\u0131\u015fmalar\u0131m\u0131z\u0131 titizlikle y\u00fcr\u00fctt\u00fck. Yakla\u015f\u0131k 4 ay s\u00fcren bu s\u00fcre\u00e7te ekiplerimiz, bu \u015f\u00fcpheli \u015fah\u0131slar\u0131n hangi deliklere girip \u00e7\u0131kt\u0131klar\u0131n\u0131, kimlerle temas kurduklar\u0131n\u0131, hangi y\u00f6ntemlerle zehir da\u011f\u0131tt\u0131klar\u0131n\u0131 tek tek tespit etti. Elde edilen bilgiler sonras\u0131 d\u00fcn sabah, \u015fafak s\u00f6kmeden operasyonumuzu e\u015f zamanl\u0131 olarak ba\u015flatt\u0131k.&#8221;<\/p>\n\n\n\n<p>Yerlikaya, uyu\u015fturucuyla m\u00fccadelenin \u00e7ok katmanl\u0131 ve \u00e7ok boyutlu olarak kararl\u0131l\u0131kla devam etti\u011fini vurgulayarak, su\u00e7 \u00f6rg\u00fct\u00fc eleba\u015f\u0131ndan sokak sat\u0131c\u0131s\u0131na kadar tedarik zincirinin her halkas\u0131n\u0131 tek tek k\u0131r\u0131p atacak operasyonlar d\u00fczenlediklerini s\u00f6yledi.<\/p>\n\n\n\n<p><img decoding=\"async\" alt=\"\" src=\"https:\/\/www.aa.com.tr\/uploads\/userFiles\/88e4063b-7018-4331-b06e-f0cb513ac64c\/2026%2F01%2Fyrlkya20-1.jpg\"><br><em>Foto\u011fraf: \u0130smail Aslanda\u011f\/AA<\/em><\/p>\n\n\n\n<p>Sadece uyu\u015fturucu maddeleri yakalamakla kalmad\u0131klar\u0131n\u0131, bu organize su\u00e7 faaliyetlerinin tedarik a\u011flar\u0131n\u0131 \u00e7\u00f6kerttiklerini ve su\u00e7 gelirlerine darbe vurduklar\u0131n\u0131 anlatan Yerlikaya, &#8220;Torbac\u0131lar, uyu\u015fturucu su\u00e7 \u00f6rg\u00fctlerinin sahadaki eli, kolu, g\u00f6z\u00fc, kula\u011f\u0131d\u0131r. Bunlar arac\u0131l\u0131\u011f\u0131yla sokaklara iniyorlar. \u0130\u015fte Narkokapan operasyonlar\u0131yla biz, bu zehir tacirlerinin bir bak\u0131ma elini kolunu kesiyoruz. Hareket kabiliyetlerini yok ediyoruz. Yani uyu\u015fturucu a\u011f\u0131n\u0131n sinir u\u00e7lar\u0131n\u0131 hedef al\u0131yor ve pazarlama a\u011flar\u0131n\u0131 par\u00e7alay\u0131p at\u0131yoruz.&#8221; dedi.<\/p>\n\n\n\n<p>Yerlikaya, hava ve deniz unsurlar\u0131nca da desteklenen &#8220;Narkokapan-\u0130zmir&#8221; operasyonuna, 4 bin 500 polis, 956 ekip ve 8 \u00f6zel e\u011fitimli narkotik dedekt\u00f6r k\u00f6pe\u011finin kat\u0131ld\u0131\u011f\u0131n\u0131 ifade ederek, &#8220;\u0130zmir merkezli 14 ilde, 608 adrese e\u015f zamanl\u0131 operasyon ger\u00e7ekle\u015ftirdik ve 641 \u015fah\u0131s g\u00f6zalt\u0131na al\u0131nd\u0131. Narkokapan operasyonlar\u0131yla yakalad\u0131\u011f\u0131m\u0131z torbac\u0131lar\u0131n tutuklanma oran\u0131 y\u00fczde 95.&#8221; bilgisini verdi.<\/p>\n\n\n\n<figure class=\"wp-block-image\"><img decoding=\"async\" src=\"https:\/\/cdnuploads.aa.com.tr\/uploads\/userFiles\/88e4063b-7018-4331-b06e-f0cb513ac64c\/2026%2F01%2Fyrlkya20-2.jpg\" alt=\"\"\/><\/figure>\n\n\n\n<h3 class=\"wp-block-heading\">&#8220;Bu sava\u015f\u0131 sadece \u00fclkemiz ad\u0131na de\u011fil, insanl\u0131k ad\u0131na s\u00fcrd\u00fcr\u00fcyoruz&#8221;<\/h3>\n\n\n\n<p>Bu \u00f6l\u00e7ekte ve e\u015fg\u00fcd\u00fcmle y\u00fcr\u00fct\u00fclen \u00e7al\u0131\u015fmalar\u0131n, polisin y\u00fcksek koordinasyon kabiliyetini, sahadaki operasyonel h\u0131z\u0131n\u0131 ve kararl\u0131l\u0131\u011f\u0131n\u0131 a\u00e7\u0131k\u00e7a ortaya koydu\u011funu, milletin huzuru i\u00e7in su\u00e7un kayna\u011f\u0131na inen bu m\u00fccadeleyi ayn\u0131 disiplin ve ayn\u0131 kararl\u0131l\u0131kla s\u00fcrd\u00fcrd\u00fcklerini vurgulayan Yerlikaya, \u015f\u00f6yle devam etti:<\/p>\n\n\n\n<p>&#8220;Uyu\u015fturucuyla m\u00fccadele, yaln\u0131zca bir i\u00e7 g\u00fcvenlik meselesi de\u011fildir. Bu m\u00fccadele, k\u00fcresel bir g\u00fcvenlik m\u00fccadelesidir. Biz, uyu\u015fturucuya topyekun sava\u015f a\u00e7t\u0131k. Bu sava\u015f\u0131 da sadece \u00fclkemiz ad\u0131na de\u011fil, insanl\u0131k ad\u0131na s\u00fcrd\u00fcr\u00fcyoruz. Say\u0131n Cumhurba\u015fkan\u0131m\u0131z\u0131n liderli\u011finde, T\u00fcrkiye Y\u00fczy\u0131l\u0131 vizyonuyla bir hedef koyduk, bu hedef, \u00fclkemizi uyu\u015fturucuya kar\u015f\u0131 a\u015f\u0131lmaz, eri\u015filmez bir kale haline getirmektir.&#8221;<\/p>\n\n\n\n<p>\u0130\u00e7i\u015fleri Bakan\u0131 Yerlikaya, ge\u00e7en y\u0131l uyu\u015fturucuyla m\u00fccadele kapsam\u0131nda ger\u00e7ekle\u015ftirilen operasyonlar sonucu 43 bin 524 ki\u015finin tutukland\u0131\u011f\u0131n\u0131 bildirdi.<\/p>\n\n\n\n<p>Kabine d\u00f6neminde tutuklananlar\u0131n say\u0131s\u0131n\u0131n 100 bin 509 oldu\u011funu ifade eden Yerlikaya, &#8220;Yine bu kabine d\u00f6nemimizde 233 ton uyu\u015fturucu madde ve 278 milyon uyu\u015fturucu hap ele ge\u00e7irdik. Ayn\u0131 d\u00f6nemde 357 uyu\u015fturucu su\u00e7 \u00f6rg\u00fct\u00fcn\u00fc \u00e7\u00f6kerttik. Bunlardan 46&#8217;s\u0131 uluslararas\u0131 nitelikteydi. K\u0131rm\u0131z\u0131 b\u00fcltenle aranan uyu\u015fturucu su\u00e7 \u00f6rg\u00fct\u00fc eleba\u015f\u0131 ve y\u00f6neticisi 136 yabanc\u0131 \u015f\u00fcpheliyi \u00fclkemizde yakalad\u0131k. K\u0131rm\u0131z\u0131 b\u00fcltenle arad\u0131\u011f\u0131m\u0131z uyu\u015fturucu su\u00e7 \u00f6rg\u00fct\u00fc eleba\u015f\u0131 ve y\u00f6neticisi 120 \u015f\u00fcphelinin de \u00fclkemize iadesini sa\u011flad\u0131k.&#8221; diye konu\u015ftu.<\/p>\n\n\n\n<p>A\u00e7\u0131klanan bu say\u0131lar\u0131 &#8220;tarihi&#8221; olarak niteleyen Yerlikaya, uyu\u015fturucu zincirinin t\u00fcm cephelerinde sava\u015ft\u0131klar\u0131n\u0131, \u00fclkedeki ilgili b\u00fct\u00fcn kurumlarla uyum i\u00e7inde uyu\u015fturucuya kar\u015f\u0131 m\u00fccadelelerini topyekun s\u00fcrd\u00fcrd\u00fcklerini ifade etti.<\/p>\n\n\n\n<figure class=\"wp-block-image\"><img decoding=\"async\" src=\"https:\/\/cdnuploads.aa.com.tr\/uploads\/userFiles\/88e4063b-7018-4331-b06e-f0cb513ac64c\/2026%2F01%2Fyrlkya20-3.jpg\" alt=\"\"\/><\/figure>\n\n\n\n<p>Avrupa \u00fclkeleri ve di\u011fer \u00fclkelerle ortak uyu\u015fturucu operasyonlar\u0131na imza att\u0131klar\u0131n\u0131 da anlatan Yerlikaya, \u015fu de\u011ferlendirmelerde bulundu:<\/p>\n\n\n\n<p>&#8220;Art\u0131k T\u00fcrkiye, su\u00e7la m\u00fccadelede takip eden de\u011fil, y\u00f6n veren, koordine eden, istihbarat payla\u015f\u0131lan ve payla\u015fan, operasyonel i\u015fbirli\u011fini y\u00f6neten \u00fclkelerden biridir. \u0130ster narkotik su\u00e7 \u00f6rg\u00fct\u00fc eleba\u015f\u0131s\u0131 olsun, ister torbac\u0131 olsun, \u00fcnl\u00fc olsun ya da olmas\u0131n, her kim bu su\u00e7a bula\u015fm\u0131\u015fsa, biz onlarla \u00fclkemiz ve insanl\u0131k ad\u0131na kararl\u0131l\u0131kla m\u00fccadele ediyoruz, Allah&#8217;\u0131n izniyle de etmeye devam edece\u011fiz.&#8221;<\/p>\n\n\n\n<h3 class=\"wp-block-heading\">Suriye&#8217;de ya\u015fananlar<\/h3>\n\n\n\n<p>\u0130\u00e7i\u015fleri Bakan\u0131 Ali Yerlikaya, Suriye&#8217;de son d\u00f6nemde ya\u015fanan geli\u015fmeleri ve s\u0131n\u0131r hatt\u0131ndaki t\u00fcm hareketlili\u011fi de devletin ilgili t\u00fcm birimleriyle anbean titizlikle takip ettiklerini dile getirerek, \u015funlar\u0131 kaydetti:<\/p>\n\n\n\n<p>&#8220;\u00dclkemizin huzurunu hedef alan hi\u00e7bir giri\u015fime, hi\u00e7bir provokasyona ve hi\u00e7bir alg\u0131 operasyonuna m\u00fcsamaha g\u00f6stermeyece\u011fimizi bir kez daha ifade etmek isterim. \u00d6zellikle sosyal medya \u00fczerinden kas\u0131tl\u0131 olarak yay\u0131lan yalan haberler ve toplumu pani\u011fe sevk etmeye d\u00f6n\u00fck payla\u015f\u0131mlar, a\u00e7\u0131k bir dezenformasyon faaliyetidir. Bu t\u00fcr provokatif i\u00e7erikli yay\u0131n yapanlar hakk\u0131nda, Siber Su\u00e7larla M\u00fccadele Daire Ba\u015fkanl\u0131\u011f\u0131m\u0131z ve G\u00fcvenlik Daire Ba\u015fkanl\u0131\u011f\u0131m\u0131z \u00e7al\u0131\u015fmalar\u0131n\u0131 aral\u0131ks\u0131z s\u00fcrd\u00fcrmektedir.&#8221;<\/p>\n\n\n\n<p>Kaynak: AA<\/p>\n","protected":false},"excerpt":{"rendered":"<p>\u0130\u00e7i\u015fleri Bakan\u0131 Ali Yerlikaya, 14 ilde d\u00fczenlenen &#8220;Narkokapan-\u0130zmir&#8221; operasyonunda 641 \u015f\u00fcphelinin g\u00f6zalt\u0131na al\u0131nd\u0131\u011f\u0131n\u0131 duyurdu. Yerlikaya, Bakanl\u0131kta d\u00fczenledi\u011fi bas\u0131n toplant\u0131s\u0131nda, &#8220;Narkokapan-\u0130zmir&#8221; operasyonu ve g\u00fcndeme ili\u015fkin a\u00e7\u0131klamalarda bulundu. D\u00fcn \u0130zmir&#8217;de ger\u00e7ekle\u015ftirilen &#8220;Narkopan-\u0130zmir&#8221; operasyonunun, cumhuriyet tarihinin &#8220;en kapsaml\u0131 narkotik operasyonu&#8221; oldu\u011funu belirten Yerlikaya, \u0130zmir merkezli 14 ilde d\u00fczenlenen bu geni\u015f \u00e7apl\u0131 operasyonun hedefinde, mahalleleri, sokaklar\u0131 zehirlemeye \u00e7al\u0131\u015fan, uyu\u015fturucu [&hellip;]<\/p>\n","protected":false},"author":1,"featured_media":8869,"comment_status":"open","ping_status":"open","sticky":false,"template":"","format":"standard","meta":{"footnotes":""},"categories":[1],"tags":[1488,1418,3582,3583],"class_list":["post-8867","post","type-post","status-publish","format-standard","has-post-thumbnail","hentry","category-gundem","tag-ali-yerlikaya","tag-izmir","tag-narkokapan","tag-narkokapan-izmir"],"_links":{"self":[{"href":"https:\/\/www.trabzonmanset.com\/index.php\/wp-json\/wp\/v2\/posts\/8867","targetHints":{"allow":["GET"]}}],"collection":[{"href":"https:\/\/www.trabzonmanset.com\/index.php\/wp-json\/wp\/v2\/posts"}],"about":[{"href":"https:\/\/www.trabzonmanset.com\/index.php\/wp-json\/wp\/v2\/types\/post"}],"author":[{"embeddable":true,"href":"https:\/\/www.trabzonmanset.com\/index.php\/wp-json\/wp\/v2\/users\/1"}],"replies":[{"embeddable":true,"href":"https:\/\/www.trabzonmanset.com\/index.php\/wp-json\/wp\/v2\/comments?post=8867"}],"version-history":[{"count":1,"href":"https:\/\/www.trabzonmanset.com\/index.php\/wp-json\/wp\/v2\/posts\/8867\/revisions"}],"predecessor-version":[{"id":8870,"href":"https:\/\/www.trabzonmanset.com\/index.php\/wp-json\/wp\/v2\/posts\/8867\/revisions\/8870"}],"wp:featuredmedia":[{"embeddable":true,"href":"https:\/\/www.trabzonmanset.com\/index.php\/wp-json\/wp\/v2\/media\/8869"}],"wp:attachment":[{"href":"https:\/\/www.trabzonmanset.com\/index.php\/wp-json\/wp\/v2\/media?parent=8867"}],"wp:term":[{"taxonomy":"category","embeddable":true,"href":"https:\/\/www.trabzonmanset.com\/index.php\/wp-json\/wp\/v2\/categories?post=8867"},{"taxonomy":"post_tag","embeddable":true,"href":"https:\/\/www.trabzonmanset.com\/index.php\/wp-json\/wp\/v2\/tags?post=8867"}],"curies":[{"name":"wp","href":"https:\/\/api.w.org\/{rel}","templated":true}]}}