{"id":8847,"date":"2026-01-19T15:27:00","date_gmt":"2026-01-19T12:27:00","guid":{"rendered":"https:\/\/www.trabzonmanset.com\/?p=8847"},"modified":"2026-01-19T16:36:54","modified_gmt":"2026-01-19T13:36:54","slug":"cumhurbaskani-erdogan-turkiyeyi-dunyanin-en-genis-ucus-agina-sahip-ulkelerinden-biri-yaptik","status":"publish","type":"post","link":"https:\/\/www.trabzonmanset.com\/index.php\/2026\/01\/19\/cumhurbaskani-erdogan-turkiyeyi-dunyanin-en-genis-ucus-agina-sahip-ulkelerinden-biri-yaptik\/","title":{"rendered":"Cumhurba\u015fkan\u0131 Erdo\u011fan: T\u00fcrkiye&#8217;yi d\u00fcnyan\u0131n en geni\u015f u\u00e7u\u015f a\u011f\u0131na sahip \u00fclkelerinden biri yapt\u0131k"},"content":{"rendered":"\n<p>Cumhurba\u015fkan\u0131 Erdo\u011fan, &#8220;D\u00fcnyada ula\u015famad\u0131\u011f\u0131m\u0131z hi\u00e7bir nokta kalmayacak hedefiyle, T\u00fcrkiye&#8217;yi d\u00fcnyan\u0131n en geni\u015f u\u00e7u\u015f a\u011f\u0131na sahip \u00fclkelerinden biri yapt\u0131k.&#8221; dedi.<\/p>\n\n\n\n<p>Cumhurba\u015fkan\u0131 Recep Tayyip Erdo\u011fan, Ankara Esenbo\u011fa Havaliman\u0131 3. Pist, Yeni Kule ve Tamamlay\u0131c\u0131 Tesisler A\u00e7\u0131l\u0131\u015f T\u00f6reni&#8217;ne kat\u0131ld\u0131.<\/p>\n\n\n\n<p>Burada konu\u015fan Erdo\u011fan, bug\u00fcn a\u00e7\u0131l\u0131\u015f\u0131 yap\u0131lan yeni yat\u0131r\u0131mlar\u0131n Ankara, \u00fclke, millet ve sivil havac\u0131l\u0131k sekt\u00f6r\u00fcn\u00fcn t\u00fcm payda\u015flar\u0131 i\u00e7in hay\u0131rlara vesile olmas\u0131n\u0131 diledi.<\/p>\n\n\n\n<p>Erdo\u011fan, hem Esenbo\u011fa Havaliman\u0131&#8217;na hem de Ankara&#8217;ya \u00f6nemli bir de\u011fer katacak bu yat\u0131r\u0131mlarda eme\u011fi ge\u00e7en Ula\u015ft\u0131rma ve Altyap\u0131 Bakanl\u0131\u011f\u0131, yat\u0131r\u0131mc\u0131 \u015firket, y\u00fcklenici firmalar, i\u015f\u00e7iler, mimar ve m\u00fchendislere te\u015fekk\u00fcrlerini iletti.<\/p>\n\n\n\n<p>\u0130ki etaptan olu\u015fan ve ilk etab\u0131n\u0131n ba\u015far\u0131yla nihayete erdirildi\u011fi bu projeyle u\u00e7u\u015f ve yolcu trafi\u011fi ba\u015fta olmak \u00fczere havac\u0131l\u0131ktaki ba\u015far\u0131 grafi\u011finin daha da yukar\u0131lara \u00e7ekilece\u011fini ifade eden Erdo\u011fan, h\u00fck\u00fcmet olarak 23 y\u0131ld\u0131r milletin emanetini omuzlar\u0131nda ta\u015f\u0131man\u0131n bilinciyle \u00e7al\u0131\u015ft\u0131klar\u0131n\u0131 s\u00f6yledi.<\/p>\n\n\n\n<figure class=\"wp-block-image\"><img decoding=\"async\" src=\"https:\/\/cdnuploads.aa.com.tr\/uploads\/userFiles\/a54ea27f-6036-4f79-88c6-6bc9ba19a35d\/07%2F09%2F09%2FAA-40301123.jpg\" alt=\"\"\/><\/figure>\n\n\n\n<p>Erdo\u011fan, &#8220;B\u00fct\u00fcn gayretimiz, milletin emanetine halel gelmesin, karde\u015fli\u011fimize g\u00f6lge d\u00fc\u015fmesin, milletimizin ba\u015f\u0131 \u00f6ne e\u011filmesin diyedir. \u00c7eyrek asra yakla\u015fan iktidarlar\u0131m\u0131zda rakiplerimizin takoz siyasetine ra\u011fmen hamdolsun eser ve hizmet siyasetimizden taviz vermedik. Sa\u011fl\u0131ktan d\u0131\u015f politikaya, e\u011fitimden adalete, savunmadan ula\u015f\u0131ma, e\u011fitime, sanayiye her alanda devasa yat\u0131r\u0131mlara, eserlere, hizmetlere imza att\u0131k. Hayata ge\u00e7irdi\u011fimiz projelerle T\u00fcrkiye&#8217;yi hem b\u00f6lgesinde hem de d\u00fcnyada se\u00e7kin bir konuma ula\u015ft\u0131rd\u0131k.&#8221; diye konu\u015ftu.<\/p>\n\n\n\n<p>Art\u0131k her platformda s\u00f6z\u00fc ge\u00e7en, ne diyece\u011fi, nas\u0131l tav\u0131r alaca\u011f\u0131 merakla beklenen, takip eden de\u011fil, takip edilen bir T\u00fcrkiye bulundu\u011funu dile getiren Erdo\u011fan, te\u015fkilatla, bakanl\u0131klarla, kurumlar ve yerel y\u00f6netimlerle \u00fclke ve millet i\u00e7in \u00e7al\u0131\u015fmaya ilk g\u00fcnk\u00fc a\u015fkla devam ettiklerini kaydetti.<\/p>\n\n\n\n<figure class=\"wp-block-image\"><img decoding=\"async\" src=\"https:\/\/www.aa.com.tr\/uploads\/userFiles\/a54ea27f-6036-4f79-88c6-6bc9ba19a35d\/07%2F09%2F13%2FAA-40300940.jpg\" alt=\"\"\/><\/figure>\n\n\n\n<p>Erdo\u011fan, &#8220;Heyecan\u0131m\u0131z\u0131 yitirmiyoruz. Sevdam\u0131z\u0131 eksiltmiyoruz. Yeni \u00fcmitlerle, daha b\u00fcy\u00fck hedeflerle gelece\u011fe do\u011fru emin ad\u0131mlarla y\u00fcr\u00fcyoruz.&#8221; ifadelerini kulland\u0131 ve bug\u00fcn hizmet zincirine yeni bir halka daha eklemenin bahtiyarl\u0131\u011f\u0131 i\u00e7inde olduklar\u0131n\u0131 s\u00f6yledi.<\/p>\n\n\n\n<h3 class=\"wp-block-heading\">&#8220;T\u00fcrkiye olarak, 4 saatlik u\u00e7u\u015f s\u00fcresiyle 67 \u00fclkenin merkezinde yer al\u0131yoruz&#8221;<\/h3>\n\n\n\n<p>\u00dclkeyi daha y\u00fcksek irtifalara \u00e7\u0131karmak i\u00e7in di\u011fer alanlarda oldu\u011fu gibi havac\u0131l\u0131k sekt\u00f6r\u00fcnde de yo\u011fun \u00e7aba harcad\u0131klar\u0131n\u0131n alt\u0131n\u0131 \u00e7izen Erdo\u011fan, \u015f\u00f6yle devam etti:<\/p>\n\n\n\n<p>&#8220;T\u00fcrkiye olarak 4 saatlik u\u00e7u\u015f s\u00fcresiyle 67 \u00fclkenin merkezinde yer al\u0131yoruz. Bu avantajl\u0131 konumun sundu\u011fu potansiyeli en \u00fcst seviyeye \u00e7\u0131karmak, en etkili \u015fekilde de\u011ferlendirmek i\u00e7in son 23 y\u0131lda b\u00fcy\u00fck yat\u0131r\u0131mlar yapt\u0131k. D\u00fcnyada ula\u015famad\u0131\u011f\u0131m\u0131z hi\u00e7bir nokta kalmayacak hedefiyle T\u00fcrkiye&#8217;yi d\u00fcnyan\u0131n en geni\u015f u\u00e7u\u015f a\u011f\u0131na sahip \u00fclkelerinden biri yapt\u0131k. 2002&#8217;de 26 olan aktif havaliman\u0131 say\u0131m\u0131z\u0131 2024&#8217;te hizmete ald\u0131\u011f\u0131m\u0131z \u00c7ukurova Uluslararas\u0131 Havaliman\u0131 ile bug\u00fcn 58&#8217;e \u00e7\u0131kard\u0131k. \u0130n\u015fas\u0131 devam eden Yozgat ve Bayburt-G\u00fcm\u00fc\u015fhane havalimanlar\u0131m\u0131zla birlikte bu say\u0131 yak\u0131n zamanda 60&#8217;a y\u00fckselecek. Nereden, nereye&#8230; Ayn\u0131 d\u00f6nemde hava ula\u015ft\u0131rma anla\u015fmas\u0131 yapt\u0131\u011f\u0131m\u0131z \u00fclkelerin say\u0131s\u0131n\u0131 81&#8217;den 175&#8217;e ta\u015f\u0131yarak T\u00fcrkiye&#8217;yi d\u00fcnyada en fazla hava ula\u015f\u0131m anla\u015fmas\u0131 bulunan \u00fclke haline getirdik.&#8221;<\/p>\n\n\n\n<figure class=\"wp-block-image\"><img decoding=\"async\" src=\"https:\/\/www.aa.com.tr\/uploads\/userFiles\/a54ea27f-6036-4f79-88c6-6bc9ba19a35d\/07%2F09%2F09%2FAA-40301118.jpg\" alt=\"\"\/><\/figure>\n\n\n\n<p>Erdo\u011fan, gelecek d\u00f6nemde Uluslararas\u0131 Sivil Havac\u0131l\u0131k \u00d6rg\u00fct\u00fc \u00fcyesi 192 \u00fclkenin tamam\u0131yla hava ula\u015f\u0131m anla\u015fmas\u0131 imzalamay\u0131 hedeflediklerini belirterek, di\u011fer taraftan 50 \u00fclkede 60 nokta olan d\u0131\u015f hat say\u0131s\u0131n\u0131, 133 \u00fclkede 356 noktaya \u00e7\u0131kard\u0131klar\u0131n\u0131 kaydetti.<\/p>\n\n\n\n<p>2002&#8217;de i\u00e7 ve d\u0131\u015f hatlarda seyahat eden yolcu say\u0131s\u0131n\u0131n 34,5 milyon oldu\u011funu aktaran Erdo\u011fan, 2025&#8217;te bu say\u0131n\u0131n 247 milyonu a\u015ft\u0131\u011f\u0131n\u0131 bildirdi.<\/p>\n\n\n\n<figure class=\"wp-block-image\"><img decoding=\"async\" src=\"https:\/\/www.aa.com.tr\/uploads\/userFiles\/a54ea27f-6036-4f79-88c6-6bc9ba19a35d\/07%2F09%2F09%2FAA-40300950.jpg\" alt=\"\"\/><\/figure>\n\n\n\n<p>Cumhurba\u015fkan\u0131 Erdo\u011fan, s\u00f6zlerini \u015f\u00f6yle s\u00fcrd\u00fcrd\u00fc:<\/p>\n\n\n\n<p>&#8220;G\u00f6reve geldi\u011fimizde Ankara Esenbo\u011fa Havaliman\u0131&#8217;n\u0131n halini biliyorsunuz de\u011fil mi? Ama o zaman buradan \u015fehir merkezine gidi\u015f bile hak getire. Hem havaliman\u0131n\u0131 ger\u00e7ekten halk\u0131n yolu haline getirdik hem de buradan \u015fehir merkezine gidi\u015fi ger\u00e7ekten modern bir hale getirdik. \u015eimdi b\u00fct\u00fcn bu rakamlarla birlikte yolcu baz\u0131nda Avrupa&#8217;da \u00fc\u00e7\u00fcnc\u00fc, d\u00fcnyada ise yedinci s\u0131raya yerle\u015ftik. \u0130stanbul Havaliman\u0131m\u0131z ge\u00e7ti\u011fimiz sene yakla\u015f\u0131k 84,5 milyon yolcuyu misafir ederek yolcu say\u0131s\u0131 bak\u0131m\u0131ndan Avrupa&#8217;da 2&#8217;nci, d\u00fcnya genelinde 7&#8217;nci oldu. Muhalefetin engellemek i\u00e7in elinden geleni yapt\u0131\u011f\u0131 \u0130stanbul Havaliman\u0131, u\u00e7u\u015f say\u0131s\u0131nda 550 bin u\u00e7ak trafi\u011fi ile Avrupa&#8217;daki liderli\u011fini s\u00fcrd\u00fcr\u00fcyor.&#8221;<\/p>\n\n\n\n<figure class=\"wp-block-image\"><img decoding=\"async\" src=\"https:\/\/www.aa.com.tr\/uploads\/userFiles\/a54ea27f-6036-4f79-88c6-6bc9ba19a35d\/07%2F09%2F09%2FAA-40300957.jpg\" alt=\"\"\/><\/figure>\n\n\n\n<h3 class=\"wp-block-heading\">&#8220;Esenbo\u011fa&#8217;y\u0131 yenilik\u00e7i bir vizyonla geli\u015ftirmek \u00fczere kollar\u0131 s\u0131vad\u0131k, \u00e7al\u0131\u015fmalar\u0131 ba\u015flatt\u0131k&#8221;<\/h3>\n\n\n\n<p>Cumhurba\u015fkan\u0131 Erdo\u011fan, &#8220;2002&#8217;de 37 bin 421 u\u00e7ak ve 2 milyon 836 bin yolcu trafi\u011fi ger\u00e7ekle\u015fen Esenbo\u011fa&#8217;da 2024 y\u0131l\u0131nda u\u00e7ak trafi\u011fi y\u00fczde 159 art\u0131\u015fla 96 bin 910&#8217;a, yolcu trafi\u011fi ise y\u00fczde 355 art\u0131\u015fla 12 milyon 913 bin 753&#8217;e ula\u015ft\u0131. 2025&#8217;te ise u\u00e7ak trafi\u011fi bir \u00f6nceki y\u0131la g\u00f6re y\u00fczde 7 artarak 103 bin 928&#8217;e, yolcu trafi\u011fi de y\u00fczde 8 art\u0131\u015fla 13 milyon 987 bin 298&#8217;e y\u00fckseldi.&#8221; dedi.<\/p>\n\n\n\n<p>Esenbo\u011fa&#8217;daki yolcu trafi\u011finin 2035&#8217;te 23,1 milyonu, 2045&#8217;te 31,5 milyonu a\u015faca\u011f\u0131n\u0131 \u00f6ng\u00f6rd\u00fcklerini belirten Erdo\u011fan, s\u00f6zlerini \u015f\u00f6yle s\u00fcrd\u00fcrd\u00fc:<\/p>\n\n\n\n<p>&#8220;Bu say\u0131lar, bize Esenbo\u011fa Havaliman\u0131m\u0131z\u0131n art\u0131k daha b\u00fcy\u00fck bir kapasiteye daha y\u00fcksek standartlara ihtiya\u00e7 duydu\u011funu g\u00f6steriyor. Tam da bu ama\u00e7la Esenbo\u011fa&#8217;y\u0131 yenilik\u00e7i bir vizyonla geli\u015ftirmek \u00fczere kollar\u0131 s\u0131vad\u0131k, \u00e7al\u0131\u015fmalar\u0131 ba\u015flatt\u0131k ve hamdolsun bug\u00fcn iki etaptan olu\u015fan projemizin birinci etab\u0131n\u0131 tamamlad\u0131k. Uygulamaya ald\u0131\u011f\u0131m\u0131z bu proje kapsam\u0131nda 75 metre geni\u015fli\u011finde ve 3 bin 750 metre uzunlu\u011fundaki 3. pistimizi, 77 metre y\u00fcksekli\u011findeki hava trafik kontrol merkezimizi ve 13 bin 500 metrekare b\u00fcy\u00fckl\u00fc\u011f\u00fcndeki teknik bloku in\u015fa ettik. Ayr\u0131ca 85 bin metrekarelik 6 adet u\u00e7ak park kapasiteli yeni kargo apronumuzu ve bunlara ba\u011fl\u0131 taksi ve servis yollar\u0131 da dahil 945 bin metrekarelik kaplama sahas\u0131n\u0131n yap\u0131m\u0131n\u0131 tamamlad\u0131k. Ulup\u0131nar Deresi&#8217;nin 1,2 kilometrelik k\u0131sm\u0131n\u0131 \u0131slah ettik. \u00dc\u00e7 adet ba\u011flant\u0131 taksi yolu ve 5 adet h\u0131zl\u0131 \u00e7\u0131k\u0131\u015f taksi yolunun yan\u0131 s\u0131ra u\u00e7u\u015f kontrol hangar\u0131ndan, g\u00fcmr\u00fck m\u00fcd\u00fcrl\u00fc\u011f\u00fcne, \u00f6zel maksatl\u0131 garajdan yeni itfaiye istasyonuna, \u0131s\u0131 merkezi ve su deposundan 15 adet n\u00f6bet\u00e7i kuleye toplam 41 bin 52 metrekarelik in\u015faat alan\u0131nda en son teknolojiye sahip \u00e7ok say\u0131da yap\u0131y\u0131 in\u015fa ettik.&#8221;<\/p>\n\n\n\n<figure class=\"wp-block-image\"><img decoding=\"async\" src=\"https:\/\/www.aa.com.tr\/uploads\/userFiles\/a54ea27f-6036-4f79-88c6-6bc9ba19a35d\/07%2F09%2F09%2FAA-40300948.jpg\" alt=\"\"\/><\/figure>\n\n\n\n<h3 class=\"wp-block-heading\">Projede yolcu garantisi \u015fart\u0131 yok<\/h3>\n\n\n\n<p>Erdo\u011fan, 1200 ara\u00e7l\u0131k a\u00e7\u0131k otopark\u0131 da Esenbo\u011fa Havaliman\u0131&#8217;na kazand\u0131rd\u0131klar\u0131n\u0131 ifade etti.<\/p>\n\n\n\n<p>Projenin ikinci etab\u0131nda terminal binas\u0131n\u0131 en az 40 bin metrekare geni\u015fleteceklerini, minimum 58 bin metrekare apron ve 18 bin metrekare kaplama ba\u011flant\u0131 taksi yolu \u00e7al\u0131\u015fmas\u0131 yapacaklar\u0131n\u0131 vurgulayan Erdo\u011fan, \u015funlar\u0131 s\u00f6yledi:<\/p>\n\n\n\n<p>&#8220;Esenbo\u011fa Havaliman\u0131m\u0131z\u0131n y\u0131ll\u0131k 20 milyon olan yolcu kapasitesini 30 milyona y\u00fckseltece\u011fiz. T\u00fcrkiye Y\u00fczy\u0131l\u0131 vizyonumuza yak\u0131\u015f\u0131r \u015fekilde \u00fclkemizin ba\u015fkentini daha y\u00fcksek kapasiteli, daha konforlu ve daha modern bir havaliman\u0131yla in\u015fallah bulu\u015fturaca\u011f\u0131z. Ankara&#8217;m\u0131z ve \u00fclkemiz i\u00e7in bir kez daha hay\u0131rl\u0131, u\u011furlu olsun diyorum. \u015eunun da alt\u0131n\u0131 \u00f6zellikle \u00e7izmek istiyorum, tam 298 milyon avroluk yat\u0131r\u0131m de\u011ferine sahip bu projeyi devletimizin kasas\u0131ndan tek bir kuru\u015f bile \u00e7\u0131kmadan ger\u00e7ekle\u015ftirdik. \u00dcstelik yolcu garantisi \u015fart\u0131 koymadan hayata ge\u00e7irdi\u011fimiz bu projeye y\u00fcklenici firmalardan 25 y\u0131l i\u015fletme s\u00fcresi kar\u015f\u0131l\u0131\u011f\u0131nda tam 560 milyon avro kira geliri elde edece\u011fiz. Yat\u0131r\u0131mc\u0131 \u015firket, kira bedelinin y\u00fczde 25&#8217;ine tekab\u00fcl eden 140 milyon avroyu pe\u015fin \u00f6dedi ve bu bedel daha \u00e7al\u0131\u015fmalar bitmeden 2023 y\u0131l\u0131n\u0131n Nisan ay\u0131nda devletimizin kasas\u0131na girdi. B\u00f6ylelikle milletimizin bizlere emanet etti\u011fi kaynaklar\u0131 en verimli \u015fekilde kullanarak kamu \u00f6zel i\u015fbirli\u011fi modelinin en ba\u015far\u0131l\u0131 \u00f6rneklerinden birini daha uygulam\u0131\u015f olduk.&#8221;<\/p>\n\n\n\n<h3 class=\"wp-block-heading\">&#8220;Bu \u00fclkenin kaynaklar\u0131n\u0131 yine bu \u00fclkenin vatanda\u015flar\u0131 i\u00e7in kullan\u0131yoruz&#8221;<\/h3>\n\n\n\n<p>Cumhurba\u015fkan\u0131 Erdo\u011fan, kurdelesini kestikleri her yat\u0131r\u0131mda kendileriyle muhalefet aras\u0131nda derin vizyon fark\u0131n\u0131n ortaya \u00e7\u0131kt\u0131\u011f\u0131na dikkati \u00e7ekerek, \u015funlar\u0131 kaydetti:<\/p>\n\n\n\n<p>&#8220;Y\u00f6nettikleri belediyeleri, r\u00fc\u015fvet ve irtikap yuvas\u0131na \u00e7evirenlerin, milletin paras\u0131yla orada burada keyif \u00e7at\u0131p g\u00fcn\u00fcn\u00fc g\u00fcn edenlerin, vatanda\u015f\u0131 mafya misali haraca ba\u011flayanlar\u0131n aksine, biz bu \u00fclkenin kaynaklar\u0131n\u0131 yine bu \u00fclkenin vatanda\u015flar\u0131 i\u00e7in kullan\u0131yoruz. \u0130n\u015fallah, bu hassasiyetle \u00e7al\u0131\u015fmaya devam edece\u011fiz. Rabb&#8217;im yar ve yard\u0131mc\u0131m\u0131z olsun. A\u00e7\u0131l\u0131\u015f\u0131n\u0131 yapt\u0131\u011f\u0131m\u0131z yat\u0131r\u0131mlar\u0131n, \u00fclkemiz, milletimiz ve havac\u0131l\u0131k sekt\u00f6r\u00fcm\u00fcz i\u00e7in bir kez daha hay\u0131rl\u0131 olmas\u0131n\u0131 temenni ediyorum. Ula\u015ft\u0131rma Bakanl\u0131\u011f\u0131m\u0131za, yat\u0131r\u0131mc\u0131 \u015firketimize, y\u00fcklenici firmalar\u0131m\u0131za, m\u00fchendisinden i\u015f\u00e7isine, projede eme\u011fi ge\u00e7en t\u00fcm karde\u015flerime y\u00fcrekten te\u015fekk\u00fcr ediyorum.&#8221;<\/p>\n\n\n\n<h3 class=\"wp-block-heading\">Programdan notlar<\/h3>\n\n\n\n<p>\u0130stanbul&#8217;dan Ankara&#8217;ya gelen Cumhurba\u015fkan\u0131 Erdo\u011fan&#8217;\u0131n u\u00e7a\u011f\u0131, a\u00e7\u0131l\u0131\u015f\u0131 yap\u0131lan Esenbo\u011fa Havaliman\u0131 3. Pisti&#8217;ne indi.<\/p>\n\n\n\n<p>Programda, Esenbo\u011fa Havaliman\u0131 3. Pist ve Yeni Hava Trafik Kontrol Kulesi&#8217;nin tan\u0131t\u0131m videosu da g\u00f6sterildi.<\/p>\n\n\n\n<p>Ula\u015ft\u0131rma ve Altyap\u0131 Bakan\u0131 Abdulkadir Uralo\u011flu, Cumhurba\u015fkan\u0131 Erdo\u011fan&#8217;a, Esenbo\u011fa Yeni Hava Trafik Kulesi&#8217;nin maketini takdim etti.<\/p>\n\n\n\n<p>Cumhurba\u015fkan\u0131 Erdo\u011fan, dua edilmesinin ard\u0131ndan, \u200b\u200b\u200b\u200b\u200b\u200b\u200bEsenbo\u011fa Havaliman\u0131 3. Pist ve Yeni Hava Trafik Kontrol Kulesi&#8217;nin a\u00e7\u0131l\u0131\u015f\u0131n\u0131 kurdele keserek ger\u00e7ekle\u015ftirdi.<\/p>\n\n\n\n<p>T\u00f6rene, Cumhurba\u015fkan\u0131 Yard\u0131mc\u0131s\u0131 Cevdet Y\u0131lmaz, Aile ve Sosyal Hizmetler Bakan\u0131 Mahinur \u00d6zdemir G\u00f6kta\u015f, \u00c7al\u0131\u015fma ve Sosyal G\u00fcvenlik Bakan\u0131 Vedat I\u015f\u0131khan, Gen\u00e7lik ve Spor Bakan\u0131 Osman A\u015fk\u0131n Bak, Cumhurba\u015fkanl\u0131\u011f\u0131 \u0130leti\u015fim Ba\u015fkan\u0131 Burhanettin Duran, Cumhurba\u015fkan\u0131 D\u0131\u015f Politika ve G\u00fcvenlik Ba\u015fdan\u0131\u015fman\u0131 Akif \u00c7a\u011fatay K\u0131l\u0131\u00e7, AK Parti Genel Ba\u015fkanvekili Efkan Ala, AK Parti Genel Ba\u015fkanvekili Mustafa Elita\u015f, T\u00fcrk Devletleri Te\u015fkilat\u0131 (TDT) Aksakallar Konseyi Ba\u015fkan\u0131 Binali Y\u0131ld\u0131r\u0131m, H\u00dcDA PAR Genel Ba\u015fkan\u0131 Zekeriya Yap\u0131c\u0131o\u011flu, AK Parti genel ba\u015fkan yard\u0131mc\u0131lar\u0131, AK Parti Ankara milletvekilleri ve Ankara Valisi Vasip \u015eahin kat\u0131ld\u0131.<\/p>\n\n\n\n<p>Kaynak: AA<\/p>\n","protected":false},"excerpt":{"rendered":"<p>Cumhurba\u015fkan\u0131 Erdo\u011fan, &#8220;D\u00fcnyada ula\u015famad\u0131\u011f\u0131m\u0131z hi\u00e7bir nokta kalmayacak hedefiyle, T\u00fcrkiye&#8217;yi d\u00fcnyan\u0131n en geni\u015f u\u00e7u\u015f a\u011f\u0131na sahip \u00fclkelerinden biri yapt\u0131k.&#8221; dedi. Cumhurba\u015fkan\u0131 Recep Tayyip Erdo\u011fan, Ankara Esenbo\u011fa Havaliman\u0131 3. Pist, Yeni Kule ve Tamamlay\u0131c\u0131 Tesisler A\u00e7\u0131l\u0131\u015f T\u00f6reni&#8217;ne kat\u0131ld\u0131. Burada konu\u015fan Erdo\u011fan, bug\u00fcn a\u00e7\u0131l\u0131\u015f\u0131 yap\u0131lan yeni yat\u0131r\u0131mlar\u0131n Ankara, \u00fclke, millet ve sivil havac\u0131l\u0131k sekt\u00f6r\u00fcn\u00fcn t\u00fcm payda\u015flar\u0131 i\u00e7in hay\u0131rlara [&hellip;]<\/p>\n","protected":false},"author":1,"featured_media":8848,"comment_status":"open","ping_status":"open","sticky":false,"template":"","format":"standard","meta":{"footnotes":""},"categories":[11],"tags":[3029,846,3572],"class_list":["post-8847","post","type-post","status-publish","format-standard","has-post-thumbnail","hentry","category-manset","tag-ankara-esenboga-havalimani","tag-cumhurbaskani-erdogan","tag-uluslararasi-sivil-havacilik-orgutu"],"_links":{"self":[{"href":"https:\/\/www.trabzonmanset.com\/index.php\/wp-json\/wp\/v2\/posts\/8847","targetHints":{"allow":["GET"]}}],"collection":[{"href":"https:\/\/www.trabzonmanset.com\/index.php\/wp-json\/wp\/v2\/posts"}],"about":[{"href":"https:\/\/www.trabzonmanset.com\/index.php\/wp-json\/wp\/v2\/types\/post"}],"author":[{"embeddable":true,"href":"https:\/\/www.trabzonmanset.com\/index.php\/wp-json\/wp\/v2\/users\/1"}],"replies":[{"embeddable":true,"href":"https:\/\/www.trabzonmanset.com\/index.php\/wp-json\/wp\/v2\/comments?post=8847"}],"version-history":[{"count":1,"href":"https:\/\/www.trabzonmanset.com\/index.php\/wp-json\/wp\/v2\/posts\/8847\/revisions"}],"predecessor-version":[{"id":8849,"href":"https:\/\/www.trabzonmanset.com\/index.php\/wp-json\/wp\/v2\/posts\/8847\/revisions\/8849"}],"wp:featuredmedia":[{"embeddable":true,"href":"https:\/\/www.trabzonmanset.com\/index.php\/wp-json\/wp\/v2\/media\/8848"}],"wp:attachment":[{"href":"https:\/\/www.trabzonmanset.com\/index.php\/wp-json\/wp\/v2\/media?parent=8847"}],"wp:term":[{"taxonomy":"category","embeddable":true,"href":"https:\/\/www.trabzonmanset.com\/index.php\/wp-json\/wp\/v2\/categories?post=8847"},{"taxonomy":"post_tag","embeddable":true,"href":"https:\/\/www.trabzonmanset.com\/index.php\/wp-json\/wp\/v2\/tags?post=8847"}],"curies":[{"name":"wp","href":"https:\/\/api.w.org\/{rel}","templated":true}]}}