{"id":8831,"date":"2026-01-18T20:13:00","date_gmt":"2026-01-18T17:13:00","guid":{"rendered":"https:\/\/www.trabzonmanset.com\/?p=8831"},"modified":"2026-01-18T21:17:58","modified_gmt":"2026-01-18T18:17:58","slug":"suriye-cumhurbaskani-sara-suriyenin-kuzey-dogusunda-ateskes-ilan-edildi","status":"publish","type":"post","link":"https:\/\/www.trabzonmanset.com\/index.php\/2026\/01\/18\/suriye-cumhurbaskani-sara-suriyenin-kuzey-dogusunda-ateskes-ilan-edildi\/","title":{"rendered":"Suriye Cumhurba\u015fkan\u0131 \u015eara: Suriye&#8217;nin kuzey do\u011fusunda ate\u015fkes ilan edildi"},"content":{"rendered":"\n<p>Suriye ordusu ve ter\u00f6r \u00f6rg\u00fct\u00fc YPG\/SDG aras\u0131nda ya\u015fanan \u00e7at\u0131\u015fmalar\u0131n ard\u0131ndan Suriye Cumhurba\u015fkan\u0131 \u015eara&#8217;dan kritik bir a\u00e7\u0131klama geldi. \u015eara, ate\u015fkes anla\u015fmas\u0131na var\u0131ld\u0131\u011f\u0131n\u0131 duyurdu. \u015eara ayr\u0131ca &#8220;Devlet kurumlar\u0131 do\u011fu ve kuzeydo\u011fudaki (YPG\/SDG i\u015fgalindeki) \u00fc\u00e7 vilayete girecek&#8221; dedi. Ayr\u0131ca \u015eam y\u00f6netimi ve ter\u00f6r \u00f6rg\u00fct\u00fc aras\u0131nda var\u0131lan anla\u015fman\u0131n maddeleri de a\u00e7\u0131kland\u0131.<\/p>\n\n\n\n<ul class=\"wp-block-list\">\n<li>Suriye Cumhurba\u015fkan\u0131 \u015eara, Suriye&#8217;nin kuzey do\u011fusunda ate\u015fkes ilan edildi\u011fini a\u00e7\u0131klad\u0131.<\/li>\n\n\n\n<li>Suriye haber ajans\u0131 SANA, \u015eam y\u00f6netimi ile Suriye Demokratik G\u00fc\u00e7leri aras\u0131nda tam entegrasyonu \u00f6ng\u00f6ren bir anla\u015fma imzaland\u0131\u011f\u0131n\u0131 duyurdu.<\/li>\n\n\n\n<li>Anla\u015fma, Suriye H\u00fck\u00fcmeti g\u00fc\u00e7leri ile Suriye Demokratik G\u00fc\u00e7leri aras\u0131nda t\u00fcm cephelerde derhal ate\u015fkes ve SDG askeri unsurlar\u0131n\u0131n F\u0131rat Nehri&#8217;nin do\u011fusuna \u00e7ekilmesini i\u00e7eriyor.<\/li>\n<\/ul>\n\n\n\n<p><strong>Suriye<\/strong>&#8216;de ter\u00f6r \u00f6rg\u00fct\u00fc YPG\/SDG ile Suriye ordusu aras\u0131nda ba\u015flayan \u00e7at\u0131\u015fmalar g\u00fcnlerdir devam ediyor. Suriye ordusu, 10 Mart mutabakat\u0131na uymayan ter\u00f6r \u00f6rg\u00fct\u00fc SDG&#8217;ye y\u0131lba\u015f\u0131na kadar s\u00fcre vermi\u015fti. Ancak \u00f6rg\u00fct, t\u00fcm alanlarda entegre olmay\u0131p s\u00fcre\u00e7te diretti.<\/p>\n\n\n\n<h3 class=\"wp-block-heading\">ORDU RAKKA&#8217;YA G\u0130RD\u0130<\/h3>\n\n\n\n<p>Bunun \u00fczerine \u015eam y\u00f6netimi, Halep&#8217;teki SDG hedeflerine operasyon ba\u015flatt\u0131. \u015eeyh Maksud ve E\u015frefiye mahalleri \u00f6rg\u00fctten temizlenerek Halep&#8217;teki SDG varl\u0131\u011f\u0131na son verildi. \u0130lerleyi\u015fini F\u0131rat&#8217;\u0131n bat\u0131s\u0131nda s\u00fcrd\u00fcren Suriye ordusu, \u00f6nce Deyr Hafir ard\u0131ndan Meskene, Tabka ve Deyrizor&#8217;u ele ge\u00e7irdi. Suriye ordusu, Rakka&#8217;y\u0131 da bat\u0131dan ablukaya ald\u0131.<\/p>\n\n\n\n<h3 class=\"wp-block-heading\">\u015eARA ATE\u015eKES\u0130 DUYURDU<\/h3>\n\n\n\n<p>Suriye ordusu ve ter\u00f6r \u00f6rg\u00fct\u00fc YPG\/PYD aras\u0131nda ya\u015fanan \u00e7at\u0131\u015fmalar\u0131n ard\u0131ndan Suriye Cumhurba\u015fkan\u0131 \u015eara&#8217;dan kritik bir a\u00e7\u0131klama geldi. \u015eara, Suriye&#8217;nin kuzey do\u011fusunda ate\u015fkes ilan edildi\u011fini a\u00e7\u0131klad\u0131.<\/p>\n\n\n\n<figure class=\"wp-block-image\"><img decoding=\"async\" src=\"https:\/\/foto.haberler.com\/crop\/640x394\/haber\/2026\/01\/18\/suriye-cumhurbaskani-sara-suriye-nin-kuzey-19476849_7622_m.jpg\" alt=\"Suriye Cumhurba\u015fkan\u0131 \u015eara: Suriye'nin kuzey do\u011fusunda ate\u015fkes ilan edildi\"\/><\/figure>\n\n\n\n<p>\u015eara ayr\u0131ca &#8220;Devlet kurumlar\u0131 do\u011fu ve kuzeydo\u011fudaki (YPG\/SDG i\u015fgalindeki) \u00fc\u00e7 vilayete girecek&#8221; dedi.<\/p>\n\n\n\n<figure class=\"wp-block-image\"><img decoding=\"async\" src=\"https:\/\/foto.haberler.com\/crop\/640x426\/haber\/2026\/01\/18\/suriye-cumhurbaskani-sara-suriye-nin-kuzey-19476849_2853_m.jpg\" alt=\"Suriye Cumhurba\u015fkan\u0131 \u015eara: Suriye'nin kuzey do\u011fusunda ate\u015fkes ilan edildi\"\/><\/figure>\n\n\n\n<h3 class=\"wp-block-heading\">&#8220;SDG \u0130LE T\u00dcM SORUNLAR G\u0130DER\u0130LECEKT\u0130R&#8221;<\/h3>\n\n\n\n<p>\u015eara ayr\u0131ca a\u00e7\u0131klamas\u0131nda &#8220;Mazlum Abdi ile planlanm\u0131\u015f bir toplant\u0131m\u0131z vard\u0131 ancak hava ko\u015fullar\u0131 nedeniyle yar\u0131na ertelendi. SDG ile ilgili t\u00fcm sorunlar giderilecektir&#8221; ifadelerini kulland\u0131.<\/p>\n\n\n\n<figure class=\"wp-block-image\"><img decoding=\"async\" src=\"https:\/\/foto.haberler.com\/crop\/640x426\/haber\/2026\/01\/18\/suriye-cumhurbaskani-sara-suriye-nin-kuzey-19476849_5795_m.jpg\" alt=\"Suriye Cumhurba\u015fkan\u0131 \u015eara: Suriye'nin kuzey do\u011fusunda ate\u015fkes ilan edildi\"\/><\/figure>\n\n\n\n<p>Suriye <strong>haber<\/strong> ajans\u0131 SANA, \u015eam y\u00f6netimi ile ter\u00f6r \u00f6rg\u00fct\u00fc SDG aras\u0131nda, &#8220;tam entegrasyonu \u00f6ng\u00f6ren&#8221; bir anla\u015fma imzaland\u0131\u011f\u0131n\u0131 a\u00e7\u0131klad\u0131.<\/p>\n\n\n\n<figure class=\"wp-block-image\"><img decoding=\"async\" src=\"https:\/\/foto.haberler.com\/crop\/640x341\/haber\/2026\/01\/18\/suriye-cumhurbaskani-sara-suriye-nin-kuzey-19476849_8601_m.jpg\" alt=\"Suriye Cumhurba\u015fkan\u0131 \u015eara: Suriye'nin kuzey do\u011fusunda ate\u015fkes ilan edildi\"\/><\/figure>\n\n\n\n<h3 class=\"wp-block-heading\">\u0130\u015eTE ANLA\u015eMANIN MADDELER\u0130<\/h3>\n\n\n\n<p>Ayr\u0131ca \u015eam y\u00f6netimi ve ter\u00f6r \u00f6rg\u00fct\u00fc aras\u0131nda var\u0131lan anla\u015fman\u0131n maddeleri de a\u00e7\u0131kland\u0131. Anla\u015fman\u0131n maddeleri \u015f\u00f6yle:<\/p>\n\n\n\n<p>1. Suriye H\u00fck\u00fcmeti g\u00fc\u00e7leri ile Suriye Demokratik G\u00fc\u00e7leri (SDG) aras\u0131nda, t\u00fcm cephelerde ve temas hatlar\u0131nda derhal ve kapsaml\u0131 bir ate\u015fkes ilan edilmesi; \u00f6n yeniden konu\u015flanma ad\u0131m\u0131 olarak SDG&#8217;ye ba\u011fl\u0131 t\u00fcm askeri unsurlar\u0131n F\u0131rat Nehri&#8217;nin do\u011fusuna \u00e7ekilmesi.<\/p>\n\n\n\n<p>2. Deyrizor ve Rakka vilayetlerinin idari ve askeri olarak derhal ve tamamen Suriye H\u00fck\u00fcmeti&#8217;ne devredilmesi. Bu kapsamda t\u00fcm sivil kurum ve tesislerin devri ile, Suriye devletinin uzmanl\u0131k bakanl\u0131klar\u0131 b\u00fcnyesinde mevcut \u00e7al\u0131\u015fanlar\u0131n kal\u0131c\u0131 stat\u00fcye ge\u00e7irilmesini \u00f6ng\u00f6ren kararnamelerin derhal \u00e7\u0131kar\u0131lmas\u0131.<\/p>\n\n\n\n<p>3. Haseke vilayetindeki t\u00fcm sivil kurumlar\u0131n, Suriye devletinin kurumlar\u0131 ve idari yap\u0131lar\u0131yla entegrasyonu.<\/p>\n\n\n\n<p>4. Suriye H\u00fck\u00fcmeti&#8217;nin, b\u00f6lgede bulunan t\u00fcm s\u0131n\u0131r kap\u0131lar\u0131, petrol sahalar\u0131 ve gaz sahalar\u0131n\u0131n kontrol\u00fcn\u00fc devralmas\u0131; bu alanlar\u0131n d\u00fczenli ordu g\u00fc\u00e7lerince korunarak kaynaklar\u0131n Suriye devletine geri kazand\u0131r\u0131lmas\u0131n\u0131n sa\u011flanmas\u0131 ve K\u00fcrt b\u00f6lgelerinin \u00f6zel durumunun dikkate al\u0131nmas\u0131.<\/p>\n\n\n\n<p>5. SDG&#8217;ye ba\u011fl\u0131 t\u00fcm askeri ve g\u00fcvenlik personelinin, gerekli g\u00fcvenlik soru\u015fturmalar\u0131n\u0131n ard\u0131ndan, bireysel esasla Suriye Savunma ve \u0130\u00e7i\u015fleri Bakanl\u0131klar\u0131 yap\u0131s\u0131na tam entegrasyonu; askeri r\u00fctbelerinin, mali haklar\u0131n\u0131n ve lojistik ihtiya\u00e7lar\u0131n\u0131n buna g\u00f6re d\u00fczenlenmesi.<\/p>\n\n\n\n<p>6. SDG liderli\u011finin, eski rejim unsurlar\u0131n\u0131n kal\u0131nt\u0131lar\u0131n\u0131n kendi saflar\u0131na al\u0131nmas\u0131ndan ka\u00e7\u0131nmay\u0131 ve kuzeydo\u011fu Suriye&#8217;de bulunan eski rejime ait subay ve personelin isim listelerini sunmay\u0131 taahh\u00fct etmesi.<\/p>\n\n\n\n<p>7. Siyasi kat\u0131l\u0131m ve yerel temsili g\u00fcvence alt\u0131na almak amac\u0131yla, Haseke Valisi olarak atanacak bir aday i\u00e7in cumhurba\u015fkanl\u0131\u011f\u0131 kararnamesi \u00e7\u0131kar\u0131lmas\u0131.<\/p>\n\n\n\n<p>8. Ayn el-Arab (Kobani) kentindeki a\u011f\u0131r askeri varl\u0131\u011f\u0131n kald\u0131r\u0131lmas\u0131, kentin sakinlerinden olu\u015fan bir g\u00fcvenlik g\u00fcc\u00fc kurulmas\u0131 ve \u0130\u00e7i\u015fleri Bakanl\u0131\u011f\u0131&#8217;na idari olarak ba\u011fl\u0131 yerel polis g\u00fcc\u00fcn\u00fcn muhafaza edilmesi.<\/p>\n\n\n\n<p>9. I\u015e\u0130D tutuklular\u0131n\u0131n ve kamplar\u0131n\u0131n y\u00f6netiminden sorumlu idarenin ve bu tesislerin g\u00fcvenli\u011fini sa\u011flayan g\u00fc\u00e7lerin Suriye H\u00fck\u00fcmeti&#8217;ne devredilmesi, b\u00f6ylece bu dosyalar\u0131n hukuki ve g\u00fcvenlik sorumlulu\u011funun tamamen Suriye devletine ge\u00e7mesi.<\/p>\n\n\n\n<p>10. Ulusal ortakl\u0131\u011f\u0131 sa\u011flamak amac\u0131yla, SDG liderli\u011fi taraf\u0131ndan sunulan aday listelerinden se\u00e7ilecek ki\u015filerin, merkezi devlet yap\u0131s\u0131 i\u00e7inde \u00fcst d\u00fczey askeri, g\u00fcvenlik ve sivil g\u00f6revlere atanmas\u0131n\u0131n kabul edilmesi.<\/p>\n\n\n\n<p>11. 2026 tarihli ve 13 say\u0131l\u0131 Cumhurba\u015fkanl\u0131\u011f\u0131 Kararnamesi&#8217;nin memnuniyetle kar\u015f\u0131lanmas\u0131; bu kararnameyle K\u00fcrtlerin k\u00fclt\u00fcrel ve dilsel haklar\u0131n\u0131n tan\u0131nmas\u0131 ve kay\u0131ts\u0131z\/vatans\u0131z ki\u015filer ile \u00f6nceki on y\u0131llardan birikmi\u015f m\u00fclkiyet haklar\u0131 talepleri d\u00e2hil olmak \u00fczere, hak temelli ve sivil sorunlar\u0131n ele al\u0131nmas\u0131.<\/p>\n\n\n\n<p>12. SDG&#8217;nin, Suriye vatanda\u015f\u0131 olmayan PKK lider ve mensuplar\u0131n\u0131n Suriye Arap Cumhuriyeti s\u0131n\u0131rlar\u0131 d\u0131\u015f\u0131na \u00e7\u0131kar\u0131lmas\u0131n\u0131 taahh\u00fct etmesi; bunun egemenlik ve b\u00f6lgesel istikrar\u0131n sa\u011flanmas\u0131 amac\u0131yla yap\u0131lmas\u0131.<\/p>\n\n\n\n<p>13. Suriye devletinin, b\u00f6lgenin g\u00fcvenli\u011fi ve istikrar\u0131n\u0131 sa\u011flamak amac\u0131yla, ABD ile koordinasyon i\u00e7inde ve Uluslararas\u0131 Koalisyon&#8217;un aktif bir \u00fcyesi olarak I\u015e\u0130D&#8217;e kar\u015f\u0131 m\u00fccadeleyi s\u00fcrd\u00fcrmeyi taahh\u00fct etmesi.<\/p>\n\n\n\n<p>14. Afrin ve \u015eeyh Maksud b\u00f6lgeleri sakinlerinin g\u00fcvenli ve onurlu \u015fekilde evlerine d\u00f6n\u00fc\u015f\u00fcn\u00fc sa\u011flamak \u00fczere anlay\u0131\u015flara var\u0131lmas\u0131 y\u00f6n\u00fcnde \u00e7al\u0131\u015fma y\u00fcr\u00fct\u00fclmesi.<\/p>\n\n\n\n<h3 class=\"wp-block-heading\">NE OLMU\u015eTU?<\/h3>\n\n\n\n<p>Suriye ordusu 13 Ocak&#8217;ta F\u0131rat Nehri&#8217;nin bat\u0131s\u0131nda yer alan ter\u00f6r \u00f6rg\u00fct\u00fc SDG i\u015fgalindeki b\u00f6lgeleri &#8220;kapal\u0131 askeri b\u00f6lge&#8221; olarak ilan etmi\u015f, b\u00f6lgedeki t\u00fcm silahl\u0131 gruplara F\u0131rat&#8217;\u0131n do\u011fusuna \u00e7ekilmeleri y\u00f6n\u00fcnde \u00e7a\u011fr\u0131da bulunmu\u015ftu. Kapal\u0131 askeri b\u00f6lgeler aras\u0131nda F\u0131rat Nehri&#8217;nin bat\u0131 k\u0131y\u0131s\u0131ndaki Deir Hafer ve Meskene de yer al\u0131yordu.<\/p>\n\n\n\n<figure class=\"wp-block-image\"><img decoding=\"async\" src=\"https:\/\/foto.haberler.com\/crop\/640x426\/haber\/2026\/01\/18\/suriye-cumhurbaskani-sara-suriye-nin-kuzey-19476849_2210_m.jpg\" alt=\"Suriye Cumhurba\u015fkan\u0131 \u015eara: Suriye'nin kuzey do\u011fusunda ate\u015fkes ilan edildi\"\/><\/figure>\n\n\n\n<p>Ordu, ge\u00e7ti\u011fimiz hafta ise Halep&#8217;te ger\u00e7ekle\u015ftirdi\u011fi operasyonlarda E\u015frefiye, \u015eeyh Maksud ve Beni Zeyd mahallelerini ter\u00f6r \u00f6rg\u00fct\u00fc SDG&#8217;den temizlemi\u015fti.<\/p>\n\n\n\n<figure class=\"wp-block-image\"><img decoding=\"async\" src=\"https:\/\/foto.haberler.com\/crop\/640x426\/haber\/2026\/01\/18\/suriye-cumhurbaskani-sara-suriye-nin-kuzey-19476849_8369_m.jpg\" alt=\"Suriye Cumhurba\u015fkan\u0131 \u015eara: Suriye'nin kuzey do\u011fusunda ate\u015fkes ilan edildi\"\/><\/figure>\n","protected":false},"excerpt":{"rendered":"<p>Suriye ordusu ve ter\u00f6r \u00f6rg\u00fct\u00fc YPG\/SDG aras\u0131nda ya\u015fanan \u00e7at\u0131\u015fmalar\u0131n ard\u0131ndan Suriye Cumhurba\u015fkan\u0131 \u015eara&#8217;dan kritik bir a\u00e7\u0131klama geldi. \u015eara, ate\u015fkes anla\u015fmas\u0131na var\u0131ld\u0131\u011f\u0131n\u0131 duyurdu. \u015eara ayr\u0131ca &#8220;Devlet kurumlar\u0131 do\u011fu ve kuzeydo\u011fudaki (YPG\/SDG i\u015fgalindeki) \u00fc\u00e7 vilayete girecek&#8221; dedi. Ayr\u0131ca \u015eam y\u00f6netimi ve ter\u00f6r \u00f6rg\u00fct\u00fc aras\u0131nda var\u0131lan anla\u015fman\u0131n maddeleri de a\u00e7\u0131kland\u0131. Suriye&#8216;de ter\u00f6r \u00f6rg\u00fct\u00fc YPG\/SDG ile Suriye ordusu aras\u0131nda [&hellip;]<\/p>\n","protected":false},"author":1,"featured_media":8832,"comment_status":"open","ping_status":"open","sticky":false,"template":"","format":"standard","meta":{"footnotes":""},"categories":[127],"tags":[3332,797,3565],"class_list":["post-8831","post","type-post","status-publish","format-standard","has-post-thumbnail","hentry","category-dunya","tag-halep","tag-suriye","tag-suriye-cumhurbaskani-sara"],"_links":{"self":[{"href":"https:\/\/www.trabzonmanset.com\/index.php\/wp-json\/wp\/v2\/posts\/8831","targetHints":{"allow":["GET"]}}],"collection":[{"href":"https:\/\/www.trabzonmanset.com\/index.php\/wp-json\/wp\/v2\/posts"}],"about":[{"href":"https:\/\/www.trabzonmanset.com\/index.php\/wp-json\/wp\/v2\/types\/post"}],"author":[{"embeddable":true,"href":"https:\/\/www.trabzonmanset.com\/index.php\/wp-json\/wp\/v2\/users\/1"}],"replies":[{"embeddable":true,"href":"https:\/\/www.trabzonmanset.com\/index.php\/wp-json\/wp\/v2\/comments?post=8831"}],"version-history":[{"count":1,"href":"https:\/\/www.trabzonmanset.com\/index.php\/wp-json\/wp\/v2\/posts\/8831\/revisions"}],"predecessor-version":[{"id":8833,"href":"https:\/\/www.trabzonmanset.com\/index.php\/wp-json\/wp\/v2\/posts\/8831\/revisions\/8833"}],"wp:featuredmedia":[{"embeddable":true,"href":"https:\/\/www.trabzonmanset.com\/index.php\/wp-json\/wp\/v2\/media\/8832"}],"wp:attachment":[{"href":"https:\/\/www.trabzonmanset.com\/index.php\/wp-json\/wp\/v2\/media?parent=8831"}],"wp:term":[{"taxonomy":"category","embeddable":true,"href":"https:\/\/www.trabzonmanset.com\/index.php\/wp-json\/wp\/v2\/categories?post=8831"},{"taxonomy":"post_tag","embeddable":true,"href":"https:\/\/www.trabzonmanset.com\/index.php\/wp-json\/wp\/v2\/tags?post=8831"}],"curies":[{"name":"wp","href":"https:\/\/api.w.org\/{rel}","templated":true}]}}