{"id":8818,"date":"2026-01-18T15:28:00","date_gmt":"2026-01-18T12:28:00","guid":{"rendered":"https:\/\/www.trabzonmanset.com\/?p=8818"},"modified":"2026-01-18T18:30:15","modified_gmt":"2026-01-18T15:30:15","slug":"goruntuler-ortaya-cikti-menzil-lideri-izmirde-toplanan-kalabaliga-tovbe-ettirmis","status":"publish","type":"post","link":"https:\/\/www.trabzonmanset.com\/index.php\/2026\/01\/18\/goruntuler-ortaya-cikti-menzil-lideri-izmirde-toplanan-kalabaliga-tovbe-ettirmis\/","title":{"rendered":"G\u00f6r\u00fcnt\u00fcler ortaya \u00e7\u0131kt\u0131! Menzil lideri \u0130zmir&#8217;de toplanan kalabal\u0131\u011fa t\u00f6vbe ettirmi\u015f"},"content":{"rendered":"\n<p>\u0130zmir&#8217;in Karaba\u011flar il\u00e7esine ger\u00e7ekle\u015ftirdi\u011fi ziyaretle g\u00fcndem olan Menzil lideri Muhammed Saki Erol&#8217;un toplanan kalabal\u0131\u011fa t\u00f6vbe ettirdi\u011fi g\u00f6r\u00fcnt\u00fcler ortaya \u00e7\u0131kt\u0131.<\/p>\n\n\n\n<ul class=\"wp-block-list\">\n<li>Menzil lideri Muhammed Saki Erol, \u0130zmir&#8217;in Karaba\u011flar il\u00e7esi Arapderesi mevkisinde binlerce ki\u015finin kat\u0131ld\u0131\u011f\u0131 bir toplant\u0131 d\u00fczenledi.<\/li>\n\n\n\n<li>Muhammed Saki Erol, toplanan kalabal\u0131\u011fa T\u00fcrk Bayra\u011f\u0131 \u00f6n\u00fcnden selam verdi ve toplu t\u00f6vbe ettirdi.<\/li>\n\n\n\n<li>Kalabal\u0131k, &#8216;Ya Rabbi! B\u00fct\u00fcn yapm\u0131\u015f oldu\u011fum g\u00fcnahlardan ben pi\u015fman\u0131m. Ke\u015fke yapmasayd\u0131m. \u0130n\u015faallah bir daha ben yapmayaca\u011f\u0131m. Gavs hazretlerini kendime \u015feyh kabul ettim.&#8217; s\u00f6zlerini tekrarlad\u0131.<\/li>\n<\/ul>\n\n\n\n<p>Menzil lideri Muhammed Saki Erol&#8217;un \u0130zmir&#8217;in Karaba\u011flar il\u00e7esi Arapderesi mevkisine ger\u00e7ekle\u015ftirdi\u011fi ziyaret, b\u00f6lgede al\u0131\u015f\u0131lmad\u0131k bir kalabal\u0131\u011fa neden oldu. Ziyaret s\u0131ras\u0131nda olu\u015fan yo\u011funluk, \u00e7evrede ya\u015fayan vatanda\u015flar\u0131n da dikkatini \u00e7ekti.<\/p>\n\n\n\n<h3 class=\"wp-block-heading\">T\u00dcRK BAYRA\u011eI \u00d6N\u00dcNDEN SELAMLADI<\/h3>\n\n\n\n<p>Saki Erol kendisi i\u00e7in il\u00e7ede toplanan binlerce ki\u015fiyi pencereye as\u0131lan T\u00fcrk Bayra\u011f\u0131 \u00f6n\u00fcnden selamlad\u0131. Daha sonra kalabal\u0131\u011fa toplu &#8216;t\u00f6vbe&#8217; ettirdi.<\/p>\n\n\n\n<figure class=\"wp-block-image\"><img decoding=\"async\" src=\"https:\/\/foto.haberler.com\/crop\/640x426\/haber\/2026\/01\/18\/goruntuler-ortaya-cikti-menzil-lideri-izmir-de-19476173_3378_m.jpg\" alt=\"G\u00f6r\u00fcnt\u00fcler ortaya \u00e7\u0131kt\u0131! Menzil lideri \u0130zmir'de toplanan kalabal\u0131\u011fa t\u00f6vbe ettirmi\u015f\"\/><\/figure>\n\n\n\n<h3 class=\"wp-block-heading\">KALABALIK HEP B\u0130R A\u011eIZDAN TEKRARLADI<\/h3>\n\n\n\n<p>Erol&#8217;un \u015fu s\u00f6zleri kalabal\u0131k taraf\u0131ndan tekrarland\u0131; &#8220;Ya Rabbi! B\u00fct\u00fcn yapm\u0131\u015f oldu\u011fum g\u00fcnahlardan ben pi\u015fman\u0131m. Ke\u015fke yapmasayd\u0131m. \u0130n\u015faallah bir daha ben yapmayaca\u011f\u0131m. Gavs hazretlerini kendime \u015feyh kabul ettim.&#8221;<\/p>\n\n\n\n<p><\/p>\n","protected":false},"excerpt":{"rendered":"<p>\u0130zmir&#8217;in Karaba\u011flar il\u00e7esine ger\u00e7ekle\u015ftirdi\u011fi ziyaretle g\u00fcndem olan Menzil lideri Muhammed Saki Erol&#8217;un toplanan kalabal\u0131\u011fa t\u00f6vbe ettirdi\u011fi g\u00f6r\u00fcnt\u00fcler ortaya \u00e7\u0131kt\u0131. Menzil lideri Muhammed Saki Erol&#8217;un \u0130zmir&#8217;in Karaba\u011flar il\u00e7esi Arapderesi mevkisine ger\u00e7ekle\u015ftirdi\u011fi ziyaret, b\u00f6lgede al\u0131\u015f\u0131lmad\u0131k bir kalabal\u0131\u011fa neden oldu. Ziyaret s\u0131ras\u0131nda olu\u015fan yo\u011funluk, \u00e7evrede ya\u015fayan vatanda\u015flar\u0131n da dikkatini \u00e7ekti. T\u00dcRK BAYRA\u011eI \u00d6N\u00dcNDEN SELAMLADI Saki Erol kendisi i\u00e7in [&hellip;]<\/p>\n","protected":false},"author":1,"featured_media":8819,"comment_status":"open","ping_status":"open","sticky":false,"template":"","format":"standard","meta":{"footnotes":""},"categories":[1,1349],"tags":[3563,1418,3562,3560,3561,3564],"class_list":["post-8818","post","type-post","status-publish","format-standard","has-post-thumbnail","hentry","category-gundem","category-yasam","tag-gavs-hazretleri","tag-izmir","tag-karabaglar","tag-menzil-lideri","tag-menzil-lideri-muhammed-saki-erol","tag-seyh"],"_links":{"self":[{"href":"https:\/\/www.trabzonmanset.com\/index.php\/wp-json\/wp\/v2\/posts\/8818","targetHints":{"allow":["GET"]}}],"collection":[{"href":"https:\/\/www.trabzonmanset.com\/index.php\/wp-json\/wp\/v2\/posts"}],"about":[{"href":"https:\/\/www.trabzonmanset.com\/index.php\/wp-json\/wp\/v2\/types\/post"}],"author":[{"embeddable":true,"href":"https:\/\/www.trabzonmanset.com\/index.php\/wp-json\/wp\/v2\/users\/1"}],"replies":[{"embeddable":true,"href":"https:\/\/www.trabzonmanset.com\/index.php\/wp-json\/wp\/v2\/comments?post=8818"}],"version-history":[{"count":1,"href":"https:\/\/www.trabzonmanset.com\/index.php\/wp-json\/wp\/v2\/posts\/8818\/revisions"}],"predecessor-version":[{"id":8820,"href":"https:\/\/www.trabzonmanset.com\/index.php\/wp-json\/wp\/v2\/posts\/8818\/revisions\/8820"}],"wp:featuredmedia":[{"embeddable":true,"href":"https:\/\/www.trabzonmanset.com\/index.php\/wp-json\/wp\/v2\/media\/8819"}],"wp:attachment":[{"href":"https:\/\/www.trabzonmanset.com\/index.php\/wp-json\/wp\/v2\/media?parent=8818"}],"wp:term":[{"taxonomy":"category","embeddable":true,"href":"https:\/\/www.trabzonmanset.com\/index.php\/wp-json\/wp\/v2\/categories?post=8818"},{"taxonomy":"post_tag","embeddable":true,"href":"https:\/\/www.trabzonmanset.com\/index.php\/wp-json\/wp\/v2\/tags?post=8818"}],"curies":[{"name":"wp","href":"https:\/\/api.w.org\/{rel}","templated":true}]}}