{"id":8812,"date":"2026-01-17T16:31:00","date_gmt":"2026-01-17T13:31:00","guid":{"rendered":"https:\/\/www.trabzonmanset.com\/?p=8812"},"modified":"2026-01-17T23:34:06","modified_gmt":"2026-01-17T20:34:06","slug":"turk-zirhlisinin-en-buyuk-ihracat-sinavinda-hedefler-korunuyor","status":"publish","type":"post","link":"https:\/\/www.trabzonmanset.com\/index.php\/2026\/01\/17\/turk-zirhlisinin-en-buyuk-ihracat-sinavinda-hedefler-korunuyor\/","title":{"rendered":"T\u00fcrk z\u0131rhl\u0131s\u0131n\u0131n &#8220;en b\u00fcy\u00fck ihracat&#8221; s\u0131nav\u0131nda hedefler korunuyor"},"content":{"rendered":"\n<p>Otokar Genel M\u00fcd\u00fcr\u00fc Aykut \u00d6z\u00fcner, T\u00fcrk savunma sanayisinin COBRA II ile Romanya&#8217;ya y\u00f6nelik y\u00fcr\u00fctt\u00fc\u011f\u00fc &#8220;tek kalemde en b\u00fcy\u00fck z\u0131rhl\u0131 kara arac\u0131 ihracat s\u00f6zle\u015fmesinde&#8221; hedeflerin gecikmesinin projenin zamanlamas\u0131n\u0131 ve hedefini etkilemeyece\u011fini bildirdi.<\/p>\n\n\n\n<p>Otokar, Romanya Milli Savunma Bakanl\u0131\u011f\u0131&#8217;n\u0131n \u015firketi C.N. Romtehnica S.A&#8217;n\u0131n (Romtehnica) a\u00e7t\u0131\u011f\u0131 ve 857 milyon avro b\u00fcy\u00fckl\u00fc\u011f\u00fcndeki 4&#215;4 Taktik Tekerlekli Hafif Z\u0131rhl\u0131 Ara\u00e7 Al\u0131m\u0131 \u0130halesi kapsam\u0131nda \u00fcretim ve teslimatlara devam ederken \u00f6nemli bir geli\u015fme ya\u015fand\u0131.<\/p>\n\n\n\n<p>Yap\u0131lan s\u00f6zle\u015fme do\u011frultusunda Romtehnica&#8217;ya ilk 278 adedi Otokar tesislerinde, kalan k\u0131sm\u0131 ise Romanya&#8217;da \u00fcretilmek \u00fczere toplam 1059 arac\u0131n 2025 y\u0131l\u0131 son \u00e7eyre\u011finden ba\u015flayarak 5 y\u0131l i\u00e7erisinde teslim edilmesi \u00f6ng\u00f6r\u00fcl\u00fcyordu.<\/p>\n\n\n\n<p>Romtehnica, Romanya&#8217;da \u00fcretilecek k\u0131s\u0131m i\u00e7in s\u00f6zle\u015fme takvimindeki yerel \u00fcretim haz\u0131rl\u0131klar\u0131na y\u00f6nelik ara hedeflerin zaman\u0131nda yerine getirilmedi\u011fi iddias\u0131yla g\u00fcncel kurla yakla\u015f\u0131k 1 milyar 880 milyon lira, Otokar tesislerinde \u00fcretilecek ilk parti teslimatlardan bug\u00fcne kadar sat\u0131\u015f\u0131 tamamlanan 194 adet arac\u0131n ge\u00e7 teslim edilmesi nedeniyle de 72 milyon lira tutar\u0131nda tazminat talepleri iletti.<\/p>\n\n\n\n<p>Otokar, yasal haklar sakl\u0131 kalmak kayd\u0131yla konunun \u00e7\u00f6z\u00fcm\u00fc i\u00e7in ilgili makamlarla g\u00f6r\u00fc\u015fmelerine devam ediyor.<\/p>\n\n\n\n<figure class=\"wp-block-image\"><img decoding=\"async\" src=\"https:\/\/www.aa.com.tr\/uploads\/userFiles\/c9f1ae26-3cf3-4ab4-9d72-230dedd01a4c\/94d9dd36-305c-4e88-8a15-d1d4b6a5e74c.jpg\" alt=\"\"\/><\/figure>\n\n\n\n<p>Otokar Genel M\u00fcd\u00fcr\u00fc Aykut \u00d6z\u00fcner, ihale do\u011frultusunda bug\u00fcne kadar y\u00fcr\u00fct\u00fclen \u00e7al\u0131\u015fmalar, ortaya \u00e7\u0131kan tazminat talepleri ve projenin seyrine ili\u015fkin AA muhabirinin sorular\u0131n\u0131 yan\u0131tlad\u0131.<\/p>\n\n\n\n<p>T\u00fcrkiye&#8217;de \u00fcrettikleri 278 COBRA II arac\u0131n\u0131n tamam\u0131n\u0131n Romanya&#8217;ya sevkiyatlar\u0131n\u0131n tamamland\u0131\u011f\u0131n\u0131 bildiren \u00d6z\u00fcner, &#8220;Bu ara\u00e7lar\u0131n \u015fu ana kadar 194 adedi Romanya ordusu envanterine girdi. Kalan ara\u00e7lar\u0131n kabul i\u015flemleri de aral\u0131k ay\u0131ndan bu yana s\u00fcr\u00fcyor.&#8221; dedi.<\/p>\n\n\n\n<p>Romanya s\u00f6zle\u015fmesi ile ilgili cezai i\u015flemlerin ve tazminat taleplerinin nedenine ili\u015fkin soruya \u00d6z\u00fcner, &#8220;\u0130\u015f plan\u0131nda bir\u00e7ok alt s\u00fcre\u00e7 ve hedefler yer al\u0131yor. Baz\u0131 ara hedeflerin zaman\u0131nda yap\u0131lmad\u0131\u011f\u0131 iddialar\u0131yla tazminat talebiyle kar\u015f\u0131la\u015ft\u0131k. S\u00f6zle\u015fmenin gerektirdi\u011fi gizlilik nedeniyle ilave bilgi payla\u015fam\u0131yoruz. \u0130lgili konuda hukuki itirazlar\u0131m\u0131z\u0131 yapt\u0131k. Romanya makamlar\u0131n\u0131n konuyu titizlikle ve b\u00fct\u00fcn taraflar i\u00e7in en do\u011fru \u015fekilde \u00e7\u00f6zeceklerinden ku\u015fku duymamaktay\u0131z.&#8221; yan\u0131t\u0131n\u0131 verdi.<\/p>\n\n\n\n<figure class=\"wp-block-image\"><img decoding=\"async\" src=\"https:\/\/www.aa.com.tr\/uploads\/userFiles\/c9f1ae26-3cf3-4ab4-9d72-230dedd01a4c\/43739026-8ec2-4dfc-8437-058f928429e5.jpg\" alt=\"\"\/><\/figure>\n\n\n\n<h3 class=\"wp-block-heading\">S\u00f6zle\u015fmenin gelece\u011fi<\/h3>\n\n\n\n<p>&#8220;Bu tazminat talebi projenin gidi\u015fat\u0131n\u0131 etkiler mi? S\u00f6zle\u015fmenin iptali s\u00f6z konusu mu?&#8221; sorular\u0131na kar\u015f\u0131l\u0131k \u00d6z\u00fcner, \u015f\u00f6yle konu\u015ftu:<\/p>\n\n\n\n<p>&#8220;Uluslararas\u0131 savunma sanayi s\u00f6zle\u015fmelerinde &#8216;ara hedef de\u011ferlendirmeleri&#8217; s\u0131ras\u0131nda bu tarz geli\u015fmeler ya\u015fanabiliyor. D\u00fcnyada pek \u00e7ok \u00f6rne\u011fi de mevcuttur. Son geli\u015fmelerle ilgili olarak bir taraftan m\u00fc\u015fterimizle kar\u015f\u0131l\u0131kl\u0131 iyi niyet ve sorumluluk hissi \u00e7er\u00e7evesinde g\u00f6r\u00fc\u015fmelerimiz devam ederken, di\u011fer yandan da projeye olan oda\u011f\u0131m\u0131z t\u00fcm h\u0131z\u0131 ile devam etmektedir. S\u00f6zle\u015fmenin iptali s\u00f6z konusu de\u011fildir.&#8221;<\/p>\n\n\n\n<p>\u00d6z\u00fcner, &#8220;Romanya&#8217;da \u00fcretilecek olan kalan 781 arac\u0131n \u00fcretime ba\u015flamas\u0131 ve banttan ini\u015f takvimi netle\u015fti mi? Son durum projeyi nas\u0131l etkileyecek?&#8221; sorular\u0131 \u00fczerine, \u015fu de\u011ferlendirmelerde bulundu:<\/p>\n\n\n\n<p>&#8220;Halihaz\u0131rda Romanya&#8217;da \u00fcretim yapmaya haz\u0131r durumday\u0131z ve bu \u00e7er\u00e7evede faaliyetler devam ediyor. Zamanlama vermemiz \u015fu an i\u00e7in m\u00fcmk\u00fcn de\u011fil, ancak \u015funu \u00f6zellikle belirtmek isteriz, Romanya ordusuna ara\u00e7 tedarikinin \u00f6tesinde, Otokar bu projeye &#8216;Romanya&#8217;ya modern, NATO standartlar\u0131nda bir kara platformu tesisi kazand\u0131rmak amac\u0131yla&#8217; ba\u015flad\u0131 ve bu amac\u0131m\u0131z halen en kuvvetli \u015fekilde devam ediyor. Sa\u011fl\u0131kl\u0131 bir \u015fekilde savunma sanayi \u00fcretimi yap\u0131lmas\u0131 ve Romanya&#8217;dan ihracat yapabilecek ve NATO tedarik\u00e7isi olacak yetkinlikte bir tesisin \u00fclkeye kazand\u0131r\u0131lmas\u0131 i\u00e7in \u00e7al\u0131\u015fmalar\u0131m\u0131z b\u00fcy\u00fck bir hassasiyet ile s\u00fcr\u00fcyor. Romanya Savunma Bakanl\u0131\u011f\u0131&#8217;na bu taahh\u00fcd\u00fcm\u00fcz\u00fc yerine getirmek konusunda en ufak bir \u00e7ekincemiz yok. Baz\u0131 ara hedeflerin yerel sebeplerle gecikmesi projenin toplam zamanlamas\u0131n\u0131 ve hedefini etkilemeyecektir.&#8221;<\/p>\n\n\n\n<h3 class=\"wp-block-heading\">&#8220;\u00dclkedeki tesisimizin stratejik bir merkez haline gelmesini bekliyoruz&#8221;<\/h3>\n\n\n\n<p>&#8220;Bu tazminat talebinin di\u011fer projelerini etkileyip etkilemeyece\u011fi&#8221; sorusuna da Aykut \u00d6z\u00fcner, &#8220;G\u00fcncel durum zamanlama ve i\u015f plan\u0131ndaki ara hedeflere ili\u015fkindir. Teknik yeterlilik, kapasite ya da \u00fcretim kalitesi ile ilgili bir memnuniyetsizlik s\u00f6z konusu de\u011fildir. Teslim etti\u011fimiz ara\u00e7lar\u0131n kullan\u0131m\u0131na ba\u015fland\u0131. Kald\u0131 ki Otokar, NATO ve Birle\u015fmi\u015f Milletler operasyonlar\u0131 dahil 40\u2019tan fazla \u00fclkede 70\u2019ten fazla son kullan\u0131c\u0131ya ger\u00e7ekle\u015ftirdi\u011fi teslimatlar ile defalarca r\u00fc\u015ft\u00fcn\u00fc ispat etmi\u015f k\u00fcresel bir markad\u0131r. Romanya Savunma Bakanl\u0131\u011f\u0131&#8217;n\u0131n bizi tercih etmesinin temel sebebi de bu yetkinliklerimizdir. Bug\u00fcn itibari ile 194 arac\u0131m\u0131z\u0131n Romanya ordusu taraf\u0131ndan kullan\u0131m\u0131na ba\u015flanm\u0131\u015ft\u0131r. Benzer uygulamalar d\u00fcnyada pek \u00e7ok savunma projesinde g\u00f6r\u00fclebilmektedir. Di\u011fer projelerimizi etkilemesini beklemiyoruz.&#8221; yan\u0131t\u0131n\u0131 verdi.<\/p>\n\n\n\n<p>Romanya&#8217;da COBRA II ara\u00e7lar\u0131n\u0131n yerel \u00fcretiminin yap\u0131laca\u011f\u0131 fabrikan\u0131n \u00f6ncelikli m\u00fc\u015fterisinin Romanya Silahl\u0131 Kuvvetleri olaca\u011f\u0131n\u0131 vurgulayan \u00d6z\u00fcner, &#8220;Hedeflerimizden biri de ilerleyen d\u00f6nemlerde buradan SAFE program\u0131 kapsam\u0131nda b\u00f6lgeye ihracat yap\u0131lmas\u0131. Bu sebeple Romanya\u2019n\u0131n savunma sanayi hedefleri kapsam\u0131nda ve Otokar&#8217;\u0131n Avrupa\u2019da b\u00fcy\u00fcme hedefleri do\u011frultusunda, \u00fclkedeki tesisimizin stratejik bir merkez haline gelmesini bekliyoruz.&#8221; diye konu\u015ftu.<\/p>\n\n\n\n<h3 class=\"wp-block-heading\">&#8220;Uluslararas\u0131 pazarlarda pek \u00e7ok farkl\u0131 ihtiyac\u0131 takip ediyoruz&#8221;<\/h3>\n\n\n\n<p>&#8220;Romanya\u2019n\u0131n paletli z\u0131rhl\u0131 ara\u00e7 (ZMA) ihalesinde Otokar&#8217;\u0131n TULPAR modelinin \u015fans\u0131 ve COBRA II projesinin paletli ara\u00e7 konusunda nas\u0131l bir referans sa\u011flad\u0131\u011f\u0131?&#8221; sorusuna kar\u015f\u0131l\u0131k \u00d6z\u00fcner, \u015funlar\u0131 kaydetti:<\/p>\n\n\n\n<p>&#8220;Bildi\u011finiz gibi daha \u00f6nce 2017 y\u0131l\u0131nda Birle\u015fik Arap Emirlikleri\u2019nin (BAE) ihtiya\u00e7lar\u0131 do\u011frultusunda d\u00f6nemin en b\u00fcy\u00fck ve en \u00f6nemli 8&#215;8 taktik tekerlekli z\u0131rhl\u0131 ara\u00e7 s\u00f6zle\u015fmesini imzalad\u0131k ve teslimatlar\u0131 ba\u015far\u0131yla tamamlad\u0131k. \u0130lerleyen d\u00f6nemlerde Avrupal\u0131 rakiplerimizi geride b\u0131rakarak Estonya\u2019dan \u00e7ok kritik bir sipari\u015f ald\u0131k ve yine teslimatlar\u0131 ba\u015far\u0131yla tamamlad\u0131k. Romanya, Estonya, BAE gibi anla\u015fmalar bizim globaldeki ba\u015far\u0131lar\u0131m\u0131z\u0131n hem en g\u00fczel \u00f6rnekleri hem de en \u00f6nemli referanslar\u0131 oldu. Farkl\u0131 co\u011frafyalarda \u00f6nemli g\u00f6revler \u00fcstleniyoruz ve elde etti\u011fimiz ba\u015far\u0131lardan gurur duyuyoruz. \u00d6zellikle Avrupa\u2019daki ba\u015far\u0131lar\u0131m\u0131z geli\u015fmekte olan \u00fclkelerde de ses getiriyor. Uluslararas\u0131 pazarlarda pek \u00e7ok farkl\u0131 ihtiyac\u0131 takip ediyoruz. Romanya&#8217;n\u0131n paletli ihalesi, bunlardan sadece biri\u2026 Hen\u00fcz yay\u0131nlanm\u0131\u015f bir ihale i\u00e7eri\u011fi yok. Somut geli\u015fmeler olduk\u00e7a tabii ki kamuoyu ile payla\u015faca\u011f\u0131z. Gelecek d\u00f6nemde daha farkl\u0131 i\u015flere imza atmay\u0131 ve global pazarlarda b\u00fcy\u00fcmeyi hedefliyoruz.&#8221;<\/p>\n\n\n\n<h3 class=\"wp-block-heading\">&#8220;Farkl\u0131 \u00fclkelerdeki yap\u0131land\u0131rmalar\u0131m\u0131z\u0131 da kuvvetlendiriyoruz&#8221;<\/h3>\n\n\n\n<p>COBRA II&#8217;ye y\u00f6nelik proje ile Romanya\u2019da \u00fcretim teknolojileri ve m\u00fchendislik kabiliyet geli\u015fimine b\u00fcy\u00fck katk\u0131 sa\u011flad\u0131klar\u0131n\u0131 dile getiren \u00d6z\u00fcner, &#8220;\u00c7ok boyutlu ve kapsaml\u0131 bir teknoloji transferi s\u00f6z konusu. COBRA II ara\u00e7lar\u0131n\u0131n Romanya\u2019daki \u00fcretimi, kaynaktan kesime, boyadan montaja kadar t\u00fcm a\u015famalar\u0131 kapsayacak. T\u00fcm bunlar\u0131n yan\u0131nda \u00fclkeye test kabiliyetleri de kazand\u0131r\u0131lacak.&#8221; dedi.<\/p>\n\n\n\n<p>Otokar&#8217;\u0131n &#8220;T\u00fcrkiye&#8217;de \u00fcret, d\u00fcnyaya sat&#8221; modelinden &#8220;yerelde \u00fcret, d\u00fcnyaya sat&#8221; modeline ge\u00e7i\u015fine ili\u015fkin de\u011ferlendirmeler yapan Aykut \u00d6z\u00fcner, ulusal g\u00fcvenlik ve ekonomik kalk\u0131nma a\u00e7\u0131s\u0131ndan savunma sanayinde yerli \u00fcretim kabiliyetlerine ve teknolojiye sahip olman\u0131n \u00f6neminin son d\u00f6nemde t\u00fcm co\u011frafyalarda daha fazla vurgulanmaya ba\u015fland\u0131\u011f\u0131n\u0131 belirtti.<\/p>\n\n\n\n<p>\u00d6z\u00fcner, &#8220;Otokar olarak g\u00f6zlemledi\u011fimiz bu ihtiyaca cevap verebilecek \u015fekilde, yerel i\u015f birlikleri, ortak \u00fcr\u00fcn geli\u015ftirme ve yerel \u00fcretim modelini benimsiyor, k\u00fcresel pazarlarda dost ve m\u00fcttefik \u00fclkeler i\u00e7in g\u00fc\u00e7l\u00fc bir i\u015f orta\u011f\u0131 olmay\u0131 hedefliyoruz. Uzun s\u00fcredir bu stratejilerimiz aras\u0131nda yer alan bir konu. Bu do\u011frultuda farkl\u0131 \u00fclkelerdeki yap\u0131land\u0131rmalar\u0131m\u0131z\u0131 da kuvvetlendiriyoruz. Bug\u00fcn BAE&#8217;de, Romanya&#8217;da, Kazakistan&#8217;da var olan i\u015ftirak \u015firketlerimiz bu hedefimizin en somut g\u00f6stergeleri.&#8221; diye konu\u015ftu.<\/p>\n\n\n\n<p>Kaynak: AA<\/p>\n","protected":false},"excerpt":{"rendered":"<p>Otokar Genel M\u00fcd\u00fcr\u00fc Aykut \u00d6z\u00fcner, T\u00fcrk savunma sanayisinin COBRA II ile Romanya&#8217;ya y\u00f6nelik y\u00fcr\u00fctt\u00fc\u011f\u00fc &#8220;tek kalemde en b\u00fcy\u00fck z\u0131rhl\u0131 kara arac\u0131 ihracat s\u00f6zle\u015fmesinde&#8221; hedeflerin gecikmesinin projenin zamanlamas\u0131n\u0131 ve hedefini etkilemeyece\u011fini bildirdi. Otokar, Romanya Milli Savunma Bakanl\u0131\u011f\u0131&#8217;n\u0131n \u015firketi C.N. Romtehnica S.A&#8217;n\u0131n (Romtehnica) a\u00e7t\u0131\u011f\u0131 ve 857 milyon avro b\u00fcy\u00fckl\u00fc\u011f\u00fcndeki 4&#215;4 Taktik Tekerlekli Hafif Z\u0131rhl\u0131 Ara\u00e7 Al\u0131m\u0131 \u0130halesi [&hellip;]<\/p>\n","protected":false},"author":1,"featured_media":8813,"comment_status":"open","ping_status":"open","sticky":false,"template":"","format":"standard","meta":{"footnotes":""},"categories":[15],"tags":[3553,3555,3557,2411,3556,3554],"class_list":["post-8812","post","type-post","status-publish","format-standard","has-post-thumbnail","hentry","category-teknoloji","tag-aykut-ozuner","tag-cobra-ii","tag-hafif-zirhli-arac","tag-romanya","tag-romtehnica","tag-turk-savunma-sanayi"],"_links":{"self":[{"href":"https:\/\/www.trabzonmanset.com\/index.php\/wp-json\/wp\/v2\/posts\/8812","targetHints":{"allow":["GET"]}}],"collection":[{"href":"https:\/\/www.trabzonmanset.com\/index.php\/wp-json\/wp\/v2\/posts"}],"about":[{"href":"https:\/\/www.trabzonmanset.com\/index.php\/wp-json\/wp\/v2\/types\/post"}],"author":[{"embeddable":true,"href":"https:\/\/www.trabzonmanset.com\/index.php\/wp-json\/wp\/v2\/users\/1"}],"replies":[{"embeddable":true,"href":"https:\/\/www.trabzonmanset.com\/index.php\/wp-json\/wp\/v2\/comments?post=8812"}],"version-history":[{"count":1,"href":"https:\/\/www.trabzonmanset.com\/index.php\/wp-json\/wp\/v2\/posts\/8812\/revisions"}],"predecessor-version":[{"id":8814,"href":"https:\/\/www.trabzonmanset.com\/index.php\/wp-json\/wp\/v2\/posts\/8812\/revisions\/8814"}],"wp:featuredmedia":[{"embeddable":true,"href":"https:\/\/www.trabzonmanset.com\/index.php\/wp-json\/wp\/v2\/media\/8813"}],"wp:attachment":[{"href":"https:\/\/www.trabzonmanset.com\/index.php\/wp-json\/wp\/v2\/media?parent=8812"}],"wp:term":[{"taxonomy":"category","embeddable":true,"href":"https:\/\/www.trabzonmanset.com\/index.php\/wp-json\/wp\/v2\/categories?post=8812"},{"taxonomy":"post_tag","embeddable":true,"href":"https:\/\/www.trabzonmanset.com\/index.php\/wp-json\/wp\/v2\/tags?post=8812"}],"curies":[{"name":"wp","href":"https:\/\/api.w.org\/{rel}","templated":true}]}}