{"id":8753,"date":"2026-01-15T21:24:05","date_gmt":"2026-01-15T18:24:05","guid":{"rendered":"https:\/\/www.trabzonmanset.com\/?p=8753"},"modified":"2026-01-15T21:24:06","modified_gmt":"2026-01-15T18:24:06","slug":"adanada-2-cocugunu-tabancayla-olduren-baba-intihar-etti","status":"publish","type":"post","link":"https:\/\/www.trabzonmanset.com\/index.php\/2026\/01\/15\/adanada-2-cocugunu-tabancayla-olduren-baba-intihar-etti\/","title":{"rendered":"Adana&#8217;da 2 \u00e7ocu\u011funu tabancayla \u00f6ld\u00fcren baba intihar etti"},"content":{"rendered":"\n<p>Adana&#8217;n\u0131n Sar\u0131\u00e7am il\u00e7esinde 34 ya\u015f\u0131ndaki Sergen Altunba\u015f, tart\u0131\u015fma sonras\u0131 evi terk eden e\u015finin geri d\u00f6nmemesi \u00fczerine 8 ve 6 ya\u015f\u0131ndaki \u00e7ocuklar\u0131n\u0131 tabancayla \u00f6ld\u00fcrd\u00fc. Altunba\u015f ard\u0131ndan intihar ederken yak\u0131nlar\u0131 arac\u0131n\u0131 ate\u015fe verdi.<\/p>\n\n\n\n<p><strong>Adana<\/strong>&#8216;n\u0131n merkez Sar\u0131\u00e7am il\u00e7esinde 2 \u00e7ocu\u011funu tabancayla \u00f6ld\u00fcren baba intihar etti.<\/p>\n\n\n\n<h3 class=\"wp-block-heading\">\u00c7OCUKLARINI S\u0130LAHLA VURARAK \u00d6LD\u00dcRD\u00dc<\/h3>\n\n\n\n<p>Boynuyo\u011fun Mahallesi&#8217;ndeki villada, e\u015finin \u00f6nceki g\u00fcnlerde ya\u015fanan tart\u0131\u015fma sonucu evi terk etti\u011fi \u00f6\u011frenilen Sergen Altunba\u015f (34) \u00e7ocuklar\u0131 Ada (8) ve Mert&#8217;e (6) tabancayla ate\u015f etti.<\/p>\n\n\n\n<figure class=\"wp-block-image\"><img decoding=\"async\" src=\"https:\/\/foto.haberler.com\/crop\/640x845\/haber\/2026\/01\/15\/adana-da-2-cocugunu-tabancayla-olduren-baba-19467603_963_m.jpg\" alt=\"Adana'da 2 \u00e7ocu\u011funu tabancayla \u00f6ld\u00fcren baba intihar etti\"\/><\/figure>\n\n\n\n<h3 class=\"wp-block-heading\">\u0130NT\u0130HAR ETT\u0130<\/h3>\n\n\n\n<p>Sergen Altunba\u015f, daha sonra ayn\u0131 silahla intihar etti. \u0130hbar \u00fczerine olay yerine gelen polis ve sa\u011fl\u0131k ekipleri, evde Altunba\u015f ve \u00e7ocuklar\u0131n\u0131n cans\u0131z bedenlerini buldu. Olay\u0131n ard\u0131ndan b\u00f6lgeye gelen yak\u0131nlar\u0131 Altunba\u015f&#8217;\u0131n bah\u00e7ede park halinde bulunan arac\u0131n\u0131 ate\u015fe verdi.<\/p>\n\n\n\n<figure class=\"wp-block-image\"><img decoding=\"async\" src=\"https:\/\/foto.haberler.com\/crop\/640x360\/haber\/2026\/01\/15\/adana-da-2-cocugunu-tabancayla-olduren-baba-19467603_7957_m.jpg\" alt=\"Adana'da 2 \u00e7ocu\u011funu tabancayla \u00f6ld\u00fcren baba intihar etti\"\/><\/figure>\n\n\n\n<p>Kaynak: AA<\/p>\n","protected":false},"excerpt":{"rendered":"<p>Adana&#8217;n\u0131n Sar\u0131\u00e7am il\u00e7esinde 34 ya\u015f\u0131ndaki Sergen Altunba\u015f, tart\u0131\u015fma sonras\u0131 evi terk eden e\u015finin geri d\u00f6nmemesi \u00fczerine 8 ve 6 ya\u015f\u0131ndaki \u00e7ocuklar\u0131n\u0131 tabancayla \u00f6ld\u00fcrd\u00fc. Altunba\u015f ard\u0131ndan intihar ederken yak\u0131nlar\u0131 arac\u0131n\u0131 ate\u015fe verdi. Adana&#8216;n\u0131n merkez Sar\u0131\u00e7am il\u00e7esinde 2 \u00e7ocu\u011funu tabancayla \u00f6ld\u00fcren baba intihar etti. \u00c7OCUKLARINI S\u0130LAHLA VURARAK \u00d6LD\u00dcRD\u00dc Boynuyo\u011fun Mahallesi&#8217;ndeki villada, e\u015finin \u00f6nceki g\u00fcnlerde ya\u015fanan tart\u0131\u015fma sonucu [&hellip;]<\/p>\n","protected":false},"author":1,"featured_media":8754,"comment_status":"open","ping_status":"open","sticky":false,"template":"","format":"standard","meta":{"footnotes":""},"categories":[1371,1],"tags":[573,3521],"class_list":["post-8753","post","type-post","status-publish","format-standard","has-post-thumbnail","hentry","category-asayis","category-gundem","tag-adana","tag-sergen-altunbas"],"_links":{"self":[{"href":"https:\/\/www.trabzonmanset.com\/index.php\/wp-json\/wp\/v2\/posts\/8753","targetHints":{"allow":["GET"]}}],"collection":[{"href":"https:\/\/www.trabzonmanset.com\/index.php\/wp-json\/wp\/v2\/posts"}],"about":[{"href":"https:\/\/www.trabzonmanset.com\/index.php\/wp-json\/wp\/v2\/types\/post"}],"author":[{"embeddable":true,"href":"https:\/\/www.trabzonmanset.com\/index.php\/wp-json\/wp\/v2\/users\/1"}],"replies":[{"embeddable":true,"href":"https:\/\/www.trabzonmanset.com\/index.php\/wp-json\/wp\/v2\/comments?post=8753"}],"version-history":[{"count":1,"href":"https:\/\/www.trabzonmanset.com\/index.php\/wp-json\/wp\/v2\/posts\/8753\/revisions"}],"predecessor-version":[{"id":8755,"href":"https:\/\/www.trabzonmanset.com\/index.php\/wp-json\/wp\/v2\/posts\/8753\/revisions\/8755"}],"wp:featuredmedia":[{"embeddable":true,"href":"https:\/\/www.trabzonmanset.com\/index.php\/wp-json\/wp\/v2\/media\/8754"}],"wp:attachment":[{"href":"https:\/\/www.trabzonmanset.com\/index.php\/wp-json\/wp\/v2\/media?parent=8753"}],"wp:term":[{"taxonomy":"category","embeddable":true,"href":"https:\/\/www.trabzonmanset.com\/index.php\/wp-json\/wp\/v2\/categories?post=8753"},{"taxonomy":"post_tag","embeddable":true,"href":"https:\/\/www.trabzonmanset.com\/index.php\/wp-json\/wp\/v2\/tags?post=8753"}],"curies":[{"name":"wp","href":"https:\/\/api.w.org\/{rel}","templated":true}]}}