{"id":8744,"date":"2026-01-15T17:15:00","date_gmt":"2026-01-15T14:15:00","guid":{"rendered":"https:\/\/www.trabzonmanset.com\/?p=8744"},"modified":"2026-01-15T20:32:17","modified_gmt":"2026-01-15T17:32:17","slug":"voleybolcu-derya-cayirgan-adli-kontrolle-serbest","status":"publish","type":"post","link":"https:\/\/www.trabzonmanset.com\/index.php\/2026\/01\/15\/voleybolcu-derya-cayirgan-adli-kontrolle-serbest\/","title":{"rendered":"Voleybolcu Derya \u00c7ay\u0131rgan adli kontrolle serbest"},"content":{"rendered":"\n<p>\u0130stanbul B\u00fcy\u00fck\u015fehir Belediyesi&#8217;ne y\u00f6nelik yolsuzluk iddias\u0131na ili\u015fkin y\u00fcr\u00fct\u00fclen soru\u015fturma kapsam\u0131nda voleybolcu Derya \u00c7ay\u0131rgan hakk\u0131nda \u00e7\u0131kar\u0131ld\u0131\u011f\u0131 n\u00f6bet\u00e7i hakimlik\u00e7e &#8216;konutu terk etmemek&#8217; ve &#8216;yurt d\u0131\u015f\u0131na \u00e7\u0131k\u0131\u015f yasa\u011f\u0131&#8217; \u015feklinde adli kontrol tedbiri uygulanmas\u0131na karar verildi.<\/p>\n\n\n\n<ul class=\"wp-block-list\">\n<li>Voleybolcu Derya \u00c7ay\u0131rgan, \u0130BB soru\u015fturmas\u0131 kapsam\u0131nda g\u00f6zalt\u0131na al\u0131nd\u0131ktan sonra adli kontrol \u015fart\u0131yla serbest kald\u0131.<\/li>\n\n\n\n<li>Derya \u00c7ay\u0131rgan, 2022-2023 y\u0131llar\u0131nda \u0130stanbul B\u00fcy\u00fck\u015fehir Belediye Ba\u015fkan\u0131 Ekrem \u0130mamo\u011flu&#8217;nu Florya&#8217;daki \u0130PA tesisinde ziyaret etti\u011fini ifade etti.<\/li>\n\n\n\n<li>Derya \u00c7ay\u0131rgan, MASAK raporunda belirtilen 50 bin euroyu kendi birikimlerinden elden ald\u0131\u011f\u0131n\u0131 ve ev almak i\u00e7in kulland\u0131\u011f\u0131n\u0131 a\u00e7\u0131klad\u0131.<\/li>\n<\/ul>\n\n\n\n<p>\u0130BB soru\u015fturmas\u0131nda g\u00f6zalt\u0131na al\u0131nan voleybolcu Derya \u00c7ay\u0131rgan adli kontrolle serbest b\u0131rak\u0131ld\u0131.<\/p>\n\n\n\n<h3 class=\"wp-block-heading\">DERYA \u00c7AYIRGAN ADL\u0130 KONTROLLE SERBEST KALDI<\/h3>\n\n\n\n<p>\u0130stanbul Cumhuriyet Ba\u015fsavc\u0131l\u0131\u011f\u0131nca y\u00fcr\u00fct\u00fclen \u0130BB soru\u015fturmas\u0131 kapsam\u0131nda g\u00f6zalt\u0131na al\u0131nan voleybolcu Derya \u00c7ay\u0131rgan, \u0130stanbul Adalet Saray\u0131&#8217;na getirildi. Savc\u0131l\u0131kta ifadesi al\u0131nan \u00c7ay\u0131rgan, konutu terk etmemek ve yurt d\u0131\u015f\u0131na \u00e7\u0131kamama \u015feklindeki adli kontrol istemiyle n\u00f6bet\u00e7i sulh ceza hakimli\u011fine sevk edildi. \u00c7ay\u0131rgan \u00e7\u0131kar\u0131ld\u0131\u011f\u0131 mahkemece adli kontrol \u015fart\u0131yla serbest kald\u0131.<\/p>\n\n\n\n<h3 class=\"wp-block-heading\">&#8220;FLORYA&#8217;DA BULUNAN \u0130PA TES\u0130S\u0130NDE KEND\u0130S\u0130N\u0130 Z\u0130YARET ETT\u0130M&#8221;<\/h3>\n\n\n\n<p>Derya \u00c7ay\u0131rgan&#8217;\u0131n savc\u0131l\u0131k ifadesi ortaya \u00e7\u0131kt\u0131. \u00c7ay\u0131rgan ifadesinde \u015funlar\u0131 s\u00f6yledi: &#8220;Ekrem \u0130mamo\u011flu ile 2020 ya da 2021 y\u0131l\u0131nda (pandemi zaman\u0131nda) Taksim&#8217;de y\u00fcr\u00fcrken kar\u015f\u0131la\u015ft\u0131m. Kendisine &#8216;Merhaba ba\u015fkan\u0131m, nas\u0131ls\u0131n\u0131z&#8217; \u015feklinde soru sordum. Milli voleybolcu oldu\u011fumu, Galatasaray&#8217;da oynad\u0131\u011f\u0131m\u0131 s\u00f6yledim. Kalabal\u0131kta sohbet ettik, kendisini makam\u0131nda ziyaret etmek istedi\u011fimi s\u00f6yledim. Yan\u0131ndaki isimlerden birisi telefon numaras\u0131 verdi. &#8216;Gelmek istedi\u011finiz zaman buradan aray\u0131n&#8217; dedi. 2022-2023 y\u0131llar\u0131nda ziyaret etmek i\u00e7in arad\u0131m.<\/p>\n\n\n\n<p>Bana verilen randevu tarihinde Florya&#8217;da bulunan \u0130PA tesisinde kendisini ziyaret ettim. 2023 y\u0131l\u0131nda Bah\u00e7elievler&#8217;de evim y\u0131k\u0131ld\u0131. O d\u00f6nem Bah\u00e7elievler il\u00e7e ba\u015fkan\u0131 olan ve ayn\u0131 zamanda arkada\u015f\u0131m olan \u00d6zg\u00fcr \u00c7elik&#8217;ten ma\u011fduriyetimizden kaynakl\u0131 yard\u0131m istedik. Benim ailemi ve binada ya\u015fayan kom\u015fular\u0131 otele g\u00f6nderdi. Bir s\u00fcre sonra ailemi \u0130BB tesislerine yerle\u015ftirdiler.<\/p>\n\n\n\n<p>Ben Ankara&#8217;da PTT&#8217;de oynad\u0131\u011f\u0131m i\u00e7in bir s\u00fcre sonra \u0130stanbul&#8217;a geri d\u00f6nd\u00fcm. Ben de ailemle birlikte 3,5 ay burada kald\u0131m. Burada kald\u0131\u011f\u0131m s\u00fcre i\u00e7erisinde s\u00fcrekli ev arad\u0131m. Bu s\u00fcre i\u00e7erisinde Ekrem \u0130mamo\u011flu&#8217;nun \u015fahsi telefon numaras\u0131n\u0131 bularak kendisini arad\u0131m. Kendisi ba\u015fta telefonu a\u00e7mad\u0131, sonra bana d\u00f6n\u00fc\u015f yapt\u0131. Kendisine te\u015fekk\u00fcr ettim.&#8221;<\/p>\n\n\n\n<h3 class=\"wp-block-heading\">&#8220;EKREM BEY BANA B\u0130R \u015eEYE \u0130HT\u0130YACIM OLDU\u011eUNDA ARAYAB\u0130LECE\u011e\u0130M\u0130 S\u00d6YLED\u0130&#8221;<\/h3>\n\n\n\n<p>\u00c7ay\u0131rgan ifadesinin devam\u0131nda \u015fu ifadeleri kulland\u0131: &#8220;Bu s\u00fcrede kendisini ziyaret ettim, sporla ilgili konu\u015ftuk. Kendisi bana &#8216;\u0130BB&#8217;de oynamak ister misin?&#8217; diye sordu. Ben de alt ligde olduklar\u0131 i\u00e7in oynayamayaca\u011f\u0131m\u0131, bir \u00fcst lige \u00e7\u0131karsa oynayabilece\u011fimi s\u00f6yledim. Kendisi bana kariyerim sona erdikten sonra ne yapaca\u011f\u0131m\u0131 sordu, ben herhangi bir planlama yapmad\u0131\u011f\u0131m\u0131 s\u00f6yledim. Kendisi voleybolu b\u0131rakt\u0131ktan sonra \u0130BB&#8217;nin <a href=\"https:\/\/www.haberler.com\/spor\/\"><strong>spor<\/strong><\/a> y\u00f6netiminde \u00e7al\u0131\u015fmak isteyip istemedi\u011fimi sordu, ben de voleybolu b\u0131rakt\u0131ktan sonra neden olmas\u0131n dedim. Buradan \u00e7\u0131karken sa\u011f kolu olarak Mustafa Ak\u0131n ile tan\u0131\u015ft\u0131rd\u0131lar.<\/p>\n\n\n\n<p>Ben de kendisiyle tan\u0131\u015ft\u0131\u011f\u0131ma memnun oldu\u011fumu s\u00f6yledim. Ekrem Bey bana bir \u015feye ihtiyac\u0131m oldu\u011funda arayabilece\u011fimi s\u00f6yledi. 2023 y\u0131l\u0131n\u0131n sonuna do\u011fru ben Antalya&#8217;ya transfer oldum. Antalya&#8217;da oynad\u0131\u011f\u0131m s\u00fcre i\u00e7erisinde Ekrem \u0130mamo\u011flu ile y\u00fcz y\u00fcze hi\u00e7 g\u00f6r\u00fc\u015fmedim. Telefonla aramalar\u0131m oldu ancak kendisi telefonlar\u0131 a\u00e7mad\u0131. 2023 y\u0131l\u0131nda PTT&#8217;ye transfer olduktan sonras\u0131nda Ekrem \u0130mamo\u011flu Ankara&#8217;ya geldi\u011finde 3 ya da 4 kere kendisi Mariot Hotel&#8217;de kald\u0131\u011f\u0131 i\u00e7in ziyaret ettim.<\/p>\n\n\n\n<p>Bana sormu\u015f oldu\u011funuz Fatih Kele\u015f, Tuncay Y\u0131lmaz, Murat G\u00fclibrahimo\u011flu isimli \u015fah\u0131slar\u0131 tan\u0131mam. Mustafa Ak\u0131n isimli \u015fahs\u0131 ifademin ba\u015f\u0131nda belirtti\u011fim \u00fczere Ekrem \u0130mamo\u011flu&#8217;nu ziyaret etti\u011fim esnada kendisine ula\u015famad\u0131\u011f\u0131mda Mustafa Ak\u0131n ile ileti\u015fim kurmam s\u00f6ylenmesi vesilesiyle tan\u0131\u015ft\u0131m. \u0130fademde Ekrem \u0130mamo\u011flu&#8217;nu aray\u0131p ula\u015famad\u0131\u011f\u0131mda Mustafa Ak\u0131n&#8217;\u0131 arad\u0131\u011f\u0131m\u0131 belirttim. Mustafa Ak\u0131n ile bunun d\u0131\u015f\u0131nda ba\u015fka bir irtibat\u0131m olmam\u0131\u015ft\u0131r. Ekrem \u0130mamo\u011flu&#8217;na ula\u015famad\u0131\u011f\u0131m zaman kendisini arad\u0131m.&#8221;<\/p>\n\n\n\n<h3 class=\"wp-block-heading\">&#8220;S\u00d6Z KONUSU PARA BAHSETT\u0130\u011e\u0130M G\u0130B\u0130 BEN\u0130M KEND\u0130 PARAMDIR&#8221;<\/h3>\n\n\n\n<p>\u00c7ay\u0131rgan MASAK raporu hakk\u0131nda ise \u015funlar\u0131 s\u00f6yledi: &#8220;Bana sormu\u015f oldu\u011funuz MASAK incelemeleri neticesindeki tespitleriniz kendi birikimlerimi d\u00f6vize \u00e7evirip bankaya yat\u0131rmamdan kaynakl\u0131d\u0131r. 2021 y\u0131l\u0131ndan \u00f6nce kazand\u0131\u011f\u0131m paralar\u0131 bankaya yat\u0131rmazken, 2021&#8217;den sonras\u0131nda biriktirdi\u011fim paralar\u0131n bir k\u0131sm\u0131n\u0131 d\u00f6vize \u00e7evirerek banka hesab\u0131ma yat\u0131rd\u0131m. Bankada farkl\u0131 \u015fekillerde bu paralar\u0131 de\u011ferlendirdim. MASAK raporlar\u0131nda bu g\u00f6z\u00fckecektir. 16 Haziran 2023 tarihinde hesab\u0131ma elden yat\u0131rd\u0131\u011f\u0131m 50 bin euro da bu birikimlerden kaynakl\u0131d\u0131r.<\/p>\n\n\n\n<p>15 Haziran 2023 tarihinde Kamero\u011flu \u0130n\u015faat&#8217;a 20 bin lira, 16 Haziran 2023 tarihinde 32 bin dolar ve 62 bin 570 lira ev almak i\u00e7in para g\u00f6nderdim. 62 bin 570 liran\u0131n a\u00e7\u0131klamas\u0131na &#8216;kazan\u0131yoruz&#8217; \u015feklinde a\u00e7\u0131klama tamamen voleybol milli tak\u0131m s\u00fcreci ile ilgilidir, sevin\u00e7 ibaresiydi. Ba\u015fka herhangi bir maksad\u0131m yoktu. Evi sat\u0131n almak amac\u0131yla Adem Kamero\u011flu ile indirim yapmas\u0131 i\u00e7in 3 kere g\u00f6r\u00fc\u015ft\u00fcm. Anla\u015ft\u0131\u011f\u0131m\u0131z fiyat \u00fczerinden o d\u00f6nemin paras\u0131yla toplam 4 milyon 100 bin liraya bu evi ald\u0131m. 19 Haziran 2023 tarihinde tapuyu devrald\u0131m. Hesab\u0131ma yat\u0131rm\u0131\u015f oldu\u011fum 50 bin euroyu bu evi almak i\u00e7in yat\u0131rd\u0131m.<\/p>\n\n\n\n<p>S\u00f6z konusu para bahsetti\u011fim gibi benim kendi paramd\u0131r. Bana ba\u015fkalar\u0131 taraf\u0131ndan verilmi\u015f bir para de\u011fildir. Belirtti\u011fim \u00fczere bu 50 bin euro benim birikimlerimdir. Dedi\u011fim gibi \u00fczerinden vakit ge\u00e7ti\u011fi i\u00e7in yapm\u0131\u015f oldu\u011fum i\u015flemdeki detaylar\u0131 hat\u0131rlam\u0131yorum. Neden euro g\u00f6ndermedi\u011fimi ve dolar ve lira cinsinden ba\u015fka paralar g\u00f6nderdi\u011fim hakk\u0131nda bir a\u00e7\u0131klamam yoktur. Ben bana sormu\u015f oldu\u011funuz sorulara a\u00e7\u0131k\u00e7a yan\u0131t verdim. S\u00f6z konusu 50 bin euroyu tam olarak nereden ald\u0131\u011f\u0131m\u0131 hat\u0131rlamamakla beraber ailemle beraber birikimimizden o d\u00f6nem oynad\u0131\u011f\u0131m kul\u00fcpten elden alm\u0131\u015f oldu\u011fum para olabilir. \u00dczerime at\u0131l\u0131 su\u00e7lamay\u0131 kabul etmiyorum&#8221; dedi.<\/p>\n","protected":false},"excerpt":{"rendered":"<p>\u0130stanbul B\u00fcy\u00fck\u015fehir Belediyesi&#8217;ne y\u00f6nelik yolsuzluk iddias\u0131na ili\u015fkin y\u00fcr\u00fct\u00fclen soru\u015fturma kapsam\u0131nda voleybolcu Derya \u00c7ay\u0131rgan hakk\u0131nda \u00e7\u0131kar\u0131ld\u0131\u011f\u0131 n\u00f6bet\u00e7i hakimlik\u00e7e &#8216;konutu terk etmemek&#8217; ve &#8216;yurt d\u0131\u015f\u0131na \u00e7\u0131k\u0131\u015f yasa\u011f\u0131&#8217; \u015feklinde adli kontrol tedbiri uygulanmas\u0131na karar verildi. \u0130BB soru\u015fturmas\u0131nda g\u00f6zalt\u0131na al\u0131nan voleybolcu Derya \u00c7ay\u0131rgan adli kontrolle serbest b\u0131rak\u0131ld\u0131. DERYA \u00c7AYIRGAN ADL\u0130 KONTROLLE SERBEST KALDI \u0130stanbul Cumhuriyet Ba\u015fsavc\u0131l\u0131\u011f\u0131nca y\u00fcr\u00fct\u00fclen \u0130BB soru\u015fturmas\u0131 [&hellip;]<\/p>\n","protected":false},"author":1,"featured_media":8745,"comment_status":"open","ping_status":"open","sticky":false,"template":"","format":"standard","meta":{"footnotes":""},"categories":[1371,1],"tags":[3517,1794,3518,3516],"class_list":["post-8744","post","type-post","status-publish","format-standard","has-post-thumbnail","hentry","category-asayis","category-gundem","tag-derya-cayirgan","tag-ekrem-imamoglu","tag-ibb-sorusturmasi","tag-voleybolcu"],"_links":{"self":[{"href":"https:\/\/www.trabzonmanset.com\/index.php\/wp-json\/wp\/v2\/posts\/8744","targetHints":{"allow":["GET"]}}],"collection":[{"href":"https:\/\/www.trabzonmanset.com\/index.php\/wp-json\/wp\/v2\/posts"}],"about":[{"href":"https:\/\/www.trabzonmanset.com\/index.php\/wp-json\/wp\/v2\/types\/post"}],"author":[{"embeddable":true,"href":"https:\/\/www.trabzonmanset.com\/index.php\/wp-json\/wp\/v2\/users\/1"}],"replies":[{"embeddable":true,"href":"https:\/\/www.trabzonmanset.com\/index.php\/wp-json\/wp\/v2\/comments?post=8744"}],"version-history":[{"count":1,"href":"https:\/\/www.trabzonmanset.com\/index.php\/wp-json\/wp\/v2\/posts\/8744\/revisions"}],"predecessor-version":[{"id":8746,"href":"https:\/\/www.trabzonmanset.com\/index.php\/wp-json\/wp\/v2\/posts\/8744\/revisions\/8746"}],"wp:featuredmedia":[{"embeddable":true,"href":"https:\/\/www.trabzonmanset.com\/index.php\/wp-json\/wp\/v2\/media\/8745"}],"wp:attachment":[{"href":"https:\/\/www.trabzonmanset.com\/index.php\/wp-json\/wp\/v2\/media?parent=8744"}],"wp:term":[{"taxonomy":"category","embeddable":true,"href":"https:\/\/www.trabzonmanset.com\/index.php\/wp-json\/wp\/v2\/categories?post=8744"},{"taxonomy":"post_tag","embeddable":true,"href":"https:\/\/www.trabzonmanset.com\/index.php\/wp-json\/wp\/v2\/tags?post=8744"}],"curies":[{"name":"wp","href":"https:\/\/api.w.org\/{rel}","templated":true}]}}