{"id":8723,"date":"2026-01-14T21:40:00","date_gmt":"2026-01-14T18:40:00","guid":{"rendered":"https:\/\/www.trabzonmanset.com\/?p=8723"},"modified":"2026-01-14T22:22:47","modified_gmt":"2026-01-14T19:22:47","slug":"yasak-ask-iddiasinda-adi-gecen-voleybolcu-telefonunuzdaki-en-unlu-kim-sorusuna-imamoglu-yanitini-vermis","status":"publish","type":"post","link":"https:\/\/www.trabzonmanset.com\/index.php\/2026\/01\/14\/yasak-ask-iddiasinda-adi-gecen-voleybolcu-telefonunuzdaki-en-unlu-kim-sorusuna-imamoglu-yanitini-vermis\/","title":{"rendered":"Yasak a\u015fk iddias\u0131nda ad\u0131 ge\u00e7en voleybolcu, &#8220;Telefonunuzdaki en \u00fcnl\u00fc kim?&#8221; sorusuna \u0130mamo\u011flu yan\u0131t\u0131n\u0131 vermi\u015f"},"content":{"rendered":"\n<p>\u0130stanbul&#8217;da y\u00fcr\u00fct\u00fclen uyu\u015fturucu soru\u015fturmas\u0131 kapsam\u0131nda tutuklanan sosyal medya \u00fcnl\u00fcs\u00fc Rabia Karaca&#8217;n\u0131n, &#8220;Voleybolcu D.\u00c7., Ekrem \u0130mamo\u011flu&#8217;nun sevgilisiydi.&#8221; \u015feklindeki ifadesinin yank\u0131lar\u0131 s\u00fcrerken, s\u00f6z konusu voleybolcunun ge\u00e7mi\u015fteki bir r\u00f6portaj\u0131nda, &#8220;Telefonunuzdaki en \u00fcnl\u00fc ismin numaras\u0131 kim?&#8221; sorusuna, &#8220;Ekrem \u0130mamo\u011flu&#8221; yan\u0131t\u0131n\u0131 verdi\u011fi g\u00f6r\u00fcld\u00fc.<\/p>\n\n\n\n<ul class=\"wp-block-list\">\n<li>Rabia Karaca, voleybolcu D.\u00c7.&#8217;nin Ekrem \u0130mamo\u011flu&#8217;nun sevgilisi oldu\u011funu ifade etti.<\/li>\n\n\n\n<li>Voleybolcu D.\u00c7., bir r\u00f6portajda telefonundaki en \u00fcnl\u00fc isim sorusuna &#8216;Ekrem \u0130mamo\u011flu&#8217; yan\u0131t\u0131n\u0131 verdi.<\/li>\n<\/ul>\n\n\n\n<p><strong>\u0130stanbul<\/strong> Cumhuriyet Ba\u015fsavc\u0131l\u0131\u011f\u0131 taraf\u0131ndan \u00fcnl\u00fc isimlere y\u00f6nelik y\u00fcr\u00fct\u00fclen &#8216;uyu\u015fturucu&#8217; soru\u015fturmas\u0131 s\u00fcr\u00fcyor. Soru\u015fturma kapsam\u0131nda sevk edildi\u011fi adli makamlar taraf\u0131ndan tutuklanan sosyal medya \u00fcnl\u00fcs\u00fc Rabia Karaca&#8217;n\u0131n ifadesi ortaya \u00e7\u0131kt\u0131.<\/p>\n\n\n\n<h3 class=\"wp-block-heading\">&#8220;VOLEYBOLCU D.\u00c7., \u0130MAMO\u011eLU&#8217;NUN SEVG\u0130L\u0130S\u0130YD\u0130&#8221;<\/h3>\n\n\n\n<p>Karaca&#8217;n\u0131n ifadesindeki Ekrem \u0130mamo\u011flu detay\u0131 dikkat \u00e7ekti. Bir foto\u011frafta yer alan D.\u00c7. isimli voleybolcunun Ekrem \u0130mamo\u011flu&#8217;nun sevgilisi oldu\u011funu s\u00f6yledi. Karaca, &#8220;G\u00f6stermi\u015f oldu\u011funuz voleybolcu D.\u00c7., Ekrem \u0130mamo\u011flu&#8217;nun sevgilisi idi. Kendisi sadece \u0130mamo\u011flu&#8217;na aitti. Bizimle aras\u0131 yoktu. D.\u00c7., Murat ile beraber olmad\u0131.&#8221; dedi.<\/p>\n\n\n\n<h3 class=\"wp-block-heading\">&#8220;TELEFONUMDAK\u0130 EN \u00dcNL\u00dc \u0130S\u0130M \u0130MAMO\u011eLU&#8221;<\/h3>\n\n\n\n<p>Karaca&#8217;n\u0131n iddias\u0131n\u0131n yank\u0131lar\u0131 s\u00fcrerken, dikkat \u00e7eken bir video ortaya \u00e7\u0131kt\u0131. S\u00f6z konusu voleybolcu D.\u00c7.&#8217;nin ge\u00e7mi\u015fte verdi\u011fi bir r\u00f6portajda, &#8220;Telefonunuzdaki en \u00fcnl\u00fc ismin numaras\u0131 kim?&#8221; sorusuna, &#8220;Ekrem \u0130mamo\u011flu&#8221; yan\u0131t\u0131n\u0131 verdi\u011fi g\u00f6r\u00fcld\u00fc.<\/p>\n\n\n\n<p><\/p>\n","protected":false},"excerpt":{"rendered":"<p>\u0130stanbul&#8217;da y\u00fcr\u00fct\u00fclen uyu\u015fturucu soru\u015fturmas\u0131 kapsam\u0131nda tutuklanan sosyal medya \u00fcnl\u00fcs\u00fc Rabia Karaca&#8217;n\u0131n, &#8220;Voleybolcu D.\u00c7., Ekrem \u0130mamo\u011flu&#8217;nun sevgilisiydi.&#8221; \u015feklindeki ifadesinin yank\u0131lar\u0131 s\u00fcrerken, s\u00f6z konusu voleybolcunun ge\u00e7mi\u015fteki bir r\u00f6portaj\u0131nda, &#8220;Telefonunuzdaki en \u00fcnl\u00fc ismin numaras\u0131 kim?&#8221; sorusuna, &#8220;Ekrem \u0130mamo\u011flu&#8221; yan\u0131t\u0131n\u0131 verdi\u011fi g\u00f6r\u00fcld\u00fc. \u0130stanbul Cumhuriyet Ba\u015fsavc\u0131l\u0131\u011f\u0131 taraf\u0131ndan \u00fcnl\u00fc isimlere y\u00f6nelik y\u00fcr\u00fct\u00fclen &#8216;uyu\u015fturucu&#8217; soru\u015fturmas\u0131 s\u00fcr\u00fcyor. Soru\u015fturma kapsam\u0131nda sevk edildi\u011fi adli makamlar [&hellip;]<\/p>\n","protected":false},"author":1,"featured_media":8724,"comment_status":"open","ping_status":"open","sticky":false,"template":"","format":"standard","meta":{"footnotes":""},"categories":[1],"tags":[1794,3440,3502],"class_list":["post-8723","post","type-post","status-publish","format-standard","has-post-thumbnail","hentry","category-gundem","tag-ekrem-imamoglu","tag-rabia-karaca","tag-voleybol"],"_links":{"self":[{"href":"https:\/\/www.trabzonmanset.com\/index.php\/wp-json\/wp\/v2\/posts\/8723","targetHints":{"allow":["GET"]}}],"collection":[{"href":"https:\/\/www.trabzonmanset.com\/index.php\/wp-json\/wp\/v2\/posts"}],"about":[{"href":"https:\/\/www.trabzonmanset.com\/index.php\/wp-json\/wp\/v2\/types\/post"}],"author":[{"embeddable":true,"href":"https:\/\/www.trabzonmanset.com\/index.php\/wp-json\/wp\/v2\/users\/1"}],"replies":[{"embeddable":true,"href":"https:\/\/www.trabzonmanset.com\/index.php\/wp-json\/wp\/v2\/comments?post=8723"}],"version-history":[{"count":1,"href":"https:\/\/www.trabzonmanset.com\/index.php\/wp-json\/wp\/v2\/posts\/8723\/revisions"}],"predecessor-version":[{"id":8725,"href":"https:\/\/www.trabzonmanset.com\/index.php\/wp-json\/wp\/v2\/posts\/8723\/revisions\/8725"}],"wp:featuredmedia":[{"embeddable":true,"href":"https:\/\/www.trabzonmanset.com\/index.php\/wp-json\/wp\/v2\/media\/8724"}],"wp:attachment":[{"href":"https:\/\/www.trabzonmanset.com\/index.php\/wp-json\/wp\/v2\/media?parent=8723"}],"wp:term":[{"taxonomy":"category","embeddable":true,"href":"https:\/\/www.trabzonmanset.com\/index.php\/wp-json\/wp\/v2\/categories?post=8723"},{"taxonomy":"post_tag","embeddable":true,"href":"https:\/\/www.trabzonmanset.com\/index.php\/wp-json\/wp\/v2\/tags?post=8723"}],"curies":[{"name":"wp","href":"https:\/\/api.w.org\/{rel}","templated":true}]}}