{"id":8708,"date":"2026-01-14T20:45:00","date_gmt":"2026-01-14T17:45:00","guid":{"rendered":"https:\/\/www.trabzonmanset.com\/?p=8708"},"modified":"2026-01-14T21:48:37","modified_gmt":"2026-01-14T18:48:37","slug":"fatih-tekkeden-transfer-aciklamasi","status":"publish","type":"post","link":"https:\/\/www.trabzonmanset.com\/index.php\/2026\/01\/14\/fatih-tekkeden-transfer-aciklamasi\/","title":{"rendered":"Fatih Tekke&#8217;den transfer a\u00e7\u0131klamas\u0131"},"content":{"rendered":"\n<p>Trabzonspor Teknik Direkt\u00f6r\u00fc Fatih Tekke, &#8220;S\u00fcreklili\u011fi olacak ve yat\u0131r\u0131ma d\u00f6n\u00fc\u015fecek tarzda oyuncular bulmaya \u00e7al\u0131\u015f\u0131yoruz&#8221; dedi.<\/p>\n\n\n\n<p>Ziraat T\u00fcrkiye Kupas\u0131 A Grubu 2. hafta ma\u00e7\u0131nda Trabzonspor, konuk oldu\u011fu \u0130stanbulspor\u2019u 6-1 ma\u011flup etti.<br><br>Kar\u015f\u0131la\u015fman\u0131n ard\u0131ndan d\u00fczenlenen bas\u0131n toplant\u0131s\u0131nda bordo-mavililerin teknik direkt\u00f6r\u00fc Fatih Tekke, de\u011ferlendirmelerde bulundu.<br><br>Tekke, &#8220;Eski dostlarla bir arada olmak, bu statta bulunmak eski an\u0131lar\u0131m\u0131n canlanmas\u0131n\u0131 sa\u011flad\u0131. \u0130stanbulspor benim i\u00e7in asla unutulmayacak izler bar\u0131nd\u0131r\u0131yor. Kalbimizde her zaman \u0130stanbulspor olacak, onlara da ba\u015far\u0131lar diliyorum. Bug\u00fcn ma\u00e7la ilgili \u00e7ok konu\u015fmaya gerek yok. 11\u2019e 11 oyundan memnun de\u011filim. Rakibimiz eksik oyuncularla oyuna ba\u015flad\u0131, \u00f6yle de devam etti. Bizi zorlad\u0131lar a\u00e7\u0131k\u00e7as\u0131. Gol yemememiz gerekiyordu. Bunlara dikkat etmemiz gerekiyor. \u015eimdi bu morali \u00e7ok abartmadan yar\u0131ndan itibaren zor bir deplasmanla ikinci yar\u0131ya ba\u015flayaca\u011f\u0131z. Bizim i\u00e7in ikinci yar\u0131, ilk yar\u0131dan \u00e7ok daha zor ge\u00e7ecek&#8221; dedi.<br><br><strong>&#8220;Bekledi\u011fimiz, temasta oldu\u011fumuz oyuncular var&#8221;<\/strong><br><br>Devam eden transfer d\u00f6nemiyle ilgili de a\u00e7\u0131klama yapan Fatih Tekke, &#8220;D\u00fcn de y\u00f6netim kuruluyla g\u00f6r\u00fc\u015ft\u00fck. Yeniden de\u011ferlendirmek gibi 2 saatlik bir toplant\u0131 yapt\u0131k. Herkesin \u00e7abas\u0131 var. Bu her zaman kul\u00fcplerin, ba\u015fkan\u0131n, hocan\u0131n istemesiyle olmuyor, ko\u015fullar\u0131n olu\u015fmas\u0131 laz\u0131m. Alternatifleriniz olmas\u0131 laz\u0131m. Zaman\u0131m\u0131z biraz daha var. Bekledi\u011fimiz, temasta oldu\u011fumuz oyuncular var. S\u00fcre\u00e7 bu. Zaten ger\u00e7ekle\u015fince herkesin <a href=\"https:\/\/www.haber7.com\" target=\"_blank\" rel=\"noreferrer noopener\">haber<\/a>i oluyor. T\u00fcm kamuoyunun g\u00f6rd\u00fc\u011f\u00fc eskiler bizler i\u00e7in de hemen hemen ayn\u0131. \u00d6zellikle devre aras\u0131 transferde istedi\u011finiz oyuncuyu bulman\u0131z kolay de\u011fil. Zor bir d\u00f6nem. Biz bu zorlu\u011fu ya\u015f\u0131yoruz. Trabzonspor\u2019un menfaatleri do\u011frultusunda faydal\u0131, s\u00fcreklili\u011fi olacak ve yat\u0131r\u0131ma d\u00f6n\u00fc\u015fecek tarzda oyuncular bulmaya \u00e7al\u0131\u015f\u0131yoruz. \u015eu anda mevcut kadroda olan oyuncular\u0131m\u0131z gibi bize de\u011fer katacak, kendilerine, oyuna de\u011fer katacak oyuncular bakaca\u011f\u0131z. S\u00fcre\u00e7 devam ediyor. Ekstra bir durum yok. Ekstra bir durum olursa da hem ba\u015fkan\u0131m\u0131z hem biz gerekli a\u00e7\u0131klamay\u0131 yapar\u0131z&#8221; ifadelerini kulland\u0131.<\/p>\n","protected":false},"excerpt":{"rendered":"<p>Trabzonspor Teknik Direkt\u00f6r\u00fc Fatih Tekke, &#8220;S\u00fcreklili\u011fi olacak ve yat\u0131r\u0131ma d\u00f6n\u00fc\u015fecek tarzda oyuncular bulmaya \u00e7al\u0131\u015f\u0131yoruz&#8221; dedi. Ziraat T\u00fcrkiye Kupas\u0131 A Grubu 2. hafta ma\u00e7\u0131nda Trabzonspor, konuk oldu\u011fu \u0130stanbulspor\u2019u 6-1 ma\u011flup etti. Kar\u015f\u0131la\u015fman\u0131n ard\u0131ndan d\u00fczenlenen bas\u0131n toplant\u0131s\u0131nda bordo-mavililerin teknik direkt\u00f6r\u00fc Fatih Tekke, de\u011ferlendirmelerde bulundu. Tekke, &#8220;Eski dostlarla bir arada olmak, bu statta bulunmak eski an\u0131lar\u0131m\u0131n canlanmas\u0131n\u0131 sa\u011flad\u0131. [&hellip;]<\/p>\n","protected":false},"author":1,"featured_media":8709,"comment_status":"open","ping_status":"open","sticky":false,"template":"","format":"standard","meta":{"footnotes":""},"categories":[14],"tags":[1010,448,2920],"class_list":["post-8708","post","type-post","status-publish","format-standard","has-post-thumbnail","hentry","category-spor","tag-fatih-tekke","tag-trabzonspor","tag-ziraat-turkiye-kupasi-a-grubu"],"_links":{"self":[{"href":"https:\/\/www.trabzonmanset.com\/index.php\/wp-json\/wp\/v2\/posts\/8708","targetHints":{"allow":["GET"]}}],"collection":[{"href":"https:\/\/www.trabzonmanset.com\/index.php\/wp-json\/wp\/v2\/posts"}],"about":[{"href":"https:\/\/www.trabzonmanset.com\/index.php\/wp-json\/wp\/v2\/types\/post"}],"author":[{"embeddable":true,"href":"https:\/\/www.trabzonmanset.com\/index.php\/wp-json\/wp\/v2\/users\/1"}],"replies":[{"embeddable":true,"href":"https:\/\/www.trabzonmanset.com\/index.php\/wp-json\/wp\/v2\/comments?post=8708"}],"version-history":[{"count":1,"href":"https:\/\/www.trabzonmanset.com\/index.php\/wp-json\/wp\/v2\/posts\/8708\/revisions"}],"predecessor-version":[{"id":8710,"href":"https:\/\/www.trabzonmanset.com\/index.php\/wp-json\/wp\/v2\/posts\/8708\/revisions\/8710"}],"wp:featuredmedia":[{"embeddable":true,"href":"https:\/\/www.trabzonmanset.com\/index.php\/wp-json\/wp\/v2\/media\/8709"}],"wp:attachment":[{"href":"https:\/\/www.trabzonmanset.com\/index.php\/wp-json\/wp\/v2\/media?parent=8708"}],"wp:term":[{"taxonomy":"category","embeddable":true,"href":"https:\/\/www.trabzonmanset.com\/index.php\/wp-json\/wp\/v2\/categories?post=8708"},{"taxonomy":"post_tag","embeddable":true,"href":"https:\/\/www.trabzonmanset.com\/index.php\/wp-json\/wp\/v2\/tags?post=8708"}],"curies":[{"name":"wp","href":"https:\/\/api.w.org\/{rel}","templated":true}]}}