{"id":8705,"date":"2026-01-14T20:40:00","date_gmt":"2026-01-14T17:40:00","guid":{"rendered":"https:\/\/www.trabzonmanset.com\/?p=8705"},"modified":"2026-01-14T21:44:34","modified_gmt":"2026-01-14T18:44:34","slug":"unlulere-uyusturucu-operasyonu-eski-futbolcu-umit-karan-gozaltina-alindi","status":"publish","type":"post","link":"https:\/\/www.trabzonmanset.com\/index.php\/2026\/01\/14\/unlulere-uyusturucu-operasyonu-eski-futbolcu-umit-karan-gozaltina-alindi\/","title":{"rendered":"\u00dcnl\u00fclere uyu\u015fturucu operasyonu! Eski futbolcu \u00dcmit Karan g\u00f6zalt\u0131na al\u0131nd\u0131"},"content":{"rendered":"\n<p>\u0130stanbul Cumhuriyet Ba\u015fsavc\u0131l\u0131\u011f\u0131 taraf\u0131ndan y\u00fcr\u00fct\u00fclen uyu\u015fturucu soru\u015fturmas\u0131 kapsam\u0131nda eski futbolcu \u00dcmit Karan g\u00f6zalt\u0131na al\u0131nd\u0131.<\/p>\n\n\n\n<p>\u0130stanbul&#8217;daki uyu\u015fturucu soru\u015fturmas\u0131 kapsam\u0131nda eski futbolcu \u00dcmit Karan g\u00f6zalt\u0131na al\u0131nd\u0131.<\/p>\n\n\n\n<p>\u0130stanbul Cumhuriyet Ba\u015fsavc\u0131l\u0131\u011f\u0131nca y\u00fcr\u00fct\u00fclen uyu\u015fturucu soru\u015fturmas\u0131 kapsam\u0131nda \u00dcmit Karan hakk\u0131nda g\u00f6zalt\u0131 karar\u0131 verildi.<\/p>\n\n\n\n<p>\u015e\u00fcpheli Karan, Sabiha G\u00f6k\u00e7en Havaliman\u0131&#8217;nda polis ekipleri taraf\u0131ndan g\u00f6zalt\u0131na al\u0131nd\u0131.<\/p>\n\n\n\n<p>Karan, i\u015flemleri i\u00e7in emniyete g\u00f6t\u00fcr\u00fcld\u00fc.<\/p>\n\n\n\n<p>\u00dcmit Karan&#8217;\u0131n yar\u0131n adliyeye sevk edilece\u011fi \u00f6\u011frenildi.<\/p>\n\n\n\n<figure class=\"wp-block-image size-large\"><img loading=\"lazy\" decoding=\"async\" width=\"1024\" height=\"576\" src=\"https:\/\/www.trabzonmanset.com\/wp-content\/uploads\/2026\/01\/rHatv_1768412427_1462-1024x576.webp?wsr\" alt=\"\" class=\"wp-image-8706\" srcset=\"https:\/\/www.trabzonmanset.com\/wp-content\/uploads\/2026\/01\/rHatv_1768412427_1462-1024x576.webp 1024w, https:\/\/www.trabzonmanset.com\/wp-content\/uploads\/2026\/01\/rHatv_1768412427_1462-300x169.webp 300w, https:\/\/www.trabzonmanset.com\/wp-content\/uploads\/2026\/01\/rHatv_1768412427_1462-768x432.webp 768w, https:\/\/www.trabzonmanset.com\/wp-content\/uploads\/2026\/01\/rHatv_1768412427_1462.webp 1266w\" sizes=\"auto, (max-width: 1024px) 100vw, 1024px\" \/><\/figure>\n","protected":false},"excerpt":{"rendered":"<p>\u0130stanbul Cumhuriyet Ba\u015fsavc\u0131l\u0131\u011f\u0131 taraf\u0131ndan y\u00fcr\u00fct\u00fclen uyu\u015fturucu soru\u015fturmas\u0131 kapsam\u0131nda eski futbolcu \u00dcmit Karan g\u00f6zalt\u0131na al\u0131nd\u0131. \u0130stanbul&#8217;daki uyu\u015fturucu soru\u015fturmas\u0131 kapsam\u0131nda eski futbolcu \u00dcmit Karan g\u00f6zalt\u0131na al\u0131nd\u0131. \u0130stanbul Cumhuriyet Ba\u015fsavc\u0131l\u0131\u011f\u0131nca y\u00fcr\u00fct\u00fclen uyu\u015fturucu soru\u015fturmas\u0131 kapsam\u0131nda \u00dcmit Karan hakk\u0131nda g\u00f6zalt\u0131 karar\u0131 verildi. \u015e\u00fcpheli Karan, Sabiha G\u00f6k\u00e7en Havaliman\u0131&#8217;nda polis ekipleri taraf\u0131ndan g\u00f6zalt\u0131na al\u0131nd\u0131. Karan, i\u015flemleri i\u00e7in emniyete g\u00f6t\u00fcr\u00fcld\u00fc. \u00dcmit Karan&#8217;\u0131n yar\u0131n [&hellip;]<\/p>\n","protected":false},"author":1,"featured_media":8706,"comment_status":"open","ping_status":"open","sticky":false,"template":"","format":"standard","meta":{"footnotes":""},"categories":[14],"tags":[3489,2938],"class_list":["post-8705","post","type-post","status-publish","format-standard","has-post-thumbnail","hentry","category-spor","tag-umit-karan","tag-uyusturucu-sorusturmasi"],"_links":{"self":[{"href":"https:\/\/www.trabzonmanset.com\/index.php\/wp-json\/wp\/v2\/posts\/8705","targetHints":{"allow":["GET"]}}],"collection":[{"href":"https:\/\/www.trabzonmanset.com\/index.php\/wp-json\/wp\/v2\/posts"}],"about":[{"href":"https:\/\/www.trabzonmanset.com\/index.php\/wp-json\/wp\/v2\/types\/post"}],"author":[{"embeddable":true,"href":"https:\/\/www.trabzonmanset.com\/index.php\/wp-json\/wp\/v2\/users\/1"}],"replies":[{"embeddable":true,"href":"https:\/\/www.trabzonmanset.com\/index.php\/wp-json\/wp\/v2\/comments?post=8705"}],"version-history":[{"count":1,"href":"https:\/\/www.trabzonmanset.com\/index.php\/wp-json\/wp\/v2\/posts\/8705\/revisions"}],"predecessor-version":[{"id":8707,"href":"https:\/\/www.trabzonmanset.com\/index.php\/wp-json\/wp\/v2\/posts\/8705\/revisions\/8707"}],"wp:featuredmedia":[{"embeddable":true,"href":"https:\/\/www.trabzonmanset.com\/index.php\/wp-json\/wp\/v2\/media\/8706"}],"wp:attachment":[{"href":"https:\/\/www.trabzonmanset.com\/index.php\/wp-json\/wp\/v2\/media?parent=8705"}],"wp:term":[{"taxonomy":"category","embeddable":true,"href":"https:\/\/www.trabzonmanset.com\/index.php\/wp-json\/wp\/v2\/categories?post=8705"},{"taxonomy":"post_tag","embeddable":true,"href":"https:\/\/www.trabzonmanset.com\/index.php\/wp-json\/wp\/v2\/tags?post=8705"}],"curies":[{"name":"wp","href":"https:\/\/api.w.org\/{rel}","templated":true}]}}