{"id":8691,"date":"2026-01-13T11:12:00","date_gmt":"2026-01-13T08:12:00","guid":{"rendered":"https:\/\/www.trabzonmanset.com\/?p=8691"},"modified":"2026-01-13T23:19:08","modified_gmt":"2026-01-13T20:19:08","slug":"dunya-birincisi-tavus-kusu-ucurtmasiyla-turkiyeyi-katarda-temsil-edecek","status":"publish","type":"post","link":"https:\/\/www.trabzonmanset.com\/index.php\/2026\/01\/13\/dunya-birincisi-tavus-kusu-ucurtmasiyla-turkiyeyi-katarda-temsil-edecek\/","title":{"rendered":"D\u00fcnya birincisi \u2018tavus ku\u015fu\u2019 u\u00e7urtmas\u0131yla T\u00fcrkiye\u2019yi Katar\u2019da temsil edecek"},"content":{"rendered":"\n<p>Mardin\u2019de, \u00e7ocukken ip ba\u011flad\u0131\u011f\u0131 naylon po\u015feti u\u00e7urarak ba\u015flayan u\u00e7urtma tutkusuyla kat\u0131ld\u0131\u011f\u0131 festivallerden dereceler elde eden, \u00c7in&#8217;de kat\u0131ld\u0131\u011f\u0131 uluslararas\u0131 yar\u0131\u015fmada \u2018tavus ku\u015fu\u2019 u\u00e7urtmas\u0131yla alt\u0131n madalya kazanan Zahit Mungan (34), 14-25 Ocak tarihleri aras\u0131nda d\u00fczenlenecek 4\u2019\u00fcnc\u00fc Katar Uluslararas\u0131 U\u00e7urtma Festivali\u2019ne davet edildi.<\/p>\n\n\n\n<figure class=\"wp-block-image size-full\"><img loading=\"lazy\" decoding=\"async\" width=\"750\" height=\"421\" src=\"https:\/\/www.trabzonmanset.com\/wp-content\/uploads\/2026\/01\/6965fc498c3f68b010b59bd8.webp?wsr\" alt=\"\" class=\"wp-image-8692\" srcset=\"https:\/\/www.trabzonmanset.com\/wp-content\/uploads\/2026\/01\/6965fc498c3f68b010b59bd8.webp 750w, https:\/\/www.trabzonmanset.com\/wp-content\/uploads\/2026\/01\/6965fc498c3f68b010b59bd8-300x168.webp 300w\" sizes=\"auto, (max-width: 750px) 100vw, 750px\" \/><\/figure>\n\n\n\n<p>Mardinli Zahit Mungan\u2019\u0131n 6 ya\u015f\u0131ndayken, ip ba\u011flad\u0131\u011f\u0131 naylon po\u015feti u\u00e7urarak ba\u015flad\u0131\u011f\u0131 tutkusu, zamanla sanata d\u00f6n\u00fc\u015ft\u00fc. 28 y\u0131ld\u0131r tutkusunu s\u00fcrd\u00fcren Mungan, u\u00e7urtma gelene\u011fini gelecek nesillere ta\u015f\u0131mak ve \u00e7ocuklara sevdirmek i\u00e7in, do\u011fup b\u00fcy\u00fcd\u00fc\u011f\u00fc evi at\u00f6lyeye \u00e7evirdi.<\/p>\n\n\n\n<p>Burada kendine \u00f6zg\u00fc profesyonel u\u00e7urtmalar tasarlay\u0131p imal eden Mungan, k\u0131rkyama tekni\u011fiyle 2 bin par\u00e7ay\u0131 bir araya getirerek 5 ayda haz\u0131rlad\u0131\u011f\u0131 tavus ku\u015fu u\u00e7urtmas\u0131yla, 2023 y\u0131l\u0131nda \u00c7in&#8217;de d\u00fczenlenen 40\u2019\u0131nc\u0131 &#8216;Weifang Uluslararas\u0131 U\u00e7urtma Festivali\u2019nde alt\u0131n madalya ald\u0131. Mungan, ayr\u0131ca \u00c7in\u2019in yan\u0131 s\u0131ra son 20 y\u0131lda yurt i\u00e7inde ve Malezya, Tayland, Hindistan, Ukrayna, Malta, G\u00fcney Afrika, Dubai, Endonezya, Fransa gibi 38 \u00fclkeyi gezerek, 40\u2019\u0131n \u00fczerinde festivale kat\u0131ld\u0131. Mungan, 14-25 Ocak tarihleri aras\u0131nda d\u00fczenlenecek 4\u2019\u00fcnc\u00fc Katar Uluslararas\u0131 U\u00e7urtma Festivali\u2019ne davet edildi.<\/p>\n\n\n\n<figure class=\"wp-block-image size-full\"><img loading=\"lazy\" decoding=\"async\" width=\"750\" height=\"562\" src=\"https:\/\/www.trabzonmanset.com\/wp-content\/uploads\/2026\/01\/6965fc528c3f68b010b59bde.webp?wsr\" alt=\"\" class=\"wp-image-8693\" srcset=\"https:\/\/www.trabzonmanset.com\/wp-content\/uploads\/2026\/01\/6965fc528c3f68b010b59bde.webp 750w, https:\/\/www.trabzonmanset.com\/wp-content\/uploads\/2026\/01\/6965fc528c3f68b010b59bde-300x225.webp 300w\" sizes=\"auto, (max-width: 750px) 100vw, 750px\" \/><\/figure>\n\n\n\n<h2 class=\"wp-block-heading\">\u2018U\u00c7URTMANIN PE\u015e\u0130NDE B\u0130R HAYAT S\u00dcRD\u00dcR\u00dcYORUM\u2019<\/h2>\n\n\n\n<h3 class=\"wp-block-heading\">Mardin\u2019i ve T\u00fcrkiye\u2019yi kat\u0131ld\u0131\u011f\u0131 uluslararas\u0131 organizasyonlarda tan\u0131tt\u0131\u011f\u0131n\u0131 belirten Mungan, \u015funlar\u0131 s\u00f6yledi:\u201cMardin\u2019in mitolojik fig\u00fcrlerini, hikayelerini ve renklerini g\u00f6ky\u00fcz\u00fcne ta\u015f\u0131yorum. \u00c7ocuklu\u011fumdan beri u\u00e7urtma ile ilgileniyorum. Mardin\u2019in k\u00fclt\u00fcrel de\u011ferlerini, objelerini, hikayelerini u\u00e7urtmalar\u0131ma yans\u0131t\u0131yorum. Tamamen u\u00e7urtman\u0131n pe\u015finde bir hayat s\u00fcrd\u00fcr\u00fcyorum. D\u00fcnyan\u0131n bir\u00e7ok yerinden davet al\u0131yorum. 4\u2019\u00fcnc\u00fc Uluslararas\u0131 Katar U\u00e7urtma Festivali&#8217;ne T\u00fcrkiye&#8217;ye temsilen davet edildim. Tabii oraya \u00e7ok b\u00fcy\u00fck haz\u0131rl\u0131klar yapt\u0131m.<\/h3>\n\n\n\n<p><img decoding=\"async\" src=\"https:\/\/image.dha.com.tr\/i\/dha\/75\/750x0\/6965fc528c3f68b010b59be3.jpg\" alt=\"\"><\/p>\n\n\n\n<h3 class=\"wp-block-heading\">D\u00fcnya birincisi tavus ku\u015fu ile \u015fahmeran u\u00e7urtmas\u0131n\u0131 da Katar semalar\u0131nda u\u00e7uraca\u011f\u0131z. Festival 10 g\u00fcn s\u00fcrecek ve bu 10 g\u00fcn i\u00e7erisinde \u00e7e\u015fitli etkinlikler yap\u0131lacak. \u00c7ocuklarla workshop \u00e7al\u0131\u015fmalar\u0131 yap\u0131lacak, stantlar kurulacak. Onun haricinde gece u\u00e7urtmalar\u0131 u\u00e7urulacak. D\u00fcnyan\u0131n bir\u00e7ok yerinden u\u00e7urtma sanat\u00e7\u0131lar\u0131 davet edildi. Bunlardan biriyim. Ben de Mardin&#8217;deki k\u00fclt\u00fcrel de\u011ferleri ve objeleri gidip orada u\u00e7uraca\u011f\u0131m. \u015eu ana kadar u\u00e7urtmalar\u0131mla 38 \u00fclkeyi gezdim, hala gezmeye devam ediyorum. Bu \u015fekilde Mardin\u2019i, T\u00fcrkiye\u2019yi tan\u0131t\u0131yorum\u201d dedi.<\/h3>\n\n\n\n<p><img decoding=\"async\" src=\"https:\/\/image.dha.com.tr\/i\/dha\/75\/750x0\/6965fc528c3f68b010b59be1.jpg\" alt=\"\"><\/p>\n\n\n\n<p><\/p>\n","protected":false},"excerpt":{"rendered":"<p>Mardin\u2019de, \u00e7ocukken ip ba\u011flad\u0131\u011f\u0131 naylon po\u015feti u\u00e7urarak ba\u015flayan u\u00e7urtma tutkusuyla kat\u0131ld\u0131\u011f\u0131 festivallerden dereceler elde eden, \u00c7in&#8217;de kat\u0131ld\u0131\u011f\u0131 uluslararas\u0131 yar\u0131\u015fmada \u2018tavus ku\u015fu\u2019 u\u00e7urtmas\u0131yla alt\u0131n madalya kazanan Zahit Mungan (34), 14-25 Ocak tarihleri aras\u0131nda d\u00fczenlenecek 4\u2019\u00fcnc\u00fc Katar Uluslararas\u0131 U\u00e7urtma Festivali\u2019ne davet edildi. Mardinli Zahit Mungan\u2019\u0131n 6 ya\u015f\u0131ndayken, ip ba\u011flad\u0131\u011f\u0131 naylon po\u015feti u\u00e7urarak ba\u015flad\u0131\u011f\u0131 tutkusu, zamanla sanata d\u00f6n\u00fc\u015ft\u00fc. [&hellip;]<\/p>\n","protected":false},"author":1,"featured_media":8692,"comment_status":"open","ping_status":"open","sticky":false,"template":"","format":"standard","meta":{"footnotes":""},"categories":[530,8,1349],"tags":[1662,1323,3482,3484,3483,3486,3485],"class_list":["post-8691","post","type-post","status-publish","format-standard","has-post-thumbnail","hentry","category-cevre","category-foto-galeri","category-yasam","tag-katar","tag-mardin","tag-tavus-kusu","tag-tavus-kusu-ucurtma","tag-ucurtma","tag-ucurtma-festivali","tag-zahit-mungan"],"_links":{"self":[{"href":"https:\/\/www.trabzonmanset.com\/index.php\/wp-json\/wp\/v2\/posts\/8691","targetHints":{"allow":["GET"]}}],"collection":[{"href":"https:\/\/www.trabzonmanset.com\/index.php\/wp-json\/wp\/v2\/posts"}],"about":[{"href":"https:\/\/www.trabzonmanset.com\/index.php\/wp-json\/wp\/v2\/types\/post"}],"author":[{"embeddable":true,"href":"https:\/\/www.trabzonmanset.com\/index.php\/wp-json\/wp\/v2\/users\/1"}],"replies":[{"embeddable":true,"href":"https:\/\/www.trabzonmanset.com\/index.php\/wp-json\/wp\/v2\/comments?post=8691"}],"version-history":[{"count":1,"href":"https:\/\/www.trabzonmanset.com\/index.php\/wp-json\/wp\/v2\/posts\/8691\/revisions"}],"predecessor-version":[{"id":8694,"href":"https:\/\/www.trabzonmanset.com\/index.php\/wp-json\/wp\/v2\/posts\/8691\/revisions\/8694"}],"wp:featuredmedia":[{"embeddable":true,"href":"https:\/\/www.trabzonmanset.com\/index.php\/wp-json\/wp\/v2\/media\/8692"}],"wp:attachment":[{"href":"https:\/\/www.trabzonmanset.com\/index.php\/wp-json\/wp\/v2\/media?parent=8691"}],"wp:term":[{"taxonomy":"category","embeddable":true,"href":"https:\/\/www.trabzonmanset.com\/index.php\/wp-json\/wp\/v2\/categories?post=8691"},{"taxonomy":"post_tag","embeddable":true,"href":"https:\/\/www.trabzonmanset.com\/index.php\/wp-json\/wp\/v2\/tags?post=8691"}],"curies":[{"name":"wp","href":"https:\/\/api.w.org\/{rel}","templated":true}]}}