{"id":8613,"date":"2026-01-12T13:10:00","date_gmt":"2026-01-12T10:10:00","guid":{"rendered":"https:\/\/www.trabzonmanset.com\/?p=8613"},"modified":"2026-01-12T13:44:38","modified_gmt":"2026-01-12T10:44:38","slug":"uludagda-kar-kalinligi-76-santimetreye-ulasti-pistler-doldu-tasti","status":"publish","type":"post","link":"https:\/\/www.trabzonmanset.com\/index.php\/2026\/01\/12\/uludagda-kar-kalinligi-76-santimetreye-ulasti-pistler-doldu-tasti\/","title":{"rendered":"Uluda\u011f\u2019da kar kal\u0131nl\u0131\u011f\u0131 76 santimetreye ula\u015ft\u0131, pistler doldu ta\u015ft\u0131"},"content":{"rendered":"\n<p>T\u00fcrkiye\u2019nin k\u0131\u015f turizmi a\u00e7\u0131s\u0131ndan \u00f6nemli merkezlerinden Uluda\u011f\u2019da so\u011fuk hava etkisini art\u0131rd\u0131. B\u00f6lgede hava s\u0131cakl\u0131\u011f\u0131-7 dereceye kadar d\u00fc\u015ferken, kar kal\u0131nl\u0131\u011f\u0131 76 santimetreye ula\u015ft\u0131. Kayak pistlerinde hafta i\u00e7ine ra\u011fmen yo\u011funluk ya\u015fand\u0131.<\/p>\n\n\n\n<p>Kayak ve k\u0131\u015f turizminin \u00f6nemli merkezlerinden Uluda\u011f\u2019da turistler zirveye ak\u0131n etti. T\u00fcrkiye\u2019nin d\u00f6rt bir yan\u0131ndan gelen vatanda\u015flar, beyaza b\u00fcr\u00fcnen Uluda\u011f manzaras\u0131na hayran kald\u0131. \u015eehir merkezinden g\u00fcn\u00fcbirlik olarak gelen ziyaret\u00e7iler de kar\u0131n keyfini \u00e7\u0131kard\u0131. Yo\u011fun ilgi nedeniyle kayak pistlerinde hareketlilik ya\u015fan\u0131rken, tesislerde doluluk oranlar\u0131 artt\u0131. Hava s\u0131cakl\u0131\u011f\u0131 -7 derecelerde seyrederken kar kal\u0131nl\u0131\u011f\u0131 ise 76 santimetre olarak \u00f6l\u00e7\u00fcld\u00fc. Ekipler kar k\u00fcreme \u00e7al\u0131\u015fmalar\u0131n\u0131 aral\u0131ks\u0131z s\u00fcrd\u00fcr\u00fcrken, Jandarma ekipleri ise zirveye \u00e7\u0131kacak vatanda\u015flar\u0131n kar lasti\u011fi ve zincir takmalar\u0131 i\u00e7in uyar\u0131da bulundu.<\/p>\n\n\n\n<figure class=\"wp-block-image\"><img decoding=\"async\" src=\"https:\/\/cdn.iha.com.tr\/Contents\/26-01\/12\/aw618454_05.jpg\" alt=\"Uluda\u011f\u2019da kar kal\u0131nl\u0131\u011f\u0131 76 santimetreye ula\u015ft\u0131, pistler doldu ta\u015ft\u0131\"\/><\/figure>\n\n\n\n<p>Manisa\u2019dan gelip kar\u0131n keyfini \u00e7\u0131karan Ferdi \u0130mli, &#8220;Manisa\u2019dan geldim \u00e7ok sevdim buras\u0131n\u0131. Otelde kald\u0131k, daha \u00f6nce Ispartaya gitmi\u015ftim buraya ilk defa geliyorum. Herkese tavsiye ederim \u00e7\u0131k\u0131n \u00e7\u0131k\u0131n gelin&#8221; \u0130fadelerinde bulundu.<\/p>\n\n\n\n<figure class=\"wp-block-image\"><img decoding=\"async\" src=\"https:\/\/cdn.iha.com.tr\/Contents\/26-01\/12\/aw618454_03.jpg\" alt=\"Uluda\u011f\u2019da kar kal\u0131nl\u0131\u011f\u0131 76 santimetreye ula\u015ft\u0131, pistler doldu ta\u015ft\u0131\"\/><\/figure>\n\n\n\n<p>\u0130stanbul\u2019dan arkada\u015f grubu ile birlikte kar\u0131n keyfini \u00e7\u0131karmaya gelen Esila Usta ise duygular\u0131n\u0131, &#8220;Gayet g\u00fczel ge\u00e7ti bu sezon \u00e7ok g\u00fczel fazla kar ya\u011f\u0131\u015f\u0131 var bu g\u00fcnde pazartesi g\u00fcn\u00fc oldu\u011fu i\u00e7in genel anlamda daha bo\u015f pistler daha rahat, daha g\u00fczel. \u0130kinci defa geliyoruz gayet g\u00fczel, \u00e7ok be\u011fendik&#8221; \u015feklinde dile getirdi.<\/p>\n\n\n\n<p><strong>Kaynak: \u0130HA<\/strong><\/p>\n","protected":false},"excerpt":{"rendered":"<p>T\u00fcrkiye\u2019nin k\u0131\u015f turizmi a\u00e7\u0131s\u0131ndan \u00f6nemli merkezlerinden Uluda\u011f\u2019da so\u011fuk hava etkisini art\u0131rd\u0131. B\u00f6lgede hava s\u0131cakl\u0131\u011f\u0131-7 dereceye kadar d\u00fc\u015ferken, kar kal\u0131nl\u0131\u011f\u0131 76 santimetreye ula\u015ft\u0131. Kayak pistlerinde hafta i\u00e7ine ra\u011fmen yo\u011funluk ya\u015fand\u0131. Kayak ve k\u0131\u015f turizminin \u00f6nemli merkezlerinden Uluda\u011f\u2019da turistler zirveye ak\u0131n etti. T\u00fcrkiye\u2019nin d\u00f6rt bir yan\u0131ndan gelen vatanda\u015flar, beyaza b\u00fcr\u00fcnen Uluda\u011f manzaras\u0131na hayran kald\u0131. \u015eehir merkezinden g\u00fcn\u00fcbirlik [&hellip;]<\/p>\n","protected":false},"author":1,"featured_media":8614,"comment_status":"open","ping_status":"open","sticky":false,"template":"","format":"standard","meta":{"footnotes":""},"categories":[530,1124],"tags":[3428,3427,3425,3426],"class_list":["post-8613","post","type-post","status-publish","format-standard","has-post-thumbnail","hentry","category-cevre","category-turizm","tag-kayak-ve-kis-turizm","tag-kis-turizmi","tag-uludag","tag-uludag-kar"],"_links":{"self":[{"href":"https:\/\/www.trabzonmanset.com\/index.php\/wp-json\/wp\/v2\/posts\/8613","targetHints":{"allow":["GET"]}}],"collection":[{"href":"https:\/\/www.trabzonmanset.com\/index.php\/wp-json\/wp\/v2\/posts"}],"about":[{"href":"https:\/\/www.trabzonmanset.com\/index.php\/wp-json\/wp\/v2\/types\/post"}],"author":[{"embeddable":true,"href":"https:\/\/www.trabzonmanset.com\/index.php\/wp-json\/wp\/v2\/users\/1"}],"replies":[{"embeddable":true,"href":"https:\/\/www.trabzonmanset.com\/index.php\/wp-json\/wp\/v2\/comments?post=8613"}],"version-history":[{"count":1,"href":"https:\/\/www.trabzonmanset.com\/index.php\/wp-json\/wp\/v2\/posts\/8613\/revisions"}],"predecessor-version":[{"id":8615,"href":"https:\/\/www.trabzonmanset.com\/index.php\/wp-json\/wp\/v2\/posts\/8613\/revisions\/8615"}],"wp:featuredmedia":[{"embeddable":true,"href":"https:\/\/www.trabzonmanset.com\/index.php\/wp-json\/wp\/v2\/media\/8614"}],"wp:attachment":[{"href":"https:\/\/www.trabzonmanset.com\/index.php\/wp-json\/wp\/v2\/media?parent=8613"}],"wp:term":[{"taxonomy":"category","embeddable":true,"href":"https:\/\/www.trabzonmanset.com\/index.php\/wp-json\/wp\/v2\/categories?post=8613"},{"taxonomy":"post_tag","embeddable":true,"href":"https:\/\/www.trabzonmanset.com\/index.php\/wp-json\/wp\/v2\/tags?post=8613"}],"curies":[{"name":"wp","href":"https:\/\/api.w.org\/{rel}","templated":true}]}}