{"id":8610,"date":"2026-01-12T13:39:58","date_gmt":"2026-01-12T10:39:58","guid":{"rendered":"https:\/\/www.trabzonmanset.com\/?p=8610"},"modified":"2026-01-12T13:39:58","modified_gmt":"2026-01-12T10:39:58","slug":"camlicada-etkili-olan-kar-yagisi-havadan-goruntulendi","status":"publish","type":"post","link":"https:\/\/www.trabzonmanset.com\/index.php\/2026\/01\/12\/camlicada-etkili-olan-kar-yagisi-havadan-goruntulendi\/","title":{"rendered":"\u00c7aml\u0131ca\u2019da etkili olan kar ya\u011f\u0131\u015f\u0131 havadan g\u00f6r\u00fcnt\u00fclendi"},"content":{"rendered":"\n<p>\u0130stanbul\u2019da sabah saatlerinden itibaren etkisini s\u00fcrd\u00fcren yo\u011fun kar ya\u011f\u0131\u015f\u0131yla birlikte pek \u00e7ok b\u00f6lge k\u0131sa s\u00fcrede beyaz \u00f6rt\u00fcyle kapland\u0131. Kentin y\u00fcksek kesimlerinden \u00c7aml\u0131ca\u2019da olu\u015fan manzara ise havadan g\u00f6r\u00fcnt\u00fclendi.<\/p>\n\n\n\n<p>\u0130stanbul\u2019da beklenen kar ya\u011f\u0131\u015f\u0131 sabah saatlerinden itibaren kent genelinde etkili olmaya devam ediyor. Baz\u0131 b\u00f6lgelerde aral\u0131klarla devam eden kar ya\u011f\u0131\u015f\u0131, \u00f6zellikle y\u00fcksek kesimlerde beyaz \u00f6rt\u00fc olu\u015fturdu.<\/p>\n\n\n\n<figure class=\"wp-block-image\"><img decoding=\"async\" src=\"https:\/\/cdn.iha.com.tr\/Contents\/26-01\/12\/aw618423_06.jpg\" alt=\"\u00c7aml\u0131ca\u2019da etkili olan kar ya\u011f\u0131\u015f\u0131 havadan g\u00f6r\u00fcnt\u00fclendi\"\/><\/figure>\n\n\n\n<p>&nbsp;Kentin \u00f6nemli noktalar\u0131ndan biri olan \u00c7aml\u0131ca Tepesi\u2019nde etkisini s\u00fcrd\u00fcren kar ya\u011f\u0131\u015f\u0131yla birlikte a\u011fa\u00e7lar, yollar ve seyir alanlar\u0131 beyaza b\u00fcr\u00fcnd\u00fc.<\/p>\n\n\n\n<figure class=\"wp-block-image\"><img decoding=\"async\" src=\"https:\/\/cdn.iha.com.tr\/Contents\/26-01\/12\/aw618423_04.jpg\" alt=\"\u00c7aml\u0131ca\u2019da etkili olan kar ya\u011f\u0131\u015f\u0131 havadan g\u00f6r\u00fcnt\u00fclendi\"\/><\/figure>\n\n\n\n<p>B\u00f6lgede kaydedilen g\u00f6r\u00fcnt\u00fclerde kar ya\u011f\u0131\u015f\u0131n\u0131n aral\u0131ks\u0131z devam etti\u011fi g\u00f6r\u00fcl\u00fcrken, dronla g\u00f6r\u00fcnt\u00fclenen \u00c7aml\u0131ca Tepesi\u2019nin tamam\u0131n\u0131n beyaz \u00f6rt\u00fcyle kapland\u0131\u011f\u0131 dikkat \u00e7ekti.<\/p>\n\n\n\n<figure class=\"wp-block-image\"><img decoding=\"async\" src=\"https:\/\/cdn.iha.com.tr\/Contents\/26-01\/12\/aw618423_08.jpg\" alt=\"\u00c7aml\u0131ca\u2019da etkili olan kar ya\u011f\u0131\u015f\u0131 havadan g\u00f6r\u00fcnt\u00fclendi\"\/><\/figure>\n\n\n\n<p>\u00d6zellikle \u0130stanbul manzaras\u0131na hakim noktalarda kar ya\u011f\u0131\u015f\u0131yla birlikte ortaya \u00e7\u0131kan manzara kartpostall\u0131k g\u00f6r\u00fcnt\u00fcler olu\u015fturdu.<\/p>\n\n\n\n<figure class=\"wp-block-image\"><img decoding=\"async\" src=\"https:\/\/cdn.iha.com.tr\/Contents\/26-01\/12\/aw618423_10.jpg\" alt=\"\u00c7aml\u0131ca\u2019da etkili olan kar ya\u011f\u0131\u015f\u0131 havadan g\u00f6r\u00fcnt\u00fclendi\"\/><\/figure>\n\n\n\n<p><strong>Kaynak: \u0130HA<\/strong><\/p>\n\n\n\n<p><\/p>\n","protected":false},"excerpt":{"rendered":"<p>\u0130stanbul\u2019da sabah saatlerinden itibaren etkisini s\u00fcrd\u00fcren yo\u011fun kar ya\u011f\u0131\u015f\u0131yla birlikte pek \u00e7ok b\u00f6lge k\u0131sa s\u00fcrede beyaz \u00f6rt\u00fcyle kapland\u0131. Kentin y\u00fcksek kesimlerinden \u00c7aml\u0131ca\u2019da olu\u015fan manzara ise havadan g\u00f6r\u00fcnt\u00fclendi. \u0130stanbul\u2019da beklenen kar ya\u011f\u0131\u015f\u0131 sabah saatlerinden itibaren kent genelinde etkili olmaya devam ediyor. Baz\u0131 b\u00f6lgelerde aral\u0131klarla devam eden kar ya\u011f\u0131\u015f\u0131, \u00f6zellikle y\u00fcksek kesimlerde beyaz \u00f6rt\u00fc olu\u015fturdu. &nbsp;Kentin \u00f6nemli [&hellip;]<\/p>\n","protected":false},"author":1,"featured_media":8611,"comment_status":"open","ping_status":"open","sticky":false,"template":"","format":"standard","meta":{"footnotes":""},"categories":[530,1],"tags":[3423,3424,1335,3422,719],"class_list":["post-8610","post","type-post","status-publish","format-standard","has-post-thumbnail","hentry","category-cevre","category-gundem","tag-camlica","tag-camlica-tepesi","tag-istanbul","tag-istanbul-kar","tag-kar-yagisi"],"_links":{"self":[{"href":"https:\/\/www.trabzonmanset.com\/index.php\/wp-json\/wp\/v2\/posts\/8610","targetHints":{"allow":["GET"]}}],"collection":[{"href":"https:\/\/www.trabzonmanset.com\/index.php\/wp-json\/wp\/v2\/posts"}],"about":[{"href":"https:\/\/www.trabzonmanset.com\/index.php\/wp-json\/wp\/v2\/types\/post"}],"author":[{"embeddable":true,"href":"https:\/\/www.trabzonmanset.com\/index.php\/wp-json\/wp\/v2\/users\/1"}],"replies":[{"embeddable":true,"href":"https:\/\/www.trabzonmanset.com\/index.php\/wp-json\/wp\/v2\/comments?post=8610"}],"version-history":[{"count":1,"href":"https:\/\/www.trabzonmanset.com\/index.php\/wp-json\/wp\/v2\/posts\/8610\/revisions"}],"predecessor-version":[{"id":8612,"href":"https:\/\/www.trabzonmanset.com\/index.php\/wp-json\/wp\/v2\/posts\/8610\/revisions\/8612"}],"wp:featuredmedia":[{"embeddable":true,"href":"https:\/\/www.trabzonmanset.com\/index.php\/wp-json\/wp\/v2\/media\/8611"}],"wp:attachment":[{"href":"https:\/\/www.trabzonmanset.com\/index.php\/wp-json\/wp\/v2\/media?parent=8610"}],"wp:term":[{"taxonomy":"category","embeddable":true,"href":"https:\/\/www.trabzonmanset.com\/index.php\/wp-json\/wp\/v2\/categories?post=8610"},{"taxonomy":"post_tag","embeddable":true,"href":"https:\/\/www.trabzonmanset.com\/index.php\/wp-json\/wp\/v2\/tags?post=8610"}],"curies":[{"name":"wp","href":"https:\/\/api.w.org\/{rel}","templated":true}]}}