{"id":8607,"date":"2026-01-12T13:34:00","date_gmt":"2026-01-12T10:34:00","guid":{"rendered":"https:\/\/www.trabzonmanset.com\/?p=8607"},"modified":"2026-01-12T13:34:01","modified_gmt":"2026-01-12T10:34:01","slug":"boyle-evlat-olmaz-olsun-babasini-baltayla-oldurmustu-detaylar-kan-dondurdu","status":"publish","type":"post","link":"https:\/\/www.trabzonmanset.com\/index.php\/2026\/01\/12\/boyle-evlat-olmaz-olsun-babasini-baltayla-oldurmustu-detaylar-kan-dondurdu\/","title":{"rendered":"B\u00f6yle evlat olmaz olsun! Babas\u0131n\u0131 baltayla \u00f6ld\u00fcrm\u00fc\u015ft\u00fc, detaylar kan dondurdu"},"content":{"rendered":"\n<p>Tokat&#8217;ta m\u00fclk sat\u0131\u015f\u0131 tart\u0131\u015fmas\u0131nda 79 ya\u015f\u0131ndaki babas\u0131 Zihni Cankurtaran&#8217;\u0131 baltayla \u00f6ld\u00fcr\u00fcp, cesedini de i\u015fletmecili\u011fini yapt\u0131\u011f\u0131 site havuzunun deposunda kokmamas\u0131 i\u00e7inde kire\u00e7leyerek saklayan Mustafa Cankurtaran ile 5 \u015f\u00fcpheli adliyeye sevk edildi. Yap\u0131lan incelemede Cankurtaran&#8217;\u0131n babas\u0131n\u0131 4 ay \u00f6nce \u00f6ld\u00fcrd\u00fc\u011f\u00fc tespit edildi.<\/p>\n\n\n\n<ul class=\"wp-block-list\">\n<li>Mustafa Cankurtaran, babas\u0131 Zihni Cankurtaran&#8217;\u0131 m\u00fclk sat\u0131\u015f\u0131 tart\u0131\u015fmas\u0131nda baltayla \u00f6ld\u00fcrd\u00fc.<\/li>\n\n\n\n<li>Mustafa Cankurtaran, babas\u0131n\u0131n 3 ta\u015f\u0131nmaz\u0131n\u0131 vekaletle satt\u0131 ve cesedi bir havuz deposuna gizledi.<\/li>\n\n\n\n<li>Mustafa Cankurtaran, babas\u0131n\u0131 \u00f6ld\u00fcrd\u00fc\u011f\u00fcn\u00fc gazetecilere &#8216;Evet&#8217; diyerek itiraf etti.<\/li>\n<\/ul>\n\n\n\n<p>79 ya\u015f\u0131ndaki Zihni Cankurtaran&#8217;\u0131n o\u011flu Mustafa Cankurtaran taraf\u0131ndan &#8216;m\u00fclk sat\u0131\u015f\u0131&#8217; tart\u0131\u015fmas\u0131nda baltayla \u00f6ld\u00fcr\u00fclmesi olay\u0131yla ilgili yeni detaylar oraya \u00e7\u0131kt\u0131.<\/p>\n\n\n\n<h3 class=\"wp-block-heading\">KIZI HABER ALAMAYINCA C\u0130NAYET ORTAYA \u00c7IKTI<\/h3>\n\n\n\n<p>Almanya&#8217;da ya\u015fayan S\u00fcreyya Aksoy, aral\u0131k ay\u0131nda Bursa&#8217;ya gelerek polise ba\u015fvurup babas\u0131 Zihni Cankurtaran&#8217;dan uzun s\u00fcre <strong>haber<\/strong> alamad\u0131\u011f\u0131n\u0131 s\u00f6yledi. Bunun \u00fczerine Tokat \u0130l Emniyet M\u00fcd\u00fcrl\u00fc\u011f\u00fc Asayi\u015f \u015eube M\u00fcd\u00fcrl\u00fc\u011f\u00fc ekipleri, yapt\u0131klar\u0131 \u00e7al\u0131\u015fmada Zihni Cankurtaran&#8217;\u0131n Yunanistan&#8217;dan T\u00fcrkiye&#8217;ye giri\u015f yapt\u0131\u011f\u0131 araca ait PTS kay\u0131tlar\u0131nda yap\u0131lan incelemelerde anormallikler tespit edildi. Elde edilen bulgular do\u011frultusunda olay\u0131n cinayet olabilece\u011fi ihtimali de\u011ferlendirildi. Tokat Cumhuriyet Ba\u015fsavc\u0131l\u0131\u011f\u0131 koordinesinde Asayi\u015f \u015eube M\u00fcd\u00fcrl\u00fc\u011f\u00fc Cinayet B\u00fcro Amirli\u011fi b\u00fcnyesinde \u00f6zel bir ekip kuruldu. \u00d6zel ekip, yakla\u015f\u0131k 1,5 ayl\u0131k teknik ve fiziki \u00e7al\u0131\u015fman\u0131n ard\u0131ndan cinayeti ayd\u0131nlatt\u0131.<\/p>\n\n\n\n<figure class=\"wp-block-image\"><img decoding=\"async\" src=\"https:\/\/foto.haberler.com\/crop\/640x669\/haber\/2026\/01\/12\/boyle-evlat-olmaz-olsun-babasini-baltayla-19452144_2409_m.jpg\" alt=\"B\u00f6yle evlat olmaz olsun! Babas\u0131n\u0131 baltayla \u00f6ld\u00fcrm\u00fc\u015ft\u00fc, detaylar kan dondurdu\"\/><\/figure>\n\n\n\n<h3 class=\"wp-block-heading\">VEKALETLE BABASININ 3 TA\u015eINMAZINI SATMI\u015e<\/h3>\n\n\n\n<p>Yap\u0131lan ara\u015ft\u0131rmada, Zihni Cankurtaran&#8217;\u0131n T\u00fcrkiye&#8217;ye geldikten sonra Tokat&#8217;a ge\u00e7ti\u011fi ve kendi \u00fczerine kay\u0131tl\u0131 birden fazla ta\u015f\u0131nmaz\u0131n, o\u011flu Mustafa Cankurtaran&#8217;a verdi\u011fi vekaletle sat\u0131ld\u0131\u011f\u0131n\u0131 \u00f6\u011frendi\u011fi belirlendi. Sat\u0131\u015flardan elde edilen paray\u0131 o\u011flundan isteyen Zihni Cankurtaran ile Mustafa Cankurtaran aras\u0131nda bu nedenle tart\u0131\u015fma \u00e7\u0131kt\u0131\u011f\u0131, Mustafa Cankurtaran&#8217;\u0131n babas\u0131n\u0131 baltayla \u00f6ld\u00fcrd\u00fc\u011f\u00fc ve cesedini i\u015fletti\u011fi havuzun depo k\u0131sm\u0131na gizledi\u011fi tespit edildi.<\/p>\n\n\n\n<h3 class=\"wp-block-heading\">BULUNMASINDAN 4 AY \u00d6NCE \u00d6LD\u00dcR\u00dcLM\u00dc\u015e<\/h3>\n\n\n\n<p>Mustafa Cankurtaran&#8217;\u0131n, babas\u0131n\u0131 soran yak\u0131nlar\u0131na bir sabah kimseyle vedala\u015fmadan Yunanistan&#8217;a d\u00f6nd\u00fc\u011f\u00fcn\u00fc s\u00f6yledi\u011fi ve yak\u0131nlar\u0131n\u0131 ihbarda bulunmamalar\u0131 i\u00e7in oyalad\u0131\u011f\u0131 ileri s\u00fcr\u00fcld\u00fc. Bu s\u00fcre\u00e7te \u015f\u00fcphelinin, babas\u0131n\u0131n Yunanistan&#8217;dan getirdi\u011fi otomobili Ankara&#8217;ya g\u00f6t\u00fcrerek gayriresmi yollarla satt\u0131\u011f\u0131, ki\u015fisel e\u015fyalar\u0131n bir k\u0131sm\u0131ndan farkl\u0131 yollarla kurtuldu\u011fu, baz\u0131 e\u015fyalar\u0131 ise vicdan azab\u0131 nedeniyle saklad\u0131\u011f\u0131 iddia edildi. Yap\u0131lan adli incelemede Zihni Cankurtaran&#8217;\u0131n yakla\u015f\u0131k 4 ay \u00f6nce hayat\u0131n\u0131 kaybetti\u011fi belirlendi.<\/p>\n\n\n\n<figure class=\"wp-block-image\"><img decoding=\"async\" src=\"https:\/\/foto.haberler.com\/crop\/640x360\/haber\/2026\/01\/12\/boyle-evlat-olmaz-olsun-babasini-baltayla-19452144_7413_m.jpg\" alt=\"B\u00f6yle evlat olmaz olsun! Babas\u0131n\u0131 baltayla \u00f6ld\u00fcrm\u00fc\u015ft\u00fc, detaylar kan dondurdu\"\/><\/figure>\n\n\n\n<h3 class=\"wp-block-heading\">G\u00d6ZALTINA ALINAN 6 \u015e\u00dcPHEL\u0130DEN 5&#8217;\u0130 ADL\u0130YEYE SEVK ED\u0130LD\u0130<\/h3>\n\n\n\n<p>Delillerin toplanmas\u0131n\u0131n ard\u0131ndan, Asayi\u015f \u015eube M\u00fcd\u00fcrl\u00fc\u011f\u00fc Cinayet B\u00fcro Amirli\u011fi b\u00fcnyesindeki \u00f6zel ekip 9 Ocak g\u00fcn\u00fc operasyon d\u00fczenledi. Tokat merkezli olmak \u00fczere Ankara&#8217;da da e\u015f zamanl\u0131 ger\u00e7ekle\u015ftirilen operasyonda \u00e7ok say\u0131da adrese bask\u0131n yap\u0131ld\u0131. Operasyon kapsam\u0131nda Mustafa Cankurtaran ile olayla ba\u011flant\u0131l\u0131 oldu\u011fu belirtilen Z.C.C., \u0130.T., \u0130.N.C., O.B. ve G.A. g\u00f6zalt\u0131na al\u0131nd\u0131. \u015e\u00fcphelilerden G.A., emniyetteki ifadesinin ard\u0131ndan serbest b\u0131rak\u0131l\u0131rken, 5 \u015f\u00fcpheli bug\u00fcn adliyeye sevk edildi. Mustafa Cankurtaran, adliyeye getirildi\u011fi s\u0131rada gazetecilerin, &#8220;Baban\u0131z\u0131 siz mi \u00f6ld\u00fcrd\u00fcn\u00fcz?&#8221; sorusuna &#8220;Evet&#8221; yan\u0131t\u0131n\u0131 verdi.<\/p>\n\n\n\n<p>Olayla ilgili soru\u015fturman\u0131n \u00e7ok y\u00f6nl\u00fc olarak s\u00fcrd\u00fc\u011f\u00fc bildirildi.<\/p>\n","protected":false},"excerpt":{"rendered":"<p>Tokat&#8217;ta m\u00fclk sat\u0131\u015f\u0131 tart\u0131\u015fmas\u0131nda 79 ya\u015f\u0131ndaki babas\u0131 Zihni Cankurtaran&#8217;\u0131 baltayla \u00f6ld\u00fcr\u00fcp, cesedini de i\u015fletmecili\u011fini yapt\u0131\u011f\u0131 site havuzunun deposunda kokmamas\u0131 i\u00e7inde kire\u00e7leyerek saklayan Mustafa Cankurtaran ile 5 \u015f\u00fcpheli adliyeye sevk edildi. Yap\u0131lan incelemede Cankurtaran&#8217;\u0131n babas\u0131n\u0131 4 ay \u00f6nce \u00f6ld\u00fcrd\u00fc\u011f\u00fc tespit edildi. 79 ya\u015f\u0131ndaki Zihni Cankurtaran&#8217;\u0131n o\u011flu Mustafa Cankurtaran taraf\u0131ndan &#8216;m\u00fclk sat\u0131\u015f\u0131&#8217; tart\u0131\u015fmas\u0131nda baltayla \u00f6ld\u00fcr\u00fclmesi olay\u0131yla ilgili [&hellip;]<\/p>\n","protected":false},"author":1,"featured_media":8608,"comment_status":"open","ping_status":"open","sticky":false,"template":"","format":"standard","meta":{"footnotes":""},"categories":[1371,1],"tags":[1278,3419,3420,666,3421,3418],"class_list":["post-8607","post","type-post","status-publish","format-standard","has-post-thumbnail","hentry","category-asayis","category-gundem","tag-cinayet","tag-mustafa-cankurtaran","tag-sureyya-aksoy","tag-tokat","tag-tokat-cumhuriyet-bassavciligi","tag-zihni-cankurtaran"],"_links":{"self":[{"href":"https:\/\/www.trabzonmanset.com\/index.php\/wp-json\/wp\/v2\/posts\/8607","targetHints":{"allow":["GET"]}}],"collection":[{"href":"https:\/\/www.trabzonmanset.com\/index.php\/wp-json\/wp\/v2\/posts"}],"about":[{"href":"https:\/\/www.trabzonmanset.com\/index.php\/wp-json\/wp\/v2\/types\/post"}],"author":[{"embeddable":true,"href":"https:\/\/www.trabzonmanset.com\/index.php\/wp-json\/wp\/v2\/users\/1"}],"replies":[{"embeddable":true,"href":"https:\/\/www.trabzonmanset.com\/index.php\/wp-json\/wp\/v2\/comments?post=8607"}],"version-history":[{"count":1,"href":"https:\/\/www.trabzonmanset.com\/index.php\/wp-json\/wp\/v2\/posts\/8607\/revisions"}],"predecessor-version":[{"id":8609,"href":"https:\/\/www.trabzonmanset.com\/index.php\/wp-json\/wp\/v2\/posts\/8607\/revisions\/8609"}],"wp:featuredmedia":[{"embeddable":true,"href":"https:\/\/www.trabzonmanset.com\/index.php\/wp-json\/wp\/v2\/media\/8608"}],"wp:attachment":[{"href":"https:\/\/www.trabzonmanset.com\/index.php\/wp-json\/wp\/v2\/media?parent=8607"}],"wp:term":[{"taxonomy":"category","embeddable":true,"href":"https:\/\/www.trabzonmanset.com\/index.php\/wp-json\/wp\/v2\/categories?post=8607"},{"taxonomy":"post_tag","embeddable":true,"href":"https:\/\/www.trabzonmanset.com\/index.php\/wp-json\/wp\/v2\/tags?post=8607"}],"curies":[{"name":"wp","href":"https:\/\/api.w.org\/{rel}","templated":true}]}}