{"id":8604,"date":"2026-01-12T13:29:01","date_gmt":"2026-01-12T10:29:01","guid":{"rendered":"https:\/\/www.trabzonmanset.com\/?p=8604"},"modified":"2026-01-12T13:29:02","modified_gmt":"2026-01-12T10:29:02","slug":"arnavutkoy-belediyesinden-kemerleri-sikin-diyen-bakan-simseki-kizdiracak-karar","status":"publish","type":"post","link":"https:\/\/www.trabzonmanset.com\/index.php\/2026\/01\/12\/arnavutkoy-belediyesinden-kemerleri-sikin-diyen-bakan-simseki-kizdiracak-karar\/","title":{"rendered":"Arnavutk\u00f6y Belediyesi&#8217;nden &#8220;Kemerleri s\u0131k\u0131n&#8221; diyen Bakan \u015eim\u015fek&#8217;i k\u0131zd\u0131racak karar"},"content":{"rendered":"\n<p>Hazine ve Maliye Bakan\u0131 Mehmet \u015eim\u015fek&#8217;in kamuda tasarruf \u00e7a\u011fr\u0131lar\u0131 s\u00fcrerken, Arnavutk\u00f6y Belediyesi&#8217;nin 44 ki\u015finin kat\u0131laca\u011f\u0131 \u0130spanya program\u0131n\u0131n t\u00fcm giderlerini belediye b\u00fct\u00e7esinden kar\u015f\u0131lama karar\u0131 almas\u0131 dikkat \u00e7ekti.<\/p>\n\n\n\n<ul class=\"wp-block-list\">\n<li>Arnavutk\u00f6y Belediye Meclisi, 44 ki\u015finin kat\u0131laca\u011f\u0131 \u0130spanya&#8217;daki teknik inceleme ve temas program\u0131n\u0131n giderlerinin belediye b\u00fct\u00e7esinden kar\u015f\u0131lanmas\u0131n\u0131 \u00f6ng\u00f6ren teklifi oy \u00e7oklu\u011fuyla kabul etti.<\/li>\n\n\n\n<li>Program, 28 Ocak-1 \u015eubat 2026 tarihleri aras\u0131nda \u0130spanya&#8217;n\u0131n Marbella kentinde d\u00fczenlenecek ve kat\u0131l\u0131mc\u0131lar aras\u0131nda belediye ba\u015fkan\u0131, yard\u0131mc\u0131lar\u0131, \u00f6zel kalem personeli ve meclis \u00fcyeleri yer alacak.<\/li>\n\n\n\n<li>Teklif, giderlerin 6245 say\u0131l\u0131 Harc\u0131rah Kanunu h\u00fck\u00fcmleri \u00e7er\u00e7evesinde belediye b\u00fct\u00e7esinden kar\u015f\u0131lanmas\u0131n\u0131 talep etmektedir.<\/li>\n<\/ul>\n\n\n\n<p>Hazine ve Maliye Bakan\u0131 Mehmet \u015eim\u015fek&#8217;in kamuda tasarruf vurgusu s\u00fcrerken, AK Partili Mustafa Candaro\u011flu&#8217;nun y\u00f6netti\u011fi <strong>Arnavutk\u00f6y Belediyesi<\/strong>&#8216;nin 44 ki\u015finin kat\u0131laca\u011f\u0131 \u0130spanya program\u0131na ili\u015fkin giderlerin belediye b\u00fct\u00e7esinden kar\u015f\u0131lanmas\u0131n\u0131 \u00f6ng\u00f6ren teklifi mecliste oy \u00e7oklu\u011fuyla kabul etti\u011fi belirtildi.<\/p>\n\n\n\n<h3 class=\"wp-block-heading\">&#8220;YURTDI\u015eI TEKN\u0130K \u0130NCELEME VE TEMAS PROGRAMI&#8221; TEKL\u0130F\u0130 MECL\u0130SE SUNULDU<\/h3>\n\n\n\n<p>Arnavutk\u00f6y Belediye Meclisi&#8217;nin Aral\u0131k ay\u0131 oturumuna, Belediye Ba\u015fkan\u0131 Mustafa Candaro\u011flu&#8217;nun onay\u0131yla &#8220;Yurtd\u0131\u015f\u0131 Teknik \u0130nceleme ve Temas Program\u0131&#8221; ba\u015fl\u0131kl\u0131 bir teklif sunuldu. Teklifte, Eurokey Community&#8217;nin davetiyle 28 Ocak-1 \u015eubat 2026 tarihleri aras\u0131nda \u0130spanya&#8217;n\u0131n Marbella kentinde d\u00fczenlenecek program kapsam\u0131nda teknik inceleme ve temaslarda bulunulaca\u011f\u0131 kaydedildi.<\/p>\n\n\n\n<h3 class=\"wp-block-heading\">G\u0130DERLER BELED\u0130YE B\u00dcT\u00c7ES\u0130NDEN<\/h3>\n\n\n\n<p>Birg\u00fcn&#8217;den \u0130smail Ar\u0131&#8217;n\u0131n haberine g\u00f6re; Teklif metninde, g\u00f6revlendirilecek ki\u015filere ait giderlerin 6245 say\u0131l\u0131 Harc\u0131rah Kanunu h\u00fck\u00fcmleri \u00e7er\u00e7evesinde belediye b\u00fct\u00e7esinden kar\u015f\u0131lanmas\u0131 talep edildi.<\/p>\n\n\n\n<h3 class=\"wp-block-heading\">KATILIMCI L\u0130STES\u0130: BA\u015eKAN, YARDIMCILAR VE MECL\u0130S \u00dcYELER\u0130<\/h3>\n\n\n\n<p>Teklifte d\u00f6rt gecelik yurtd\u0131\u015f\u0131 gezisine Belediye Ba\u015fkan\u0131 Mustafa Candaro\u011flu&#8217;nun yan\u0131 s\u0131ra Belediye Ba\u015fkan Yard\u0131mc\u0131lar\u0131 Fatih Bozdemir, Ahmet Altay, L\u00fctf\u00fc K\u0131rm\u0131z\u0131 ve Davut Paral\u0131, \u00d6zel Kalem M\u00fcd\u00fcr\u00fc Muhammet Beg, \u00d6zel Kalem M\u00fcd\u00fcrl\u00fc\u011f\u00fc \u015eefi Mircan \u00d6zen ile AK Parti, CHP ve MHP&#8217;li meclis \u00fcyelerinin kat\u0131laca\u011f\u0131 ifade edildi.<\/p>\n\n\n\n<h3 class=\"wp-block-heading\">OY \u00c7OKLU\u011eUYLA KABUL ED\u0130LD\u0130<\/h3>\n\n\n\n<p>Az say\u0131da meclis \u00fcyesinin ret oyu verdi\u011fi teklifin, Belediye Meclisi&#8217;nde oy \u00e7oklu\u011fuyla kabul edildi\u011fi aktar\u0131ld\u0131. Kabul karar\u0131yla birlikte Arnavutk\u00f6y Belediyesi ad\u0131na toplam 44 ki\u015finin kat\u0131laca\u011f\u0131 \u0130spanya program\u0131n\u0131n harcamalar\u0131n\u0131n belediye b\u00fct\u00e7esinden kar\u015f\u0131lanaca\u011f\u0131 belirtildi.<\/p>\n\n\n\n<p><\/p>\n","protected":false},"excerpt":{"rendered":"<p>Hazine ve Maliye Bakan\u0131 Mehmet \u015eim\u015fek&#8217;in kamuda tasarruf \u00e7a\u011fr\u0131lar\u0131 s\u00fcrerken, Arnavutk\u00f6y Belediyesi&#8217;nin 44 ki\u015finin kat\u0131laca\u011f\u0131 \u0130spanya program\u0131n\u0131n t\u00fcm giderlerini belediye b\u00fct\u00e7esinden kar\u015f\u0131lama karar\u0131 almas\u0131 dikkat \u00e7ekti. Hazine ve Maliye Bakan\u0131 Mehmet \u015eim\u015fek&#8217;in kamuda tasarruf vurgusu s\u00fcrerken, AK Partili Mustafa Candaro\u011flu&#8217;nun y\u00f6netti\u011fi Arnavutk\u00f6y Belediyesi&#8216;nin 44 ki\u015finin kat\u0131laca\u011f\u0131 \u0130spanya program\u0131na ili\u015fkin giderlerin belediye b\u00fct\u00e7esinden kar\u015f\u0131lanmas\u0131n\u0131 \u00f6ng\u00f6ren teklifi [&hellip;]<\/p>\n","protected":false},"author":1,"featured_media":8605,"comment_status":"open","ping_status":"open","sticky":false,"template":"","format":"standard","meta":{"footnotes":""},"categories":[7,632],"tags":[3415,3416,3417,597],"class_list":["post-8604","post","type-post","status-publish","format-standard","has-post-thumbnail","hentry","category-ekonomi","category-siyaset","tag-arnavutkoy-belediye-meclisi","tag-arnavutkoy-belediyesi","tag-hazine-ve-maliye-bakani","tag-mehmet-simsek"],"_links":{"self":[{"href":"https:\/\/www.trabzonmanset.com\/index.php\/wp-json\/wp\/v2\/posts\/8604","targetHints":{"allow":["GET"]}}],"collection":[{"href":"https:\/\/www.trabzonmanset.com\/index.php\/wp-json\/wp\/v2\/posts"}],"about":[{"href":"https:\/\/www.trabzonmanset.com\/index.php\/wp-json\/wp\/v2\/types\/post"}],"author":[{"embeddable":true,"href":"https:\/\/www.trabzonmanset.com\/index.php\/wp-json\/wp\/v2\/users\/1"}],"replies":[{"embeddable":true,"href":"https:\/\/www.trabzonmanset.com\/index.php\/wp-json\/wp\/v2\/comments?post=8604"}],"version-history":[{"count":1,"href":"https:\/\/www.trabzonmanset.com\/index.php\/wp-json\/wp\/v2\/posts\/8604\/revisions"}],"predecessor-version":[{"id":8606,"href":"https:\/\/www.trabzonmanset.com\/index.php\/wp-json\/wp\/v2\/posts\/8604\/revisions\/8606"}],"wp:featuredmedia":[{"embeddable":true,"href":"https:\/\/www.trabzonmanset.com\/index.php\/wp-json\/wp\/v2\/media\/8605"}],"wp:attachment":[{"href":"https:\/\/www.trabzonmanset.com\/index.php\/wp-json\/wp\/v2\/media?parent=8604"}],"wp:term":[{"taxonomy":"category","embeddable":true,"href":"https:\/\/www.trabzonmanset.com\/index.php\/wp-json\/wp\/v2\/categories?post=8604"},{"taxonomy":"post_tag","embeddable":true,"href":"https:\/\/www.trabzonmanset.com\/index.php\/wp-json\/wp\/v2\/tags?post=8604"}],"curies":[{"name":"wp","href":"https:\/\/api.w.org\/{rel}","templated":true}]}}