{"id":8601,"date":"2026-01-12T13:20:24","date_gmt":"2026-01-12T10:20:24","guid":{"rendered":"https:\/\/www.trabzonmanset.com\/?p=8601"},"modified":"2026-01-12T13:20:25","modified_gmt":"2026-01-12T10:20:25","slug":"ssk-ve-bagkur-emeklisinin-kok-maas-hesabi-degisti-iste-yeni-zam-tablosu","status":"publish","type":"post","link":"https:\/\/www.trabzonmanset.com\/index.php\/2026\/01\/12\/ssk-ve-bagkur-emeklisinin-kok-maas-hesabi-degisti-iste-yeni-zam-tablosu\/","title":{"rendered":"SSK ve Ba\u011fkur emeklisinin k\u00f6k maa\u015f hesab\u0131 de\u011fi\u015fti: \u0130\u015fte yeni zam tablosu"},"content":{"rendered":"\n<p>Yeni y\u0131lda uygulanacak emekli zamm\u0131n\u0131n netle\u015fmesinin ard\u0131ndan, en d\u00fc\u015f\u00fck emekli ayl\u0131\u011f\u0131yla ilgili yap\u0131lan art\u0131\u015f g\u00fcndemin oda\u011f\u0131na oturdu. Yap\u0131lan d\u00fczenlemeye g\u00f6re, en d\u00fc\u015f\u00fck emekli maa\u015f\u0131 y\u00fczde 18,6 oran\u0131nda art\u0131r\u0131larak 20 bin TL seviyesine \u00e7\u0131kar\u0131ld\u0131. Yakla\u015f\u0131k 5 milyon emekliyi ilgilendiren bu s\u00fcre\u00e7te, SSK ve Ba\u011f-Kur emeklilerinin k\u00f6k maa\u015f hesaplama y\u00f6ntemi de g\u00fcncellendi.<\/p>\n\n\n\n<ul class=\"wp-block-list\">\n<li>SSK ve Ba\u011f-Kur emeklilerinin Ocak 2026 itibar\u0131yla alaca\u011f\u0131 zam oran\u0131 y\u00fczde 12,19 olarak belirlendi.<\/li>\n\n\n\n<li>En d\u00fc\u015f\u00fck emekli maa\u015f\u0131 y\u00fczde 18,6 oran\u0131nda art\u0131r\u0131larak 20 bin TL&#8217;ye y\u00fckseltildi.<\/li>\n\n\n\n<li>K\u00f6k maa\u015f\u0131 17 bin 827 TL&#8217;nin alt\u0131nda olan emekliler, taban maa\u015f d\u00fczenlemesi kapsam\u0131na girecek.<\/li>\n<\/ul>\n\n\n\n<p>Yeni y\u0131lla birlikte emekli maa\u015flar\u0131na yap\u0131lacak art\u0131\u015f oranlar\u0131 kesinle\u015fti. Aral\u0131k ay\u0131 enflasyon verilerinin a\u00e7\u0131klanmas\u0131n\u0131n ard\u0131ndan SSK ve Ba\u011f-Kur emeklilerinin Ocak 2026 itibar\u0131yla alaca\u011f\u0131 zam oran\u0131 y\u00fczde 12,19 olarak belirlendi. Bu art\u0131\u015fla birlikte emekli maa\u015flar\u0131nda yeni bir hesaplama d\u00f6nemine girildi.<\/p>\n\n\n\n<h3 class=\"wp-block-heading\">EN D\u00dc\u015e\u00dcK EMEKL\u0130 MAA\u015eI 20 B\u0130N TL OLDU<\/h3>\n\n\n\n<p>Enflasyon art\u0131\u015f\u0131 sonras\u0131 baz\u0131 emeklilerin maa\u015flar\u0131n\u0131n belirlenen taban seviyenin alt\u0131nda kalmas\u0131 \u00fczerine ek bir d\u00fczenleme g\u00fcndeme geldi. Yap\u0131lan yasal d\u00fczenlemeyle en d\u00fc\u015f\u00fck emekli maa\u015f\u0131 y\u00fczde 18,6 oran\u0131nda art\u0131r\u0131larak 20 bin TL&#8217;ye y\u00fckseltildi. Bu art\u0131\u015ftan yakla\u015f\u0131k 5 milyon emeklinin yararlanmas\u0131 bekleniyor.<\/p>\n\n\n\n<h3 class=\"wp-block-heading\">MAA\u015eI 17 B\u0130N TL&#8217;N\u0130N ALTINDA OLANLAR&#8230;<\/h3>\n\n\n\n<p>SSK ve Ba\u011f-Kur emeklilerinin k\u00f6k maa\u015f hesaplama y\u00f6ntemi de yeni d\u00fczenlemeyle birlikte de\u011fi\u015ftirildi. Y\u00fczde 12,19&#8217;luk enflasyon art\u0131\u015f\u0131na ra\u011fmen maa\u015f\u0131 20 bin TL&#8217;nin alt\u0131nda kalan emeklilerin ayl\u0131klar\u0131, yeni taban maa\u015f seviyesine tamamlanacak. Buna g\u00f6re k\u00f6k maa\u015f\u0131 17 bin 827 TL&#8217;nin alt\u0131nda olan emekliler, taban maa\u015f d\u00fczenlemesi kapsam\u0131na girecek.<\/p>\n\n\n\n<h3 class=\"wp-block-heading\">\u0130\u015fte k\u00f6k maa\u015f hesab\u0131;<\/h3>\n\n\n\n<figure class=\"wp-block-image\"><img decoding=\"async\" src=\"https:\/\/foto.haberler.com\/crop\/633x713\/haber\/2026\/01\/12\/ssk-ve-bagkur-emeklisinin-kok-maas-hesabi-degisti-19452937_1056_m.jpg\" alt=\"SSK ve Ba\u011fkur emeklisinin k\u00f6k maa\u015f hesab\u0131 de\u011fi\u015fti: \u0130\u015fte yeni zam tablosu\"\/><\/figure>\n\n\n\n<h3 class=\"wp-block-heading\">AK PART\u0130L\u0130 G\u00dcLER&#8217;\u0130N A\u00c7IKLAMASI<\/h3>\n\n\n\n<p>AK Parti Grup Ba\u015fkan\u0131 Abdullah G\u00fcler, yapt\u0131\u011f\u0131 a\u00e7\u0131klamada, SSK ve Ba\u011f-Kur emeklilerine enflasyon fark\u0131 kapsam\u0131nda y\u00fczde 12,19 zam yap\u0131ld\u0131\u011f\u0131n\u0131, memur emeklileri i\u00e7in ise bu oran\u0131n y\u00fczde 18,60 olarak belirlendi\u011fini duyurdu. G\u00fcler ayr\u0131ca, taban ayl\u0131k uygulamas\u0131n\u0131n 2026 y\u0131l\u0131 boyunca devam edece\u011fini ifade etti.<\/p>\n\n\n\n<h3 class=\"wp-block-heading\">D\u00dcZENLEME TBMM&#8217;YE SUNULDU<\/h3>\n\n\n\n<p>En d\u00fc\u015f\u00fck emekli maa\u015f\u0131na ili\u015fkin d\u00fczenleme, AK Parti taraf\u0131ndan T\u00fcrkiye B\u00fcy\u00fck Millet Meclisi&#8217;ne sunuldu. Teklifin TBMM Genel Kurulu&#8217;nda kabul edilmesinin ard\u0131ndan Cumhurba\u015fkan\u0131 Recep Tayyip Erdo\u011fan&#8217;\u0131n onay\u0131yla Resmi Gazete&#8217;de yay\u0131mlanarak y\u00fcr\u00fcrl\u00fc\u011fe girmesi bekleniyor. Yeni d\u00fczenleme, zam sonras\u0131 maa\u015f\u0131 20 bin TL seviyesine ula\u015fmayan SSK ve Ba\u011f-Kur emeklilerini kaps\u0131yor. K\u00f6k maa\u015f\u0131 d\u00fc\u015f\u00fck olan emekliler, yasal d\u00fczenleme sayesinde taban maa\u015f \u00fczerinden \u00f6deme alacak. B\u00f6ylece 2026 y\u0131l\u0131nda hi\u00e7bir emeklinin maa\u015f\u0131 20 bin TL&#8217;nin alt\u0131nda kalmayacak.<\/p>\n","protected":false},"excerpt":{"rendered":"<p>Yeni y\u0131lda uygulanacak emekli zamm\u0131n\u0131n netle\u015fmesinin ard\u0131ndan, en d\u00fc\u015f\u00fck emekli ayl\u0131\u011f\u0131yla ilgili yap\u0131lan art\u0131\u015f g\u00fcndemin oda\u011f\u0131na oturdu. Yap\u0131lan d\u00fczenlemeye g\u00f6re, en d\u00fc\u015f\u00fck emekli maa\u015f\u0131 y\u00fczde 18,6 oran\u0131nda art\u0131r\u0131larak 20 bin TL seviyesine \u00e7\u0131kar\u0131ld\u0131. Yakla\u015f\u0131k 5 milyon emekliyi ilgilendiren bu s\u00fcre\u00e7te, SSK ve Ba\u011f-Kur emeklilerinin k\u00f6k maa\u015f hesaplama y\u00f6ntemi de g\u00fcncellendi. Yeni y\u0131lla birlikte emekli maa\u015flar\u0131na [&hellip;]<\/p>\n","protected":false},"author":1,"featured_media":8602,"comment_status":"open","ping_status":"open","sticky":false,"template":"","format":"standard","meta":{"footnotes":""},"categories":[7,1],"tags":[3412,3414,965,3413],"class_list":["post-8601","post","type-post","status-publish","format-standard","has-post-thumbnail","hentry","category-ekonomi","category-gundem","tag-bag-kur-emekliler","tag-bagkur-zam","tag-ssk","tag-ssk-zam"],"_links":{"self":[{"href":"https:\/\/www.trabzonmanset.com\/index.php\/wp-json\/wp\/v2\/posts\/8601","targetHints":{"allow":["GET"]}}],"collection":[{"href":"https:\/\/www.trabzonmanset.com\/index.php\/wp-json\/wp\/v2\/posts"}],"about":[{"href":"https:\/\/www.trabzonmanset.com\/index.php\/wp-json\/wp\/v2\/types\/post"}],"author":[{"embeddable":true,"href":"https:\/\/www.trabzonmanset.com\/index.php\/wp-json\/wp\/v2\/users\/1"}],"replies":[{"embeddable":true,"href":"https:\/\/www.trabzonmanset.com\/index.php\/wp-json\/wp\/v2\/comments?post=8601"}],"version-history":[{"count":1,"href":"https:\/\/www.trabzonmanset.com\/index.php\/wp-json\/wp\/v2\/posts\/8601\/revisions"}],"predecessor-version":[{"id":8603,"href":"https:\/\/www.trabzonmanset.com\/index.php\/wp-json\/wp\/v2\/posts\/8601\/revisions\/8603"}],"wp:featuredmedia":[{"embeddable":true,"href":"https:\/\/www.trabzonmanset.com\/index.php\/wp-json\/wp\/v2\/media\/8602"}],"wp:attachment":[{"href":"https:\/\/www.trabzonmanset.com\/index.php\/wp-json\/wp\/v2\/media?parent=8601"}],"wp:term":[{"taxonomy":"category","embeddable":true,"href":"https:\/\/www.trabzonmanset.com\/index.php\/wp-json\/wp\/v2\/categories?post=8601"},{"taxonomy":"post_tag","embeddable":true,"href":"https:\/\/www.trabzonmanset.com\/index.php\/wp-json\/wp\/v2\/tags?post=8601"}],"curies":[{"name":"wp","href":"https:\/\/api.w.org\/{rel}","templated":true}]}}