{"id":8512,"date":"2026-01-09T16:07:44","date_gmt":"2026-01-09T13:07:44","guid":{"rendered":"https:\/\/www.trabzonmanset.com\/?p=8512"},"modified":"2026-01-09T16:07:45","modified_gmt":"2026-01-09T13:07:45","slug":"organize-suc-orgutune-yonelik-21-ildeki-operasyonlarda-96-supheli-yakalandi","status":"publish","type":"post","link":"https:\/\/www.trabzonmanset.com\/index.php\/2026\/01\/09\/organize-suc-orgutune-yonelik-21-ildeki-operasyonlarda-96-supheli-yakalandi\/","title":{"rendered":"Organize su\u00e7 \u00f6rg\u00fct\u00fcne y\u00f6nelik 21 ildeki operasyonlarda 96 \u015f\u00fcpheli yakaland\u0131"},"content":{"rendered":"\n<p>\u0130stanbul merkezli 21 ilde &#8220;Casperlar&#8221; su\u00e7 \u00f6rg\u00fct\u00fcne yap\u0131lan operasyonda 96 \u015f\u00fcpheli g\u00f6zalt\u0131na al\u0131nd\u0131.<\/p>\n\n\n\n<p>\u0130\u00e7i\u015fleri Bakan\u0131 Ali Yerlikaya, NSosyal hesab\u0131ndan yapt\u0131\u011f\u0131 a\u00e7\u0131klamada, sabah saatlerinde organize su\u00e7 \u00f6rg\u00fct\u00fcne y\u00f6nelik e\u015f zamanl\u0131 operasyon d\u00fczenlendi\u011fini bildirdi.<\/p>\n\n\n\n<p>Bakan Yerlikaya, \u0130stanbul merkezli operasyonun Ankara, \u0130zmir, Diyarbak\u0131r, Antalya, Amasya, Ordu, D\u00fczce, Elaz\u0131\u011f, \u015eanl\u0131urfa, Trabzon, Mardin, Tokat, Sinop, Bitlis, Samsun, \u00c7anakkale, Sakarya, Ad\u0131yaman, Malatya ve Tekirda\u011f dahil olmak \u00fczere 21 ilde ger\u00e7ekle\u015ftirildi\u011fini belirtti.<\/p>\n\n\n\n<p>Yerlikaya, &#8220;\u0130stanbul merkezli 21 ilde eleba\u015f\u0131l\u0131\u011f\u0131n\u0131 yurt d\u0131\u015f\u0131nda (cezaevinde) bulunan \u015fahs\u0131n yapt\u0131\u011f\u0131 organize su\u00e7 \u00f6rg\u00fct\u00fcne y\u00f6nelik bu sabah e\u015f zamanl\u0131 olarak d\u00fczenlenen operasyonlar\u0131m\u0131zda 96 \u015f\u00fcpheliyi yakalad\u0131k.&#8221; bilgisini payla\u015ft\u0131.<\/p>\n\n\n\n<p>Vatanda\u015flar\u0131n organize su\u00e7 \u00f6rg\u00fct\u00fc \u00fcyelerinin i\u015fleyebilece\u011fi ya\u011fma ve kasten yaralama gibi su\u00e7lardan zarar g\u00f6rmesini engellediklerini vurgulayan Yerlikaya, \u00e7al\u0131\u015fmalar\u0131n \u0130stanbul Emniyet M\u00fcd\u00fcrl\u00fc\u011f\u00fc Organize Su\u00e7larla M\u00fccadele \u015eube M\u00fcd\u00fcrl\u00fc\u011f\u00fc ve Bak\u0131rk\u00f6y Cumhuriyet Ba\u015fsavc\u0131l\u0131\u011f\u0131 koordinesinde yap\u0131ld\u0131\u011f\u0131n\u0131 ifade etti.<\/p>\n\n\n\n<p>Bakan Yerlikaya, yakalanan \u015f\u00fcphelilerin \u00f6rg\u00fct\u00fcn h\u00fccre evlerine yerle\u015ftirdikleri genellikle ya\u015f\u0131 k\u00fc\u00e7\u00fck ki\u015fileri \u00e7al\u0131nt\u0131 ara\u00e7 veya motosikletle kasten yaralama, i\u015f yeri kur\u015funlama ve ya\u011fma amac\u0131yla tehdit eylemlerinde kulland\u0131klar\u0131n\u0131n, sosyal medya platformlar\u0131 \u00fczerinden l\u00fcks ya\u015fam ve y\u00fcksek kazan\u00e7 vaadiyle su\u00e7 \u00f6rg\u00fctlerine \u00fcye kazand\u0131rmaya \u00e7al\u0131\u015ft\u0131klar\u0131n\u0131n ve \u00f6rg\u00fct\u00fcn propagandas\u0131n\u0131 yapt\u0131klar\u0131n\u0131n tespit edildi\u011fini bildirdi.<\/p>\n\n\n\n<p>Organize su\u00e7 \u00f6rg\u00fctlerine y\u00f6nelik m\u00fccadelelerini kararl\u0131l\u0131kla s\u00fcrd\u00fcrd\u00fcklerini vurgulayan Yerlikaya, ba\u015fta Bak\u0131rk\u00f6y Cumhuriyet Ba\u015fsavc\u0131l\u0131\u011f\u0131 ve \u0130stanbul Emniyet M\u00fcd\u00fcr\u00fc olmak \u00fczere \u00e7al\u0131\u015fmalarda eme\u011fi ge\u00e7enlere te\u015fekk\u00fcr etti.<\/p>\n\n\n\n<h3 class=\"wp-block-heading\">Operasyona ili\u015fkin detaylar&nbsp;<\/h3>\n\n\n\n<p>Bak\u0131rk\u00f6y Cumhuriyet Ba\u015fsavc\u0131l\u0131\u011f\u0131nca yap\u0131lan a\u00e7\u0131klamada, \u00d6rg\u00fctl\u00fc Su\u00e7lar\u0131 Soru\u015fturma B\u00fcrosu taraf\u0131ndan &#8220;yeni nesil silahl\u0131 su\u00e7 \u00f6rg\u00fctleri&#8221;ne y\u00f6nelik soru\u015fturma i\u015flemleri y\u00fcr\u00fct\u00fcld\u00fc\u011f\u00fc belirtildi.<\/p>\n\n\n\n<p>Kamuoyunda &#8220;Casperlar&#8221; olarak bilinen, &#8220;Hamu\u015f&#8221; kod adl\u0131 \u0130smail At\u0131z&#8217;in s\u00f6zde liderli\u011finde su\u00e7 i\u015flemek amac\u0131yla kurulan silahl\u0131 su\u00e7 \u00f6rg\u00fct\u00fc hakk\u0131nda \u0130stanbul geneli ve ba\u015fkaca \u015fehirlerde y\u00fcr\u00fct\u00fclen faaliyetler kapsamda, &#8220;su\u00e7 i\u015flemek amac\u0131yla silahl\u0131 su\u00e7 \u00f6rg\u00fct\u00fc kurma ve y\u00f6netme&#8221;, &#8220;su\u00e7 i\u015flemek amac\u0131yla kurulan silahl\u0131 su\u00e7 \u00f6rg\u00fct\u00fcne \u00fcye olma&#8221;, &#8220;\u00f6rg\u00fct propagandas\u0131 yapma&#8221;, &#8220;kasten adam \u00f6ld\u00fcrme&#8221;, &#8220;kasten adam \u00f6ld\u00fcrmeye te\u015febb\u00fcs etme&#8221;, &#8220;nitelikli ya\u011fma&#8221;, &#8220;nitelikli h\u0131rs\u0131zl\u0131k&#8221;, &#8220;silahl\u0131 tehdit&#8221;, &#8220;kasten yaralama&#8221;, &#8220;silahla kasten yaralama&#8221;, &#8220;tehlikeli maddeleri izinsiz olarak bulundurma&#8221;, &#8220;resmi belgede sahtecilik&#8221;, &#8220;6136 say\u0131l\u0131 kanuna muhalefet etme&#8221;, &#8220;kasten yang\u0131n \u00e7\u0131karma&#8221;, &#8220;genel g\u00fcvenli\u011fin kasten tehlikeye sokulmas\u0131&#8221; ve &#8220;mala zarar verme&#8221; su\u00e7lar\u0131ndan 30 Aral\u0131k 2025&#8217;te 145&#8217;i tutuklu 223 \u015f\u00fcpheli hakk\u0131nda iddianame haz\u0131rland\u0131\u011f\u0131 aktar\u0131lan a\u00e7\u0131klamada, \u015funlar kaydedildi:<\/p>\n\n\n\n<p>&#8220;Devam eden soru\u015fturmalar neticesinde an\u0131lan silahl\u0131 su\u00e7 \u00f6rg\u00fct\u00fcn\u00fcn eylem ve faaliyetlerinin s\u00fcreklilik arz edecek \u015fekilde devam etti\u011fine y\u00f6nelik kolluk birimlerince yeni tespitlere ula\u015f\u0131lm\u0131\u015ft\u0131r. Bu kapsamda, \u00f6rg\u00fct\u00fcn eylemlerinde yer ald\u0131\u011f\u0131, \u00f6rg\u00fctle irtibat ve iltisakl\u0131 oldu\u011fu de\u011ferlendirilen, ayr\u0131ca Instagram isimli sosyal medya platformu \u00fczerinden \u00f6rg\u00fct propagandas\u0131 yapt\u0131\u011f\u0131 tespit edilen 117 \u015f\u00fcpheli hakk\u0131nda, 223 farkl\u0131 adreste arama, el koyma, yakalama ve g\u00f6zalt\u0131 i\u015flemlerinin ger\u00e7ekle\u015ftirilmesi amac\u0131yla \u0130stanbul ba\u015fta olmak \u00fczere Ad\u0131yaman, Amasya, Ankara, Antalya, Bitlis, \u00c7anakkale, Diyarbak\u0131r, D\u00fczce, Elaz\u0131\u011f, \u0130zmir, Malatya, Mardin, Ordu, Sakarya, Samsun, Sinop, \u015eanl\u0131urfa, Tekirda\u011f, Tokat ve Trabzon illerinde e\u015f zamanl\u0131 operasyon d\u00fczenlenmesi i\u00e7in \u0130stanbul \u0130l Emniyet M\u00fcd\u00fcrl\u00fc\u011f\u00fc Organize Su\u00e7larla M\u00fccadele \u015eube M\u00fcd\u00fcrl\u00fc\u011f\u00fcne gerekli talimatlar verilmi\u015ftir.&#8221;<\/p>\n\n\n\n<p>Ba\u015fta \u0130stanbul olmak \u00fczere \u00fclke genelinde ve uluslararas\u0131 alanda organize su\u00e7 faaliyetlerinde bulundu\u011fu belirlenen \u015f\u00fcphelilerin genellikle ya\u015f\u0131 k\u00fc\u00e7\u00fck ki\u015fileri \u00f6rg\u00fct\u00fcn h\u00fccre evlerine yerle\u015ftirdikleri, bu ki\u015fileri \u00e7al\u0131nt\u0131 ara\u00e7 veya motosikletle kasten yaralama, i\u015f yeri kur\u015funlama ve ya\u011fma amac\u0131yla tehdit eylemlerinde kulland\u0131klar\u0131, sosyal medya platformlar\u0131 \u00fczerinden l\u00fcks ya\u015fam ile y\u00fcksek kazan\u00e7 vaadiyle su\u00e7 \u00f6rg\u00fctlerine \u00fcye kazand\u0131rmaya \u00e7al\u0131\u015ft\u0131klar\u0131 ve \u00f6rg\u00fct propagandas\u0131 yapt\u0131klar\u0131 tespit edildi.<\/p>\n\n\n\n<p>Polis ekiplerince bu kapsamda d\u00fczenlenen operasyonlarda 96 \u015f\u00fcpheli g\u00f6zalt\u0131na al\u0131nd\u0131.<\/p>\n\n\n\n<p>\u0130stanbul merkezli Ankara, \u0130zmir, Diyarbak\u0131r, Antalya, Amasya, Ordu, D\u00fczce, Elaz\u0131\u011f, \u015eanl\u0131urfa, Trabzon, Mardin, Tokat, Sinop, Bitlis, Samsun, \u00c7anakkale, Sakarya, Ad\u0131yaman, Malatya ve Tekirda\u011f&#8217;da belirlenen adreslerde 5 ruhsats\u0131z silah, 2 \u00e7elik yelek, 67 fi\u015fek ile 300 gram uyu\u015fturucu ele ge\u00e7irildi.<\/p>\n\n\n\n<p>\u015e\u00fcphelilerin emniyetteki i\u015flemleri devam ediyor.<\/p>\n\n\n\n<p>\u0130\u00e7i\u015fleri Bakan\u0131 Ali Yerlikaya da NSosyal hesab\u0131ndan yapt\u0131\u011f\u0131 a\u00e7\u0131klamada, &#8220;\u0130stanbul merkezli 21 ilde eleba\u015f\u0131l\u0131\u011f\u0131n\u0131 yurt d\u0131\u015f\u0131nda (cezaevinde) bulunan \u015fahs\u0131n yapt\u0131\u011f\u0131 organize su\u00e7 \u00f6rg\u00fct\u00fcne y\u00f6nelik bu sabah e\u015f zamanl\u0131 olarak d\u00fczenlenen operasyonlar\u0131m\u0131zda 96 \u015f\u00fcpheliyi yakalad\u0131k.&#8221; ifadelerini kullanm\u0131\u015ft\u0131.<\/p>\n\n\n\n<p>Kaynak: AA<\/p>\n","protected":false},"excerpt":{"rendered":"<p>\u0130stanbul merkezli 21 ilde &#8220;Casperlar&#8221; su\u00e7 \u00f6rg\u00fct\u00fcne yap\u0131lan operasyonda 96 \u015f\u00fcpheli g\u00f6zalt\u0131na al\u0131nd\u0131. \u0130\u00e7i\u015fleri Bakan\u0131 Ali Yerlikaya, NSosyal hesab\u0131ndan yapt\u0131\u011f\u0131 a\u00e7\u0131klamada, sabah saatlerinde organize su\u00e7 \u00f6rg\u00fct\u00fcne y\u00f6nelik e\u015f zamanl\u0131 operasyon d\u00fczenlendi\u011fini bildirdi. Bakan Yerlikaya, \u0130stanbul merkezli operasyonun Ankara, \u0130zmir, Diyarbak\u0131r, Antalya, Amasya, Ordu, D\u00fczce, Elaz\u0131\u011f, \u015eanl\u0131urfa, Trabzon, Mardin, Tokat, Sinop, Bitlis, Samsun, \u00c7anakkale, Sakarya, Ad\u0131yaman, [&hellip;]<\/p>\n","protected":false},"author":1,"featured_media":8513,"comment_status":"open","ping_status":"open","sticky":false,"template":"","format":"standard","meta":{"footnotes":""},"categories":[1],"tags":[1321,1118,230,1320,563,1322,3345,1074,1676,1308,1418,3346,1323,3347,947,1677,606,214,2458,666,541],"class_list":["post-8512","post","type-post","status-publish","format-standard","has-post-thumbnail","hentry","category-gundem","tag-adiyaman","tag-amasya","tag-ankara","tag-antalya","tag-bitlis","tag-canakkale","tag-casperlar","tag-diyarbakir","tag-duzce","tag-elazig","tag-izmir","tag-malatya-ve-tekirdag","tag-mardin","tag-nitelikli-yagma","tag-ordu","tag-sakarya","tag-samsun","tag-sanliurfa","tag-sinop","tag-tokat","tag-trabzon"],"_links":{"self":[{"href":"https:\/\/www.trabzonmanset.com\/index.php\/wp-json\/wp\/v2\/posts\/8512","targetHints":{"allow":["GET"]}}],"collection":[{"href":"https:\/\/www.trabzonmanset.com\/index.php\/wp-json\/wp\/v2\/posts"}],"about":[{"href":"https:\/\/www.trabzonmanset.com\/index.php\/wp-json\/wp\/v2\/types\/post"}],"author":[{"embeddable":true,"href":"https:\/\/www.trabzonmanset.com\/index.php\/wp-json\/wp\/v2\/users\/1"}],"replies":[{"embeddable":true,"href":"https:\/\/www.trabzonmanset.com\/index.php\/wp-json\/wp\/v2\/comments?post=8512"}],"version-history":[{"count":1,"href":"https:\/\/www.trabzonmanset.com\/index.php\/wp-json\/wp\/v2\/posts\/8512\/revisions"}],"predecessor-version":[{"id":8514,"href":"https:\/\/www.trabzonmanset.com\/index.php\/wp-json\/wp\/v2\/posts\/8512\/revisions\/8514"}],"wp:featuredmedia":[{"embeddable":true,"href":"https:\/\/www.trabzonmanset.com\/index.php\/wp-json\/wp\/v2\/media\/8513"}],"wp:attachment":[{"href":"https:\/\/www.trabzonmanset.com\/index.php\/wp-json\/wp\/v2\/media?parent=8512"}],"wp:term":[{"taxonomy":"category","embeddable":true,"href":"https:\/\/www.trabzonmanset.com\/index.php\/wp-json\/wp\/v2\/categories?post=8512"},{"taxonomy":"post_tag","embeddable":true,"href":"https:\/\/www.trabzonmanset.com\/index.php\/wp-json\/wp\/v2\/tags?post=8512"}],"curies":[{"name":"wp","href":"https:\/\/api.w.org\/{rel}","templated":true}]}}