{"id":8488,"date":"2026-01-08T13:18:00","date_gmt":"2026-01-08T10:18:00","guid":{"rendered":"https:\/\/www.trabzonmanset.com\/?p=8488"},"modified":"2026-01-08T22:21:41","modified_gmt":"2026-01-08T19:21:41","slug":"catidan-kopan-kereste-seyir-halindeki-otobuse-saplandi","status":"publish","type":"post","link":"https:\/\/www.trabzonmanset.com\/index.php\/2026\/01\/08\/catidan-kopan-kereste-seyir-halindeki-otobuse-saplandi\/","title":{"rendered":"\u00c7at\u0131dan kopan kereste seyir halindeki otob\u00fcse sapland\u0131"},"content":{"rendered":"\n<p>Kocaeli genelinde etkili olan \u015fiddetli f\u0131rt\u0131na, g\u00fcnl\u00fck ya\u015fam\u0131 ve trafi\u011fi olumsuz etkiledi. Binalar\u0131n \u00e7at\u0131lar\u0131n\u0131n u\u00e7tu\u011fu, a\u011fa\u00e7lar\u0131n devrildi\u011fi kentte seyir halindeki yolcu otob\u00fcs\u00fcne \u00e7at\u0131dan u\u00e7an kereste sapland\u0131. T\u0131rlar\u0131n yolda ilerlemekte g\u00fc\u00e7l\u00fck \u00e7ekti\u011fi f\u0131rt\u0131nada, bir\u00e7ok i\u015f yeri ve ara\u00e7ta maddi hasar meydana geldi.<\/p>\n\n\n\n<figure class=\"wp-block-video\"><video controls src=\"https:\/\/www.trabzonmanset.com\/wp-content\/uploads\/2026\/01\/otobus.mp4\"><\/video><\/figure>\n\n\n\n<p>Kocaeli\u2019de gece saatlerinden itibaren \u015fiddetini art\u0131ran f\u0131rt\u0131na, K\u00f6rfez, Dilovas\u0131, Gebze, Dar\u0131ca ve \u00c7ay\u0131rova il\u00e7eleri ba\u015fta olmak \u00fczere kent genelinde b\u00fcy\u00fck hasara yol a\u00e7t\u0131. \u015eiddetli r\u00fczgar nedeniyle bir\u00e7ok binan\u0131n \u00e7at\u0131s\u0131 yerinden s\u00f6k\u00fclerek yollara ve park halindeki ara\u00e7lar\u0131n \u00fczerine savruldu. Belediye ekipleri, yollara d\u00fc\u015fen \u00e7at\u0131 par\u00e7alar\u0131n\u0131 temizlemek ve trafi\u011fi a\u00e7mak i\u00e7in yo\u011fun mesai harcad\u0131.<\/p>\n\n\n\n<figure class=\"wp-block-image\"><img decoding=\"async\" src=\"https:\/\/cdn.iha.com.tr\/Contents\/26-01\/08\/aw615972_03.jpg\" alt=\"\u00c7at\u0131dan kopan kereste seyir halindeki otob\u00fcse sapland\u0131\"\/><\/figure>\n\n\n\n<p><strong>Otob\u00fcs \u015fof\u00f6r\u00fc facian\u0131n e\u015fi\u011finden d\u00f6nd\u00fc<\/strong><\/p>\n\n\n\n<p>F\u0131rt\u0131nan\u0131n en \u00e7arp\u0131c\u0131 olay\u0131 Dar\u0131ca il\u00e7esinde ya\u015fand\u0131. Seyir halindeki bir yolcu otob\u00fcs\u00fcn\u00fcn \u00fczerine, binan\u0131n \u00e7at\u0131s\u0131ndan u\u00e7an kereste par\u00e7as\u0131 d\u00fc\u015ft\u00fc. Kerestenin \u015fof\u00f6r koltu\u011funun hemen \u00fcst k\u0131sm\u0131na sapland\u0131\u011f\u0131 olayda, \u015fans eseri yaralanan olmad\u0131.<\/p>\n\n\n\n<figure class=\"wp-block-image\"><img decoding=\"async\" src=\"https:\/\/cdn.iha.com.tr\/Contents\/26-01\/08\/aw615972_10.jpg\" alt=\"\u00c7at\u0131dan kopan kereste seyir halindeki otob\u00fcse sapland\u0131\"\/><\/figure>\n\n\n\n<p><strong>A\u011fa\u00e7lar devrildi, \u00e7at\u0131lar yola savruldu<\/strong><\/p>\n\n\n\n<p>F\u0131rt\u0131na en \u00e7ok trafi\u011fi olumsuz etkiledi. \u00d6zellikle a\u00e7\u0131k alanlarda ve ana arterlerde seyir halindeki t\u0131rlar\u0131n r\u00fczgar nedeniyle g\u00fc\u00e7l\u00fckle ilerledi\u011fi, baz\u0131 t\u0131rlar\u0131n ise be\u015fik gibi salland\u0131\u011f\u0131 g\u00f6r\u00fcld\u00fc. S\u00fcr\u00fcc\u00fcler zor anlar ya\u015farken, ekipler zaman zaman trafi\u011fi kontroll\u00fc \u015fekilde sa\u011flad\u0131. Vatanda\u015flar ise y\u00fcr\u00fcmekte g\u00fc\u00e7l\u00fck \u00e7ekti.<\/p>\n\n\n\n<figure class=\"wp-block-image\"><img decoding=\"async\" src=\"https:\/\/cdn.iha.com.tr\/Contents\/26-01\/08\/aw615972_05.jpg\" alt=\"\u00c7at\u0131dan kopan kereste seyir halindeki otob\u00fcse sapland\u0131\"\/><\/figure>\n\n\n\n<p>\u015eiddetli r\u00fczgar\u0131n etkisiyle \u00e7ok say\u0131da a\u011fa\u00e7 k\u00f6k\u00fcnden s\u00f6k\u00fclerek devrildi. Devrilen a\u011fa\u00e7lar, park halindeki ara\u00e7lar\u0131n \u00fczerine d\u00fc\u015ferek hasara neden oldu. Ayr\u0131ca baz\u0131 kafelerin camlar\u0131 r\u00fczgar\u0131n etkisiyle yerlerinden s\u00f6k\u00fcld\u00fc, i\u015fletmelerde maddi zarar olu\u015ftu.<\/p>\n\n\n\n<p>Kaynak: \u0130HA<\/p>\n","protected":false},"excerpt":{"rendered":"<p>Kocaeli genelinde etkili olan \u015fiddetli f\u0131rt\u0131na, g\u00fcnl\u00fck ya\u015fam\u0131 ve trafi\u011fi olumsuz etkiledi. Binalar\u0131n \u00e7at\u0131lar\u0131n\u0131n u\u00e7tu\u011fu, a\u011fa\u00e7lar\u0131n devrildi\u011fi kentte seyir halindeki yolcu otob\u00fcs\u00fcne \u00e7at\u0131dan u\u00e7an kereste sapland\u0131. T\u0131rlar\u0131n yolda ilerlemekte g\u00fc\u00e7l\u00fck \u00e7ekti\u011fi f\u0131rt\u0131nada, bir\u00e7ok i\u015f yeri ve ara\u00e7ta maddi hasar meydana geldi. Kocaeli\u2019de gece saatlerinden itibaren \u015fiddetini art\u0131ran f\u0131rt\u0131na, K\u00f6rfez, Dilovas\u0131, Gebze, Dar\u0131ca ve \u00c7ay\u0131rova il\u00e7eleri [&hellip;]<\/p>\n","protected":false},"author":1,"featured_media":8490,"comment_status":"open","ping_status":"open","sticky":false,"template":"","format":"standard","meta":{"footnotes":""},"categories":[1,9],"tags":[901,3326,401],"class_list":["post-8488","post","type-post","status-publish","format-standard","has-post-thumbnail","hentry","category-gundem","category-video-galeri","tag-kocaeli","tag-kocaeli-firtina","tag-otobus"],"_links":{"self":[{"href":"https:\/\/www.trabzonmanset.com\/index.php\/wp-json\/wp\/v2\/posts\/8488","targetHints":{"allow":["GET"]}}],"collection":[{"href":"https:\/\/www.trabzonmanset.com\/index.php\/wp-json\/wp\/v2\/posts"}],"about":[{"href":"https:\/\/www.trabzonmanset.com\/index.php\/wp-json\/wp\/v2\/types\/post"}],"author":[{"embeddable":true,"href":"https:\/\/www.trabzonmanset.com\/index.php\/wp-json\/wp\/v2\/users\/1"}],"replies":[{"embeddable":true,"href":"https:\/\/www.trabzonmanset.com\/index.php\/wp-json\/wp\/v2\/comments?post=8488"}],"version-history":[{"count":1,"href":"https:\/\/www.trabzonmanset.com\/index.php\/wp-json\/wp\/v2\/posts\/8488\/revisions"}],"predecessor-version":[{"id":8491,"href":"https:\/\/www.trabzonmanset.com\/index.php\/wp-json\/wp\/v2\/posts\/8488\/revisions\/8491"}],"wp:featuredmedia":[{"embeddable":true,"href":"https:\/\/www.trabzonmanset.com\/index.php\/wp-json\/wp\/v2\/media\/8490"}],"wp:attachment":[{"href":"https:\/\/www.trabzonmanset.com\/index.php\/wp-json\/wp\/v2\/media?parent=8488"}],"wp:term":[{"taxonomy":"category","embeddable":true,"href":"https:\/\/www.trabzonmanset.com\/index.php\/wp-json\/wp\/v2\/categories?post=8488"},{"taxonomy":"post_tag","embeddable":true,"href":"https:\/\/www.trabzonmanset.com\/index.php\/wp-json\/wp\/v2\/tags?post=8488"}],"curies":[{"name":"wp","href":"https:\/\/api.w.org\/{rel}","templated":true}]}}