{"id":8484,"date":"2026-01-08T16:13:00","date_gmt":"2026-01-08T13:13:00","guid":{"rendered":"https:\/\/www.trabzonmanset.com\/?p=8484"},"modified":"2026-01-08T22:16:17","modified_gmt":"2026-01-08T19:16:17","slug":"firtinada-seyir-halindeki-kamyonet-devrildi","status":"publish","type":"post","link":"https:\/\/www.trabzonmanset.com\/index.php\/2026\/01\/08\/firtinada-seyir-halindeki-kamyonet-devrildi\/","title":{"rendered":"F\u0131rt\u0131nada seyir halindeki kamyonet devrildi"},"content":{"rendered":"\n<p>Kuzey Marmara Otoyolu\u2019nun Kocaeli ge\u00e7i\u015finde seyir halindeki kamyonetin f\u0131rt\u0131na nedeniyle devrildi\u011fi anlar g\u00fcvenlik kameras\u0131na yans\u0131d\u0131.<\/p>\n\n\n\n<figure class=\"wp-block-video\"><video controls src=\"https:\/\/www.trabzonmanset.com\/wp-content\/uploads\/2026\/01\/aeab13b0-16fd-4508-a8c0-615cf7ff560b.mp4\"><\/video><\/figure>\n\n\n\n<p>Kocaeli\u2019de gece saatlerinden itibaren etkili olan f\u0131rt\u0131na, Kuzey Marmara Otoyolu\u2019nda ula\u015f\u0131mda aksamalara yol a\u00e7t\u0131.<\/p>\n\n\n\n<p>Otoyolun Dilovas\u0131 il\u00e7esi ge\u00e7i\u015finde seyir halinde olan iki t\u0131r ve kamyonet, \u015fiddetli r\u00fczgar\u0131n etkisiyle kontrolden \u00e7\u0131karak devrildi. Kazalarda \u015fans eseri yaralanan olmazken, kamyonetin devrildi\u011fi anlar g\u00fcvenlik kameras\u0131na yans\u0131d\u0131.<\/p>\n\n\n\n<p>G\u00f6r\u00fcnt\u00fcde, kamyonetin devrildi\u011fi, seyir halindeki ba\u015fka bir arac\u0131n da f\u0131rt\u0131na nedeniyle salland\u0131\u011f\u0131 g\u00f6r\u00fcld\u00fc.<\/p>\n\n\n\n<p>Kaynak: \u0130HA<\/p>\n","protected":false},"excerpt":{"rendered":"<p>Kuzey Marmara Otoyolu\u2019nun Kocaeli ge\u00e7i\u015finde seyir halindeki kamyonetin f\u0131rt\u0131na nedeniyle devrildi\u011fi anlar g\u00fcvenlik kameras\u0131na yans\u0131d\u0131. Kocaeli\u2019de gece saatlerinden itibaren etkili olan f\u0131rt\u0131na, Kuzey Marmara Otoyolu\u2019nda ula\u015f\u0131mda aksamalara yol a\u00e7t\u0131. Otoyolun Dilovas\u0131 il\u00e7esi ge\u00e7i\u015finde seyir halinde olan iki t\u0131r ve kamyonet, \u015fiddetli r\u00fczgar\u0131n etkisiyle kontrolden \u00e7\u0131karak devrildi. Kazalarda \u015fans eseri yaralanan olmazken, kamyonetin devrildi\u011fi anlar g\u00fcvenlik [&hellip;]<\/p>\n","protected":false},"author":1,"featured_media":8485,"comment_status":"open","ping_status":"open","sticky":false,"template":"","format":"standard","meta":{"footnotes":""},"categories":[1,9],"tags":[2183,3329,3330],"class_list":["post-8484","post","type-post","status-publish","format-standard","has-post-thumbnail","hentry","category-gundem","category-video-galeri","tag-dilovasi","tag-firtinada","tag-kuzey-marmara-otoyolu"],"_links":{"self":[{"href":"https:\/\/www.trabzonmanset.com\/index.php\/wp-json\/wp\/v2\/posts\/8484","targetHints":{"allow":["GET"]}}],"collection":[{"href":"https:\/\/www.trabzonmanset.com\/index.php\/wp-json\/wp\/v2\/posts"}],"about":[{"href":"https:\/\/www.trabzonmanset.com\/index.php\/wp-json\/wp\/v2\/types\/post"}],"author":[{"embeddable":true,"href":"https:\/\/www.trabzonmanset.com\/index.php\/wp-json\/wp\/v2\/users\/1"}],"replies":[{"embeddable":true,"href":"https:\/\/www.trabzonmanset.com\/index.php\/wp-json\/wp\/v2\/comments?post=8484"}],"version-history":[{"count":1,"href":"https:\/\/www.trabzonmanset.com\/index.php\/wp-json\/wp\/v2\/posts\/8484\/revisions"}],"predecessor-version":[{"id":8487,"href":"https:\/\/www.trabzonmanset.com\/index.php\/wp-json\/wp\/v2\/posts\/8484\/revisions\/8487"}],"wp:featuredmedia":[{"embeddable":true,"href":"https:\/\/www.trabzonmanset.com\/index.php\/wp-json\/wp\/v2\/media\/8485"}],"wp:attachment":[{"href":"https:\/\/www.trabzonmanset.com\/index.php\/wp-json\/wp\/v2\/media?parent=8484"}],"wp:term":[{"taxonomy":"category","embeddable":true,"href":"https:\/\/www.trabzonmanset.com\/index.php\/wp-json\/wp\/v2\/categories?post=8484"},{"taxonomy":"post_tag","embeddable":true,"href":"https:\/\/www.trabzonmanset.com\/index.php\/wp-json\/wp\/v2\/tags?post=8484"}],"curies":[{"name":"wp","href":"https:\/\/api.w.org\/{rel}","templated":true}]}}