{"id":8476,"date":"2026-01-08T18:03:00","date_gmt":"2026-01-08T15:03:00","guid":{"rendered":"https:\/\/www.trabzonmanset.com\/?p=8476"},"modified":"2026-01-08T22:07:58","modified_gmt":"2026-01-08T19:07:58","slug":"kocaeliyi-firtina-vurdu-evlerin-catilari-uctu-vatandas-tenteyle-birlikte-savruldu","status":"publish","type":"post","link":"https:\/\/www.trabzonmanset.com\/index.php\/2026\/01\/08\/kocaeliyi-firtina-vurdu-evlerin-catilari-uctu-vatandas-tenteyle-birlikte-savruldu\/","title":{"rendered":"Kocaeli\u2019yi f\u0131rt\u0131na vurdu: Evlerin \u00e7at\u0131lar\u0131 u\u00e7tu, vatanda\u015f tenteyle birlikte savruldu"},"content":{"rendered":"\n<p>Kocaeli\u2019nin K\u00f6rfez il\u00e7esinde etkili olan f\u0131rt\u0131na nedeniyle \u00e7ok say\u0131da evin \u00e7at\u0131s\u0131 u\u00e7tu, elektrik ve ileti\u015fim hatlar\u0131 koptu. Kopan tellerin neden oldu\u011fu yang\u0131nda bir ev tamamen kullan\u0131lamaz hale geldi. Dilovas\u0131\u2019nda da bir vatanda\u015f f\u0131rt\u0131nada tenteyle birlikte savruldu.<\/p>\n\n\n\n<figure class=\"wp-block-video\"><video controls src=\"https:\/\/www.trabzonmanset.com\/wp-content\/uploads\/2026\/01\/kocaelivideo.mp4\"><\/video><\/figure>\n\n\n\n<p>Kocaeli\u2019de etkili olan \u015fiddetli r\u00fczgar ve f\u0131rt\u0131na b\u00fcy\u00fck hasara yol a\u00e7t\u0131. K\u00f6rfez\u2019e ba\u011fl\u0131 Yukar\u0131 Hereke Cumhuriyet Mahallesi\u2019nde \u00e7ok say\u0131da evin \u00e7at\u0131s\u0131 u\u00e7tu. Hereke K\u0131\u015fla D\u00fcz\u00fc ve Yukar\u0131 Hereke genelinde ise say\u0131s\u0131 hen\u00fcz netle\u015fmeyen onlarca binan\u0131n \u00e7at\u0131s\u0131 f\u0131rt\u0131naya dayanamad\u0131. F\u0131rt\u0131na nedeniyle elektrik ve hatlar\u0131 koptu. U\u00e7an \u00e7at\u0131 par\u00e7alar\u0131 ana arterleri kapat\u0131rken, kopan elektrik tellerinin bir evin \u00fczerine d\u00fc\u015fmesi sonucu yang\u0131n \u00e7\u0131kt\u0131. Yang\u0131nda ev tamamen kullan\u0131lamaz hale geldi. Ayr\u0131ca bir marketin de \u015fiddetli r\u00fczgar sebebiyle cam\u0131 k\u0131r\u0131ld\u0131. Dilovas\u0131\u2019nda ise bir vatanda\u015f kuvvetli r\u00fczgar sebebiyle tenteyle birlikte savruldu.<\/p>\n\n\n\n<p>Yukar\u0131 Hereke Muhtar\u0131 Abdurrahman Can, \u00f6zellikle Cumhuriyet Mahallesi\u2019nin afetten ciddi \u015fekilde etkilendi\u011fini belirterek, &#8220;Burada a\u00e7\u0131k\u00e7a bir afet durumu var. Bar\u0131nma, yol temizli\u011fi ve elektrik \u00e7al\u0131\u015fmalar\u0131n\u0131n acilen ba\u015flamas\u0131 gerekiyor. Benim arac\u0131m f\u0131rt\u0131nayla s\u00fcr\u00fcklendi, evimin de \u00e7at\u0131s\u0131 u\u00e7tu. Bir an \u00f6nce buraya jenerat\u00f6r kurulmal\u0131&#8221; dedi.<\/p>\n\n\n\n<p><strong>B\u00f6lgede \u00e7al\u0131\u015fmalar s\u00fcr\u00fcyor<\/strong><\/p>\n\n\n\n<p>F\u0131rt\u0131na sonras\u0131 K\u00f6rfez Belediye Ba\u015fkan\u0131 \u015eener S\u00f6\u011f\u00fct, ba\u015fkan yard\u0131mc\u0131lar\u0131, koordinat\u00f6rler ve CHP K\u00f6rfez \u0130l\u00e7e Ba\u015fkan\u0131 Yaprak Fidanc\u0131, Cumhuriyet Mahallesi\u2019ni ziyaret ederek vatanda\u015flara ge\u00e7mi\u015f olsun dileklerini iletti.<\/p>\n\n\n\n<p>B\u00fcy\u00fck\u015fehir Belediyesi ve K\u00f6rfez Belediyesi ekipleri ise yollara savrulan \u00e7at\u0131 par\u00e7alar\u0131n\u0131 temizlemek i\u00e7in seferber oldu. Belediye \u00e7ok say\u0131da personeli g\u00f6reve \u00e7a\u011f\u0131r\u0131rken il\u00e7ede afetle ilgili \u00e7al\u0131\u015fmalar aral\u0131ks\u0131z devam ediyor.<\/p>\n\n\n\n<p>Kaynak: \u0130HA<\/p>\n","protected":false},"excerpt":{"rendered":"<p>Kocaeli\u2019nin K\u00f6rfez il\u00e7esinde etkili olan f\u0131rt\u0131na nedeniyle \u00e7ok say\u0131da evin \u00e7at\u0131s\u0131 u\u00e7tu, elektrik ve ileti\u015fim hatlar\u0131 koptu. Kopan tellerin neden oldu\u011fu yang\u0131nda bir ev tamamen kullan\u0131lamaz hale geldi. Dilovas\u0131\u2019nda da bir vatanda\u015f f\u0131rt\u0131nada tenteyle birlikte savruldu. Kocaeli\u2019de etkili olan \u015fiddetli r\u00fczgar ve f\u0131rt\u0131na b\u00fcy\u00fck hasara yol a\u00e7t\u0131. K\u00f6rfez\u2019e ba\u011fl\u0131 Yukar\u0131 Hereke Cumhuriyet Mahallesi\u2019nde \u00e7ok say\u0131da [&hellip;]<\/p>\n","protected":false},"author":1,"featured_media":8477,"comment_status":"open","ping_status":"open","sticky":false,"template":"","format":"standard","meta":{"footnotes":""},"categories":[1,9],"tags":[901,3326,1954],"class_list":["post-8476","post","type-post","status-publish","format-standard","has-post-thumbnail","hentry","category-gundem","category-video-galeri","tag-kocaeli","tag-kocaeli-firtina","tag-korfez"],"_links":{"self":[{"href":"https:\/\/www.trabzonmanset.com\/index.php\/wp-json\/wp\/v2\/posts\/8476","targetHints":{"allow":["GET"]}}],"collection":[{"href":"https:\/\/www.trabzonmanset.com\/index.php\/wp-json\/wp\/v2\/posts"}],"about":[{"href":"https:\/\/www.trabzonmanset.com\/index.php\/wp-json\/wp\/v2\/types\/post"}],"author":[{"embeddable":true,"href":"https:\/\/www.trabzonmanset.com\/index.php\/wp-json\/wp\/v2\/users\/1"}],"replies":[{"embeddable":true,"href":"https:\/\/www.trabzonmanset.com\/index.php\/wp-json\/wp\/v2\/comments?post=8476"}],"version-history":[{"count":2,"href":"https:\/\/www.trabzonmanset.com\/index.php\/wp-json\/wp\/v2\/posts\/8476\/revisions"}],"predecessor-version":[{"id":8480,"href":"https:\/\/www.trabzonmanset.com\/index.php\/wp-json\/wp\/v2\/posts\/8476\/revisions\/8480"}],"wp:featuredmedia":[{"embeddable":true,"href":"https:\/\/www.trabzonmanset.com\/index.php\/wp-json\/wp\/v2\/media\/8477"}],"wp:attachment":[{"href":"https:\/\/www.trabzonmanset.com\/index.php\/wp-json\/wp\/v2\/media?parent=8476"}],"wp:term":[{"taxonomy":"category","embeddable":true,"href":"https:\/\/www.trabzonmanset.com\/index.php\/wp-json\/wp\/v2\/categories?post=8476"},{"taxonomy":"post_tag","embeddable":true,"href":"https:\/\/www.trabzonmanset.com\/index.php\/wp-json\/wp\/v2\/tags?post=8476"}],"curies":[{"name":"wp","href":"https:\/\/api.w.org\/{rel}","templated":true}]}}