{"id":8473,"date":"2026-01-07T17:45:00","date_gmt":"2026-01-07T14:45:00","guid":{"rendered":"https:\/\/www.trabzonmanset.com\/?p=8473"},"modified":"2026-01-07T19:48:00","modified_gmt":"2026-01-07T16:48:00","slug":"cumhurbaskani-erdogandan-mansur-yavasa-su-krizi-tepkisi-beceriksiz","status":"publish","type":"post","link":"https:\/\/www.trabzonmanset.com\/index.php\/2026\/01\/07\/cumhurbaskani-erdogandan-mansur-yavasa-su-krizi-tepkisi-beceriksiz\/","title":{"rendered":"Cumhurba\u015fkan\u0131 Erdo\u011fan&#8217;dan Mansur Yava\u015f&#8217;a su krizi tepkisi: Beceriksiz!"},"content":{"rendered":"\n<p>Ankara&#8217;da su krizi devam ederken Cumhurba\u015fkan\u0131 Erdo\u011fan&#8217;dan Mansur Yava\u015f&#8217;a sert tepki geldi. Yava\u015f i\u00e7in, &#8220;Ankara\u2019ya haftalard\u0131r su bile veremeyen beceriksiz&#8221; diyen Erdo\u011fan, &#8220;2026 T\u00fcrkiye&#8217;sinde Kerbela&#8217;y\u0131 ya\u015fat\u0131yorlar&#8221; ifadelerini kulland\u0131.<\/p>\n\n\n\n<p>Cumhurba\u015fkan\u0131 Recep Tayyip Erdo\u011fan, partisinin grup toplant\u0131s\u0131nda konu\u015ftu. Erdo\u011fan&#8217;\u0131n g\u00fcndeminde Ankara&#8217;n\u0131n uzun zamand\u0131r s\u0131k\u0131nt\u0131 \u00e7ekti\u011fi su kesintileri de vard\u0131. Vatanda\u015flar ya\u015fananlara tepkilerini s\u00fcrd\u00fcr\u00fcrken Cumhurba\u015fkan\u0131 Recep Tayyip Erdo\u011fan&#8217;dan konuya ili\u015fkin sert tepki geldi.<\/p>\n\n\n\n<h3 class=\"wp-block-heading\">MANSUR YAVA\u015e&#8217;A Y\u00dcKLEND\u0130<\/h3>\n\n\n\n<p>TBMM&#8217;de partisinin grup toplant\u0131s\u0131nda konu\u015fan Cumhurba\u015fkan\u0131 Erdo\u011fan, Ankara B\u00fcy\u00fck\u015fehir Belediye Ba\u015fkan\u0131 Mansur Yava\u015f&#8217;a su kesintileri \u00fczerinden y\u00fcklendi.<\/p>\n\n\n\n<p><strong>&#8220;BECER\u0130KS\u0130ZLER HAFTALARDIR ANKARA&#8217;MIZA SU VEREM\u0130YOR&#8221;<\/strong><\/p>\n\n\n\n<p><strong>Cumhurba\u015fkan\u0131 Erdo\u011fan, su kesintilerine ili\u015fkin tepkisinde \u015funlar\u0131 kaydetti:<\/strong><\/p>\n\n\n\n<p>Bunu se\u00e7im zaman\u0131 meydanlarda vatanda\u015f\u0131 vaat ya\u011fmuruna tutup bug\u00fcn ba\u015fkent Ankara\u2019ya haftalard\u0131r su bile veremeyen beceriksizlerin insaf\u0131na bu milleti b\u0131rakmamak i\u00e7in yapaca\u011f\u0131z. Bunu doymak bilmez ihtiraslar\u0131 i\u00e7in belediyeleri arpal\u0131\u011fa \u00e7evirenlerin ma\u011fdur etti\u011fi milyonlarca vatanda\u015f\u0131m\u0131z i\u00e7in yapaca\u011f\u0131z. Hepsinden \u00f6te bunu T\u00fcrkiye Y\u00fczy\u0131l\u0131&#8217;n\u0131n t\u00fcm unsurlar\u0131yla ger\u00e7e\u011fe d\u00f6n\u00fc\u015fmesi i\u00e7in yapaca\u011f\u0131z. AK Parti ve Cumhur \u0130ttifak\u0131&#8217;n\u0131n t\u00f6kezlemesini bekleyenleri yine h\u00fcsrana u\u011frataca\u011f\u0131z.<\/p>\n\n\n\n<h3 class=\"wp-block-heading\">&#8220;YER\u0130NE GET\u0130REMEYECE\u011e\u0130M\u0130Z S\u00d6ZLER\u0130 HALKIMIZA VERMED\u0130K&#8221;<\/h3>\n\n\n\n<p>Gerek bu muhte\u015fem salonda gerek ekranlar\u0131 ba\u015f\u0131nda bizi izleyenlere sesleniyorum. Halka hesap vermek demokrasinin olmazsa olmaz \u015fart\u0131d\u0131r. Biz yaln\u0131zca sand\u0131kta de\u011fil, farkl\u0131 zeminlerde milletimize hesap vermeyi prensip haline getirmi\u015f bir kadroyuz. Biz kendimize inan\u0131yoruz, kendimize g\u00fcveniyoruz ve milletimize verdi\u011fimiz s\u00f6z\u00fcn arkas\u0131nda, yan\u0131nda durdu\u011fumuza, duraca\u011f\u0131m\u0131za inan\u0131yoruz. <em><strong>Meydanlarda hayal sat\u0131p, bol keseden vaat da\u011f\u0131t\u0131p, 2026 T\u00fcrkiye&#8217;sinde k\u0131\u015f mevsiminde milyonlarca insan\u0131m\u0131za Kerbela&#8217;y\u0131 ya\u015fatanlar gibi olmad\u0131k. Yerine getiremeyece\u011fimiz s\u00f6zleri halk\u0131m\u0131za vaat olarak vermedik. \u015eayet s\u00f6z verdiysek bu sefer de onu tutmak i\u00e7in t\u00fcm imkanlar\u0131m\u0131z\u0131 seferber ettik.<\/strong><\/em><\/p>\n\n\n\n<h3 class=\"wp-block-heading\">SU KUYRUKLARI OLU\u015eTU<\/h3>\n\n\n\n<p>Kent genelindeki su kesintilerinden etkilenen il\u00e7elerden Mamak ve Alt\u0131nda\u011f&#8217;da vatanda\u015flar, su ihtiyac\u0131n\u0131 Mamak&#8217;\u0131n Dostlar Mahallesi&#8217;nde bulunan kaynak suyu \u00e7e\u015fmesinden gidermeye \u00e7al\u0131\u015f\u0131yor.<\/p>\n\n\n\n<p>Evlerine su g\u00f6t\u00fcrmek i\u00e7in ellerinde bidonlarla s\u0131raya girenler, \u00e7e\u015fmede uzun kuyruklar olu\u015fturuyor.<\/p>\n","protected":false},"excerpt":{"rendered":"<p>Ankara&#8217;da su krizi devam ederken Cumhurba\u015fkan\u0131 Erdo\u011fan&#8217;dan Mansur Yava\u015f&#8217;a sert tepki geldi. Yava\u015f i\u00e7in, &#8220;Ankara\u2019ya haftalard\u0131r su bile veremeyen beceriksiz&#8221; diyen Erdo\u011fan, &#8220;2026 T\u00fcrkiye&#8217;sinde Kerbela&#8217;y\u0131 ya\u015fat\u0131yorlar&#8221; ifadelerini kulland\u0131. Cumhurba\u015fkan\u0131 Recep Tayyip Erdo\u011fan, partisinin grup toplant\u0131s\u0131nda konu\u015ftu. Erdo\u011fan&#8217;\u0131n g\u00fcndeminde Ankara&#8217;n\u0131n uzun zamand\u0131r s\u0131k\u0131nt\u0131 \u00e7ekti\u011fi su kesintileri de vard\u0131. Vatanda\u015flar ya\u015fananlara tepkilerini s\u00fcrd\u00fcr\u00fcrken Cumhurba\u015fkan\u0131 Recep Tayyip Erdo\u011fan&#8217;dan [&hellip;]<\/p>\n","protected":false},"author":1,"featured_media":8474,"comment_status":"open","ping_status":"open","sticky":false,"template":"","format":"standard","meta":{"footnotes":""},"categories":[1],"tags":[846,1411],"class_list":["post-8473","post","type-post","status-publish","format-standard","has-post-thumbnail","hentry","category-gundem","tag-cumhurbaskani-erdogan","tag-mansur-yavas"],"_links":{"self":[{"href":"https:\/\/www.trabzonmanset.com\/index.php\/wp-json\/wp\/v2\/posts\/8473","targetHints":{"allow":["GET"]}}],"collection":[{"href":"https:\/\/www.trabzonmanset.com\/index.php\/wp-json\/wp\/v2\/posts"}],"about":[{"href":"https:\/\/www.trabzonmanset.com\/index.php\/wp-json\/wp\/v2\/types\/post"}],"author":[{"embeddable":true,"href":"https:\/\/www.trabzonmanset.com\/index.php\/wp-json\/wp\/v2\/users\/1"}],"replies":[{"embeddable":true,"href":"https:\/\/www.trabzonmanset.com\/index.php\/wp-json\/wp\/v2\/comments?post=8473"}],"version-history":[{"count":1,"href":"https:\/\/www.trabzonmanset.com\/index.php\/wp-json\/wp\/v2\/posts\/8473\/revisions"}],"predecessor-version":[{"id":8475,"href":"https:\/\/www.trabzonmanset.com\/index.php\/wp-json\/wp\/v2\/posts\/8473\/revisions\/8475"}],"wp:featuredmedia":[{"embeddable":true,"href":"https:\/\/www.trabzonmanset.com\/index.php\/wp-json\/wp\/v2\/media\/8474"}],"wp:attachment":[{"href":"https:\/\/www.trabzonmanset.com\/index.php\/wp-json\/wp\/v2\/media?parent=8473"}],"wp:term":[{"taxonomy":"category","embeddable":true,"href":"https:\/\/www.trabzonmanset.com\/index.php\/wp-json\/wp\/v2\/categories?post=8473"},{"taxonomy":"post_tag","embeddable":true,"href":"https:\/\/www.trabzonmanset.com\/index.php\/wp-json\/wp\/v2\/tags?post=8473"}],"curies":[{"name":"wp","href":"https:\/\/api.w.org\/{rel}","templated":true}]}}