{"id":8466,"date":"2026-01-07T19:39:28","date_gmt":"2026-01-07T16:39:28","guid":{"rendered":"https:\/\/www.trabzonmanset.com\/?p=8466"},"modified":"2026-01-07T19:39:29","modified_gmt":"2026-01-07T16:39:29","slug":"cumhurbaskani-erdogan-malezya-ile-ticaret-hedefimiz-10-milyar-dolar","status":"publish","type":"post","link":"https:\/\/www.trabzonmanset.com\/index.php\/2026\/01\/07\/cumhurbaskani-erdogan-malezya-ile-ticaret-hedefimiz-10-milyar-dolar\/","title":{"rendered":"Cumhurba\u015fkan\u0131 Erdo\u011fan: Malezya ile ticaret hedefimiz 10 milyar dolar"},"content":{"rendered":"\n<p>Cumhurba\u015fkan\u0131 Erdo\u011fan, Malezya ile ili\u015fkilere dair \u00f6nemli mesajlar verdi. Savunma sanayiindeki i\u015f birli\u011finin ivme kazand\u0131\u011f\u0131n\u0131 belirten Erdo\u011fan, iki \u00fclke aras\u0131ndaki ticaret hacmi i\u00e7in 10 milyar dolarl\u0131k hedef belirlediklerini a\u00e7\u0131klad\u0131.<\/p>\n\n\n\n<p>Cumhurba\u015fkan\u0131 Recep Tayyip Erdo\u011fan, Cumhurba\u015fkanl\u0131\u011f\u0131 K\u00fclliyesi&#8217;nde Malezya Ba\u015fbakan\u0131 Enver \u0130brahim ile ortak bas\u0131n toplant\u0131s\u0131 d\u00fczenledi.<\/p>\n\n\n\n<p>Cumhurba\u015fkan\u0131 Recep Tayyip Erdo\u011fan&#8217;\u0131n a\u00e7\u0131klamalar\u0131 \u015f\u00f6yle:<\/p>\n\n\n\n<p><strong>&#8220;Bug\u00fcn konseyimizin ilk toplant\u0131s\u0131n\u0131 icra ettik. T\u00fcrkiye Malezya dostlu\u011funu bu mekanizmayla daha da per\u00e7inleyece\u011fiz. Aram\u0131zda serbest ticaret anla\u015fmas\u0131 da mevcut. 10 milyar dolar hedefi a\u00e7\u0131klam\u0131\u015ft\u0131k. Ortak \u00e7abalar\u0131m\u0131zla ticaretimizi bu hedefe ta\u015f\u0131yaca\u011f\u0131m\u0131za inan\u0131yorum. Malezya&#8217;n\u0131n \u00fclkemizdeki yat\u0131r\u0131mlar\u0131n\u0131 art\u0131rmas\u0131n\u0131 arzu ediyoruz. Say\u0131n Ba\u015fbakan&#8217;\u0131n i\u015f d\u00fcnyam\u0131zla yapaca\u011f\u0131 g\u00f6r\u00fc\u015fmelerin hay\u0131rlara vesile olmas\u0131n\u0131 diliyorum.<\/strong><\/p>\n\n\n\n<p><strong>G\u00f6r\u00fc\u015fmemizde savunma sanayi konular\u0131n\u0131 da ele ald\u0131k. \u00d6n\u00fcm\u00fczdeki d\u00f6nemde bu alanda atabilece\u011fimiz m\u00fc\u015fterek ad\u0131mlar\u0131 s\u00fcrd\u00fcrece\u011fiz. Halklar\u0131m\u0131z aras\u0131ndaki g\u00fc\u00e7lendirecek diyalo\u011fu devam ettirme karar\u0131 ald\u0131k. B\u00f6lgesel ve uluslararas\u0131 geli\u015fmeler de g\u00fcndemimizin \u00fcst s\u0131ralar\u0131nday\u0131z. Uluslararas\u0131 konularda benzer g\u00f6r\u00fc\u015flere sahip oldu\u011fumuzu bir kez daha g\u00f6rd\u00fck. Say\u0131n Ba\u015fbakan&#8217;a \u00fclkemizi ziyaretleri i\u00e7in bir kez daha te\u015fekk\u00fcr ediyorum. Kendisine Cumhuriyet ni\u015fan\u0131n\u0131 da tevcih edece\u011fiz. Konsey toplant\u0131m\u0131z\u0131n hay\u0131rlara vesile olmas\u0131n\u0131 diliyorum.&#8221;<\/strong><\/p>\n\n\n\n<h3 class=\"wp-block-heading\"><strong>&#8220;\u0130SLAM D\u00dcNYASINA YAPTI\u011eINIZ L\u0130DERL\u0130KTEN DOLAYI TE\u015eEKK\u00dcR ETMEK \u0130ST\u0130YORUM&#8221;<\/strong><\/h3>\n\n\n\n<p>Malezya Ba\u015fbakan\u0131 Enver konu\u015fmas\u0131nda Cumhurba\u015fkan\u0131 Erdo\u011fan&#8217;a y\u00f6nelik \u00f6vg\u00fc dolu ifadeler kulland\u0131.<\/p>\n\n\n\n<p><em><strong>Enver&#8217;in a\u00e7\u0131klamas\u0131ndan \u00f6ne \u00e7\u0131kanlar \u015f\u00f6yle:<\/strong><\/em><\/p>\n\n\n\n<p><strong>&#8220;Cesur bir lider olarak d\u00fcnyan\u0131n geneli ve \u00f6zellikle \u0130slam d\u00fcnyas\u0131na yapt\u0131\u011f\u0131n\u0131z liderlikten dolay\u0131 te\u015fekk\u00fcr etmek istiyorum. Liderli\u011finiz tart\u0131\u015f\u0131lmaz; b\u00fct\u00fcn d\u00fcnyan\u0131n bildi\u011fi bir liderlik sergiliyorsunuz. T\u00fcrk halk\u0131n\u0131n kapasitesine, T\u00fcrk sanayisinin bilim ve sanayi konusundaki kapasitesine inan\u0131yoruz.&#8221;<\/strong><\/p>\n\n\n\n<h3 class=\"wp-block-heading\"><strong>T\u00dcRK\u0130YE-MALEZYA \u0130L\u0130\u015eK\u0130LER\u0130NDE YEN\u0130 D\u00d6NEM<\/strong><\/h3>\n\n\n\n<p>Cumhurba\u015fkanl\u0131\u011f\u0131 K\u00fclliyesi&#8217;nde T\u00fcrkiye-Malezya Y\u00fcksek D\u00fczeyli Stratejik \u0130\u015fbirli\u011fi Konseyi Birinci Toplant\u0131s\u0131&#8217;n\u0131n ard\u0131ndan \u00e7e\u015fitli anla\u015fmalar\u0131n imza t\u00f6renine ge\u00e7ildi.<\/p>\n\n\n\n<h3 class=\"wp-block-heading\"><strong>L\u0130DERLERDEN ORTAK B\u0130LD\u0130R\u0130<\/strong><\/h3>\n\n\n\n<p>T\u00f6rende, Cumhurba\u015fkan\u0131 Recep Tayyip Erdo\u011fan ile Malezya Ba\u015fbakan\u0131 Enver \u0130brahim Y\u00fcksek D\u00fczeyli Stratejik \u0130\u015f Birli\u011fi Konseyi Kurulmas\u0131 hakk\u0131ndaki ortak bildiriyi imzalad\u0131.<\/p>\n\n\n\n<p>&#8220;<strong>Y\u00fcksek\u00f6\u011fretim Kurulu Ba\u015fkanl\u0131\u011f\u0131 ile Malezya Y\u00fcksek\u00f6\u011fretim Bakanl\u0131\u011f\u0131 Aras\u0131nda Y\u00fcksek\u00f6\u011fretim Alan\u0131nda \u0130\u015fbirli\u011fi I. Ortak Komite Toplant\u0131s\u0131 Tutana\u011f\u0131<\/strong>&#8221; Y\u00fcksek\u00f6\u011fretim Kurulu Ba\u015fkan\u0131 Prof. Dr. Erol \u00d6zvar ile Malezya ad\u0131na Malezya Y\u00fcksek \u00d6\u011fretim Bakan\u0131 Dr. Zambry Abd Kadir taraf\u0131ndan imza alt\u0131na al\u0131nd\u0131.<\/p>\n\n\n\n<h3 class=\"wp-block-heading\"><strong>YATIRIM VE F\u0130NANS ALANINDA \u0130\u015e B\u0130RL\u0130\u011e\u0130<\/strong><\/h3>\n\n\n\n<p>&#8220;<strong>T\u00fcrkiye Cumhuriyeti Yat\u0131r\u0131m ve Finans Ofisi ile Malezya Yat\u0131r\u0131m Geli\u015ftirme Kurumu Aras\u0131nda Mutabakat Zapt\u0131<\/strong>&#8220;na Yat\u0131r\u0131m ve Finans Ofisi Ba\u015fkan\u0131 Ahmet Burak Da\u011fl\u0131o\u011flu ile Malezya ad\u0131na Malezya Yat\u0131r\u0131m Geli\u015ftirme Kurumu Y\u00fcr\u00fctme Kurulu Ba\u015fkan\u0131 Ybhg. Datuk Sikh Shamsul \u0130brahim Sikh Abdul Majid imza att\u0131.<\/p>\n\n\n\n<p><strong>&#8220;T\u00fcrkiye \u0130hracat Kredi Bankas\u0131 ile Malezya \u0130thalat-ihracat Bankas\u0131 Aras\u0131nda Mutabakat Zapt\u0131&#8221;n\u0131 Hazine ve Maliye Bakan Yard\u0131mc\u0131s\u0131 ve T\u00fcrkiye \u0130hracat Kredi Bankas\u0131 Y\u00f6netim Kurulu Ba\u015fkan\u0131 Osman \u00c7elik ile Malezya ad\u0131na Malezya \u0130thalat-\u0130hracat Bankas\u0131 Ba\u015fkan\u0131 Datuk Nurbayu Kasim Chang imzalad\u0131.<\/strong><\/p>\n\n\n\n<h3 class=\"wp-block-heading\"><strong>STRATEJ\u0130K ARA\u015eTIRMALAR VE AKADEM\u0130K ORTAKLIK<\/strong><\/h3>\n\n\n\n<p>&#8220;<strong>Siyaset, Ekonomi ve Toplum Ara\u015ft\u0131rmalar\u0131 Vakf\u0131 ve Malezya Uluslararas\u0131 Stratejik ve Ara\u015ft\u0131rmalar Merkezi Aras\u0131nda Ekonomik ve Sosyal Ara\u015ft\u0131rmalar Alan\u0131nda \u0130\u015fbirli\u011fi Mutabakat Zapt\u0131<\/strong>&#8220;n\u0131 Siyaset, Ekonomi ve Toplum Ara\u015ft\u0131rmalar\u0131 Vakf\u0131 Genel Koordinat\u00f6r\u00fc Do\u00e7. Dr. Nebi Mi\u015f ile Malezya ad\u0131na Stratejik ve Uluslararas\u0131 Ara\u015ft\u0131rmalar Merkezi Ba\u015fkan\u0131 Prof. Dr. Mohd Faiz Abdullah taraf\u0131ndan imza alt\u0131na al\u0131nd\u0131.<\/p>\n\n\n\n<h3 class=\"wp-block-heading\"><strong>SAVUNMA SANAY\u0130\u0130 VE TEKNOLOJ\u0130 ANLA\u015eMALARI<\/strong><\/h3>\n\n\n\n<p>&#8220;<strong>Desan Tersaneleri ve Malezya \u0130\u00e7i\u015fleri Bakanl\u0131\u011f\u0131 Aras\u0131nda Bir Adet \u00c7okama\u00e7l\u0131 G\u00f6rev Gemisi Al\u0131m\u0131na \u0130li\u015fkin Kabul Mektubu<\/strong>&#8220;nu DESAN Tersaneleri Y\u00f6netim Kurulu Ba\u015fkan\u0131 Cenk \u0130smail Kaptano\u011flu ile Malezya ad\u0131na D\u0131\u015fi\u015fleri Bakanl\u0131\u011f\u0131 Genel Sekreteri Amran Mohamed Zin imzalad\u0131.<\/p>\n\n\n\n<p><strong>&#8220;T\u00fcrkiye Cumhuriyeti Bilgi Teknolojileri ve \u0130leti\u015fim Kurumu (BTK) \u0130le Malezya \u0130leti\u015fim ve Multimedya Komisyonu (MCMC) Aras\u0131nda Bilgi ve \u0130leti\u015fim Teknolojileri Alan\u0131nda \u0130\u015fbirli\u011fi Mutabakat Zapt\u0131&#8221;na Bilgi Teknolojileri ve \u0130leti\u015fim Kurumu (BTK) Ba\u015fkan\u0131 \u00d6mer Abdullah Karag\u00f6zo\u011flu ile Malezya ad\u0131na Malezya \u0130leti\u015fim ve Multimedya Komisyonu Ba\u015fkan\u0131 Tan Sri Mohamad Salim Bin Fateh Din imza att\u0131.<\/strong><\/p>\n\n\n\n<p><\/p>\n","protected":false},"excerpt":{"rendered":"<p>Cumhurba\u015fkan\u0131 Erdo\u011fan, Malezya ile ili\u015fkilere dair \u00f6nemli mesajlar verdi. Savunma sanayiindeki i\u015f birli\u011finin ivme kazand\u0131\u011f\u0131n\u0131 belirten Erdo\u011fan, iki \u00fclke aras\u0131ndaki ticaret hacmi i\u00e7in 10 milyar dolarl\u0131k hedef belirlediklerini a\u00e7\u0131klad\u0131. Cumhurba\u015fkan\u0131 Recep Tayyip Erdo\u011fan, Cumhurba\u015fkanl\u0131\u011f\u0131 K\u00fclliyesi&#8217;nde Malezya Ba\u015fbakan\u0131 Enver \u0130brahim ile ortak bas\u0131n toplant\u0131s\u0131 d\u00fczenledi. Cumhurba\u015fkan\u0131 Recep Tayyip Erdo\u011fan&#8217;\u0131n a\u00e7\u0131klamalar\u0131 \u015f\u00f6yle: &#8220;Bug\u00fcn konseyimizin ilk toplant\u0131s\u0131n\u0131 icra [&hellip;]<\/p>\n","protected":false},"author":1,"featured_media":8467,"comment_status":"open","ping_status":"open","sticky":false,"template":"","format":"standard","meta":{"footnotes":""},"categories":[11],"tags":[846,3321,3319,3320],"class_list":["post-8466","post","type-post","status-publish","format-standard","has-post-thumbnail","hentry","category-manset","tag-cumhurbaskani-erdogan","tag-dr-zambry-abd-kadir","tag-malezya","tag-malezya-basbakani-enver"],"_links":{"self":[{"href":"https:\/\/www.trabzonmanset.com\/index.php\/wp-json\/wp\/v2\/posts\/8466","targetHints":{"allow":["GET"]}}],"collection":[{"href":"https:\/\/www.trabzonmanset.com\/index.php\/wp-json\/wp\/v2\/posts"}],"about":[{"href":"https:\/\/www.trabzonmanset.com\/index.php\/wp-json\/wp\/v2\/types\/post"}],"author":[{"embeddable":true,"href":"https:\/\/www.trabzonmanset.com\/index.php\/wp-json\/wp\/v2\/users\/1"}],"replies":[{"embeddable":true,"href":"https:\/\/www.trabzonmanset.com\/index.php\/wp-json\/wp\/v2\/comments?post=8466"}],"version-history":[{"count":1,"href":"https:\/\/www.trabzonmanset.com\/index.php\/wp-json\/wp\/v2\/posts\/8466\/revisions"}],"predecessor-version":[{"id":8468,"href":"https:\/\/www.trabzonmanset.com\/index.php\/wp-json\/wp\/v2\/posts\/8466\/revisions\/8468"}],"wp:featuredmedia":[{"embeddable":true,"href":"https:\/\/www.trabzonmanset.com\/index.php\/wp-json\/wp\/v2\/media\/8467"}],"wp:attachment":[{"href":"https:\/\/www.trabzonmanset.com\/index.php\/wp-json\/wp\/v2\/media?parent=8466"}],"wp:term":[{"taxonomy":"category","embeddable":true,"href":"https:\/\/www.trabzonmanset.com\/index.php\/wp-json\/wp\/v2\/categories?post=8466"},{"taxonomy":"post_tag","embeddable":true,"href":"https:\/\/www.trabzonmanset.com\/index.php\/wp-json\/wp\/v2\/tags?post=8466"}],"curies":[{"name":"wp","href":"https:\/\/api.w.org\/{rel}","templated":true}]}}