{"id":8426,"date":"2026-01-06T20:02:00","date_gmt":"2026-01-06T17:02:00","guid":{"rendered":"https:\/\/www.trabzonmanset.com\/?p=8426"},"modified":"2026-01-06T23:41:25","modified_gmt":"2026-01-06T20:41:25","slug":"avrupanin-7-ulkesinden-gronlanda-iliskin-ortak-aciklama","status":"publish","type":"post","link":"https:\/\/www.trabzonmanset.com\/index.php\/2026\/01\/06\/avrupanin-7-ulkesinden-gronlanda-iliskin-ortak-aciklama\/","title":{"rendered":"Avrupa&#8217;n\u0131n 7 \u00fclkesinden Gr\u00f6nland&#8217;a ili\u015fkin ortak a\u00e7\u0131klama"},"content":{"rendered":"\n<p>Almanya, Fransa, \u0130talya, Polonya, \u0130spanya, \u0130ngiltere ve Danimarka, ABD Ba\u015fkan\u0131 Trump&#8217;\u0131n Gr\u00f6nland&#8217;a y\u00f6nelik a\u00e7\u0131klamalar\u0131na ili\u015fkin, Ada&#8217;n\u0131n bulundu\u011fu Arktik b\u00f6lgesinde g\u00fcvenli\u011fin, NATO m\u00fcttefikleriyle sa\u011flanmas\u0131 gerekti\u011fini belirtti.<\/p>\n\n\n\n<p>7 Avrupa \u00fclkesinin liderleri, Trump&#8217;\u0131n ulusal g\u00fcvenlik a\u00e7\u0131s\u0131ndan Gr\u00f6nland&#8217;a ihtiya\u00e7lar\u0131 oldu\u011fu ifadelerinin ard\u0131ndan konu hakk\u0131nda ortak a\u00e7\u0131klama yapt\u0131.<\/p>\n\n\n\n<p>Danimarka Ba\u015fbakanl\u0131k Ofisi taraf\u0131ndan payla\u015f\u0131lan ortak a\u00e7\u0131klamada, Gr\u00f6nland&#8217;\u0131n bulundu\u011fu Arktik b\u00f6lgesinin g\u00fcvenli\u011finin Avrupa i\u00e7in &#8220;kilit \u00f6ncelikte&#8221; oldu\u011funun alt\u0131 \u00e7izildi.<\/p>\n\n\n\n<p>A\u00e7\u0131klamada, Danimarka ve dolay\u0131s\u0131yla bu \u00fclkeye ba\u011fl\u0131 \u00f6zerk b\u00f6lge Gr\u00f6nland&#8217;\u0131n, NATO \u00fcyesi oldu\u011fu vurgulanarak m\u00fcttefiklerin Arktik&#8217;i g\u00fcvenli tutmak i\u00e7in faaliyetlerini art\u0131rd\u0131\u011f\u0131 ifade edildi.<\/p>\n\n\n\n<p>&#8220;Arktik&#8217;teki g\u00fcvenlik, egemenlik, toprak b\u00fct\u00fcnl\u00fc\u011f\u00fc ve s\u0131n\u0131rlar\u0131n dokunulmazl\u0131\u011f\u0131 dahil BM \u015eart\u0131 ilkelerini savunarak ABD dahil NATO m\u00fcttefikleriyle kolektif olarak sa\u011flanmal\u0131d\u0131r.&#8221; ifadesi kullan\u0131lan a\u00e7\u0131klamada, bu ilkelerin evrensel oldu\u011fu ve onlar\u0131 savunmaktan &#8220;asla vazge\u00e7ilmeyece\u011fi&#8221; vurguland\u0131.<\/p>\n\n\n\n<p>A\u00e7\u0131klamada, Washington ile Kopenhag aras\u0131nda 1951&#8217;de imzalanan ve ABD&#8217;nin Gr\u00f6nland&#8217;da askeri \u00fcsler in\u015fa etme, Ada y\u00f6netimiyle Danimarka&#8217;y\u0131 bilgilendirdi\u011fi s\u00fcrece buradaki kuvvetlerini serbest\u00e7e hareket ettirmesini sa\u011flayan anla\u015fmaya at\u0131fta bulunularak ABD&#8217;nin, Arktik&#8217;te g\u00fcvenli\u011fin sa\u011flanmas\u0131 i\u00e7in &#8220;\u00f6nemli ortak&#8221; oldu\u011fu kaydedildi.<\/p>\n\n\n\n<p>Ayr\u0131ca a\u00e7\u0131klamada, &#8220;Gr\u00f6nland, halk\u0131na aittir. Danimarka ve Gr\u00f6nland&#8217;\u0131 ilgilendiren konularda karar verme yetkisi yaln\u0131zca Danimarka ve Gr\u00f6nland&#8217;a aittir.&#8221; ifadelerine yer verildi.<\/p>\n\n\n\n<h3 class=\"wp-block-heading\">Trump&#8217;\u0131n Gr\u00f6nland a\u00e7\u0131klamas\u0131<\/h3>\n\n\n\n<p>ABD Ba\u015fkan\u0131 Donald Trump, Venezuela&#8217;daki askeri m\u00fcdahalenin ard\u0131ndan &#8220;Ulusal g\u00fcvenli\u011fimiz a\u00e7\u0131s\u0131ndan Gr\u00f6nland&#8217;a ihtiyac\u0131m\u0131z var.&#8221; a\u00e7\u0131klamas\u0131n\u0131 yinelemi\u015f, bir\u00e7ok Avrupa \u00fclkesi ve Avrupa Birli\u011fi (AB) bu a\u00e7\u0131klamaya tepki g\u00f6stermi\u015fti.<\/p>\n\n\n\n<p>Trump ayr\u0131ca, Gr\u00f6nland&#8217;\u0131n &#8220;\u00e7ok stratejik&#8221; bir yer oldu\u011funu ve \u015fu anda Rus ve \u00c7in gemileriyle \u00e7evrili oldu\u011funu iddia etmi\u015fti.<\/p>\n\n\n\n<p>Danimarka Ba\u015fbakan\u0131 Mette Frederiksen ise ABD&#8217;nin NATO m\u00fcttefikine askeri sald\u0131r\u0131 karar\u0131 almas\u0131 halinde her \u015feyin sona erece\u011fini belirtmi\u015f, Danimarka ve Gr\u00f6nland&#8217;\u0131n tehdit edilmesini asla kabul etmeyeceklerini ifade etmi\u015fti.<\/p>\n\n\n\n<p>Danimarka&#8217;ya ba\u011fl\u0131 \u00f6zerk bir b\u00f6lge olan Gr\u00f6nland, daha \u00f6nce ABD taraf\u0131ndan gelen ve egemenli\u011fin devredilmesini de i\u00e7eren yakla\u015f\u0131mlar\u0131 reddetmi\u015fti.<\/p>\n\n\n\n<p>Kaynak: AA<\/p>\n","protected":false},"excerpt":{"rendered":"<p>Almanya, Fransa, \u0130talya, Polonya, \u0130spanya, \u0130ngiltere ve Danimarka, ABD Ba\u015fkan\u0131 Trump&#8217;\u0131n Gr\u00f6nland&#8217;a y\u00f6nelik a\u00e7\u0131klamalar\u0131na ili\u015fkin, Ada&#8217;n\u0131n bulundu\u011fu Arktik b\u00f6lgesinde g\u00fcvenli\u011fin, NATO m\u00fcttefikleriyle sa\u011flanmas\u0131 gerekti\u011fini belirtti. 7 Avrupa \u00fclkesinin liderleri, Trump&#8217;\u0131n ulusal g\u00fcvenlik a\u00e7\u0131s\u0131ndan Gr\u00f6nland&#8217;a ihtiya\u00e7lar\u0131 oldu\u011fu ifadelerinin ard\u0131ndan konu hakk\u0131nda ortak a\u00e7\u0131klama yapt\u0131. Danimarka Ba\u015fbakanl\u0131k Ofisi taraf\u0131ndan payla\u015f\u0131lan ortak a\u00e7\u0131klamada, Gr\u00f6nland&#8217;\u0131n bulundu\u011fu Arktik b\u00f6lgesinin g\u00fcvenli\u011finin [&hellip;]<\/p>\n","protected":false},"author":1,"featured_media":8427,"comment_status":"open","ping_status":"open","sticky":false,"template":"","format":"standard","meta":{"footnotes":""},"categories":[127],"tags":[2752,1422,3302,157,3303,813,3301,155,900,1945],"class_list":["post-8426","post","type-post","status-publish","format-standard","has-post-thumbnail","hentry","category-dunya","tag-abd-baskani-trump","tag-almanya","tag-danimarka","tag-fransa","tag-gronland","tag-ingiltere","tag-ispanya","tag-italya","tag-nato","tag-polonya"],"_links":{"self":[{"href":"https:\/\/www.trabzonmanset.com\/index.php\/wp-json\/wp\/v2\/posts\/8426","targetHints":{"allow":["GET"]}}],"collection":[{"href":"https:\/\/www.trabzonmanset.com\/index.php\/wp-json\/wp\/v2\/posts"}],"about":[{"href":"https:\/\/www.trabzonmanset.com\/index.php\/wp-json\/wp\/v2\/types\/post"}],"author":[{"embeddable":true,"href":"https:\/\/www.trabzonmanset.com\/index.php\/wp-json\/wp\/v2\/users\/1"}],"replies":[{"embeddable":true,"href":"https:\/\/www.trabzonmanset.com\/index.php\/wp-json\/wp\/v2\/comments?post=8426"}],"version-history":[{"count":1,"href":"https:\/\/www.trabzonmanset.com\/index.php\/wp-json\/wp\/v2\/posts\/8426\/revisions"}],"predecessor-version":[{"id":8428,"href":"https:\/\/www.trabzonmanset.com\/index.php\/wp-json\/wp\/v2\/posts\/8426\/revisions\/8428"}],"wp:featuredmedia":[{"embeddable":true,"href":"https:\/\/www.trabzonmanset.com\/index.php\/wp-json\/wp\/v2\/media\/8427"}],"wp:attachment":[{"href":"https:\/\/www.trabzonmanset.com\/index.php\/wp-json\/wp\/v2\/media?parent=8426"}],"wp:term":[{"taxonomy":"category","embeddable":true,"href":"https:\/\/www.trabzonmanset.com\/index.php\/wp-json\/wp\/v2\/categories?post=8426"},{"taxonomy":"post_tag","embeddable":true,"href":"https:\/\/www.trabzonmanset.com\/index.php\/wp-json\/wp\/v2\/tags?post=8426"}],"curies":[{"name":"wp","href":"https:\/\/api.w.org\/{rel}","templated":true}]}}