{"id":8402,"date":"2026-01-05T22:17:00","date_gmt":"2026-01-05T19:17:00","guid":{"rendered":"https:\/\/www.trabzonmanset.com\/?p=8402"},"modified":"2026-01-05T23:21:46","modified_gmt":"2026-01-05T20:21:46","slug":"siverekte-ozel-okulda-kalorifer-kazani-patladi-2-personel-agir-yarali","status":"publish","type":"post","link":"https:\/\/www.trabzonmanset.com\/index.php\/2026\/01\/05\/siverekte-ozel-okulda-kalorifer-kazani-patladi-2-personel-agir-yarali\/","title":{"rendered":"Siverek\u2019te \u00f6zel okulda kalorifer kazan\u0131 patlad\u0131: 2 personel a\u011f\u0131r yaral\u0131"},"content":{"rendered":"\n<p>\u015eanl\u0131urfa\u2019n\u0131n Siverek il\u00e7esinde faaliyet g\u00f6steren \u00f6zel bir orta\u00f6\u011fretim kurumunda kalorifer kazan\u0131n\u0131n patlamas\u0131 sonucu 2 personel a\u011f\u0131r yaraland\u0131.<\/p>\n\n\n\n<p>Edinilen bilgilere g\u00f6re olay, sabah saatleri s\u0131ralar\u0131nda meydana geldi. Hen\u00fcz belirlenemeyen bir nedenle kalorifer kazan\u0131n\u0131n patlamas\u0131 sonucu kazan dairesinde bulunan uzman \u00f6\u011fretici A.\u00d6. ile hizmetli S.B. a\u011f\u0131r \u015fekilde yaraland\u0131.<\/p>\n\n\n\n<p>Yaral\u0131lar, olay\u0131n ard\u0131ndan sa\u011fl\u0131k ekipleri taraf\u0131ndan hastaneye kald\u0131r\u0131ld\u0131. Burada ilk tedavileri sonras\u0131 yaral\u0131lar, hayati tehlikeleri nedeniyle \u015eanl\u0131urfa Mehmet Akif \u0130nan E\u011fitim ve Ara\u015ft\u0131rma Hastanesi\u2019ne sevk edildi.<\/p>\n\n\n\n<p>Olayla ilgili adli soru\u015fturma ba\u015flat\u0131l\u0131rken, \u015eanl\u0131urfa Valili\u011fi taraf\u0131ndan ayr\u0131ca idari soru\u015fturma da ba\u015flat\u0131ld\u0131\u011f\u0131 bildirildi. Valilikten yap\u0131lan a\u00e7\u0131klamada, s\u00fcrecin yak\u0131ndan takip edildi\u011fi vurguland\u0131.<\/p>\n\n\n\n<p>Kaynak: \u0130HA<\/p>\n","protected":false},"excerpt":{"rendered":"<p>\u015eanl\u0131urfa\u2019n\u0131n Siverek il\u00e7esinde faaliyet g\u00f6steren \u00f6zel bir orta\u00f6\u011fretim kurumunda kalorifer kazan\u0131n\u0131n patlamas\u0131 sonucu 2 personel a\u011f\u0131r yaraland\u0131. Edinilen bilgilere g\u00f6re olay, sabah saatleri s\u0131ralar\u0131nda meydana geldi. Hen\u00fcz belirlenemeyen bir nedenle kalorifer kazan\u0131n\u0131n patlamas\u0131 sonucu kazan dairesinde bulunan uzman \u00f6\u011fretici A.\u00d6. ile hizmetli S.B. a\u011f\u0131r \u015fekilde yaraland\u0131. Yaral\u0131lar, olay\u0131n ard\u0131ndan sa\u011fl\u0131k ekipleri taraf\u0131ndan hastaneye kald\u0131r\u0131ld\u0131. Burada [&hellip;]<\/p>\n","protected":false},"author":1,"featured_media":8403,"comment_status":"open","ping_status":"open","sticky":false,"template":"","format":"standard","meta":{"footnotes":""},"categories":[1371,1],"tags":[3292,3293,214,3291],"class_list":["post-8402","post","type-post","status-publish","format-standard","has-post-thumbnail","hentry","category-asayis","category-gundem","tag-kalorifer","tag-kalorifer-patlama","tag-sanliurfa","tag-siverek"],"_links":{"self":[{"href":"https:\/\/www.trabzonmanset.com\/index.php\/wp-json\/wp\/v2\/posts\/8402","targetHints":{"allow":["GET"]}}],"collection":[{"href":"https:\/\/www.trabzonmanset.com\/index.php\/wp-json\/wp\/v2\/posts"}],"about":[{"href":"https:\/\/www.trabzonmanset.com\/index.php\/wp-json\/wp\/v2\/types\/post"}],"author":[{"embeddable":true,"href":"https:\/\/www.trabzonmanset.com\/index.php\/wp-json\/wp\/v2\/users\/1"}],"replies":[{"embeddable":true,"href":"https:\/\/www.trabzonmanset.com\/index.php\/wp-json\/wp\/v2\/comments?post=8402"}],"version-history":[{"count":1,"href":"https:\/\/www.trabzonmanset.com\/index.php\/wp-json\/wp\/v2\/posts\/8402\/revisions"}],"predecessor-version":[{"id":8404,"href":"https:\/\/www.trabzonmanset.com\/index.php\/wp-json\/wp\/v2\/posts\/8402\/revisions\/8404"}],"wp:featuredmedia":[{"embeddable":true,"href":"https:\/\/www.trabzonmanset.com\/index.php\/wp-json\/wp\/v2\/media\/8403"}],"wp:attachment":[{"href":"https:\/\/www.trabzonmanset.com\/index.php\/wp-json\/wp\/v2\/media?parent=8402"}],"wp:term":[{"taxonomy":"category","embeddable":true,"href":"https:\/\/www.trabzonmanset.com\/index.php\/wp-json\/wp\/v2\/categories?post=8402"},{"taxonomy":"post_tag","embeddable":true,"href":"https:\/\/www.trabzonmanset.com\/index.php\/wp-json\/wp\/v2\/tags?post=8402"}],"curies":[{"name":"wp","href":"https:\/\/api.w.org\/{rel}","templated":true}]}}