{"id":8395,"date":"2026-01-05T22:30:00","date_gmt":"2026-01-05T19:30:00","guid":{"rendered":"https:\/\/www.trabzonmanset.com\/?p=8395"},"modified":"2026-01-05T23:12:45","modified_gmt":"2026-01-05T20:12:45","slug":"icimde-ukde-kaldi-diyen-fatih-terim-turk-futbolu-icin-tarihi-bir-oneride-bulundu","status":"publish","type":"post","link":"https:\/\/www.trabzonmanset.com\/index.php\/2026\/01\/05\/icimde-ukde-kaldi-diyen-fatih-terim-turk-futbolu-icin-tarihi-bir-oneride-bulundu\/","title":{"rendered":"&#8221;\u0130\u00e7imde ukde kald\u0131&#8221; diyen Fatih Terim T\u00fcrk futbolu i\u00e7in tarihi bir \u00f6neride bulundu"},"content":{"rendered":"\n<p>\u00dcnl\u00fc teknik direkt\u00f6r Fatih Terim, T\u00fcrk futbolu i\u00e7in tarihi bir \u00f6neride bulundu. T\u00fcrkiye&#8217;de 4 b\u00fcy\u00fckler aras\u0131nda rahatl\u0131kla transfer yap\u0131lmas\u0131 gerekti\u011fini savunan Terim, &#8221;\u0130\u00e7imde hep ukdedir. Bu 4 b\u00fcy\u00fckler kendi aralar\u0131nda transfer yap\u0131p eksiklerini giderseler \u00e7ok ba\u015fka \u015feyler olacak. Hem ekonomik hem idari hem de teknik olarak \u00e7ok b\u00fcy\u00fck fayda g\u00f6recekler.&#8221; dedi.<\/p>\n\n\n\n<p>\u00dcnl\u00fc teknik direkt\u00f6r Fatih Terim, Lider Haber kanal\u0131na a\u00e7\u0131klamalarda bulunarak T\u00fcrk futbolunu ileriye g\u00f6t\u00fcrecek tarihi bir \u00f6neride bulundu.<\/p>\n\n\n\n<h3 class=\"wp-block-heading\">4 B\u00dcY\u00dcKLER ARASINDA TRANSFER<\/h3>\n\n\n\n<p>Fatih Terim, T\u00fcrkiye&#8217;de 4 b\u00fcy\u00fckler aras\u0131nda rahatl\u0131kla transfer yap\u0131labilmesini savunarak, bunun uygulaman\u0131n tak\u0131mlara \u00e7ok katk\u0131 sa\u011flayaca\u011f\u0131n\u0131 iddia etti.<\/p>\n\n\n\n<h3 class=\"wp-block-heading\">&#8221;\u0130\u00c7\u0130MDE HEP UKDED\u0130R&#8221;<\/h3>\n\n\n\n<p>&#8221;\u0130\u00e7imde hep ukdedir.&#8221; diyen Terim, &#8220;Bu 4 b\u00fcy\u00fckler kendi aralar\u0131nda transfer yap\u0131p eksiklerini giderseler \u00e7ok ba\u015fka \u015feyler olacak. Hem ekonomik hem idari hem de teknik olarak \u00e7ok b\u00fcy\u00fck fayda g\u00f6recekler.&#8221; ifadelerini kulland\u0131.<\/p>\n\n\n\n<h3 class=\"wp-block-heading\">&#8221;\u0130N\u015eALLAH B\u00d6YLE B\u0130R ANLAYI\u015e OLUR&#8221;<\/h3>\n\n\n\n<p>S\u00f6zlerine devam eden deneyimli hoca, &#8220;T\u00fcrkiye&#8217;de 4 b\u00fcy\u00fckler aras\u0131nda e\u011fer transfer sirk\u00fclasyonu olursa inan\u0131n bana \u00e7o\u011fu zaman yanl\u0131\u015f yabanc\u0131ya gitmeyiz. Oyuncuyu oynatm\u0131yorum ama vermiyorum da. &#8216;Ya orada iyi oynarsa?&#8217; deniyor. B\u00f6yle bir \u015fey olabilir mi? Hayat\u0131m boyunca gitmek isteyen her oyuncuyu g\u00f6nderdim. Hi\u00e7bir zaman da gitmesine mani olmad\u0131m. Do\u011frusu bu diye d\u00fc\u015f\u00fcn\u00fcyorum. Milan, Inter&#8217;den al\u0131r. Inter, Milan&#8217;dan al\u0131r. Chelsea, Manchester&#8217;dan al\u0131r. D\u00fcnyan\u0131n her yerinde b\u00f6yle. Oynatmad\u0131\u011f\u0131n\u0131z oyuncuyu niye tutars\u0131n\u0131z? Orda oynas\u0131n. Oynas\u0131n ya ne var! Buradan b\u00f6yle bir pencere a\u00e7t\u0131m. \u0130n\u015fallah b\u00f6yle bir anlay\u0131\u015f olur T\u00fcrkiye&#8217;de.&#8221;<\/p>\n","protected":false},"excerpt":{"rendered":"<p>\u00dcnl\u00fc teknik direkt\u00f6r Fatih Terim, T\u00fcrk futbolu i\u00e7in tarihi bir \u00f6neride bulundu. T\u00fcrkiye&#8217;de 4 b\u00fcy\u00fckler aras\u0131nda rahatl\u0131kla transfer yap\u0131lmas\u0131 gerekti\u011fini savunan Terim, &#8221;\u0130\u00e7imde hep ukdedir. Bu 4 b\u00fcy\u00fckler kendi aralar\u0131nda transfer yap\u0131p eksiklerini giderseler \u00e7ok ba\u015fka \u015feyler olacak. Hem ekonomik hem idari hem de teknik olarak \u00e7ok b\u00fcy\u00fck fayda g\u00f6recekler.&#8221; dedi. \u00dcnl\u00fc teknik direkt\u00f6r Fatih [&hellip;]<\/p>\n","protected":false},"author":1,"featured_media":8396,"comment_status":"open","ping_status":"open","sticky":false,"template":"","format":"standard","meta":{"footnotes":""},"categories":[14],"tags":[915,1719,533,1077,451,485,448,3287],"class_list":["post-8395","post","type-post","status-publish","format-standard","has-post-thumbnail","hentry","category-spor","tag-besiktas","tag-fatih-terim","tag-fenerbahce","tag-futbol","tag-galatasaray","tag-spor","tag-trabzonspor","tag-turk-futbolu"],"_links":{"self":[{"href":"https:\/\/www.trabzonmanset.com\/index.php\/wp-json\/wp\/v2\/posts\/8395","targetHints":{"allow":["GET"]}}],"collection":[{"href":"https:\/\/www.trabzonmanset.com\/index.php\/wp-json\/wp\/v2\/posts"}],"about":[{"href":"https:\/\/www.trabzonmanset.com\/index.php\/wp-json\/wp\/v2\/types\/post"}],"author":[{"embeddable":true,"href":"https:\/\/www.trabzonmanset.com\/index.php\/wp-json\/wp\/v2\/users\/1"}],"replies":[{"embeddable":true,"href":"https:\/\/www.trabzonmanset.com\/index.php\/wp-json\/wp\/v2\/comments?post=8395"}],"version-history":[{"count":1,"href":"https:\/\/www.trabzonmanset.com\/index.php\/wp-json\/wp\/v2\/posts\/8395\/revisions"}],"predecessor-version":[{"id":8397,"href":"https:\/\/www.trabzonmanset.com\/index.php\/wp-json\/wp\/v2\/posts\/8395\/revisions\/8397"}],"wp:featuredmedia":[{"embeddable":true,"href":"https:\/\/www.trabzonmanset.com\/index.php\/wp-json\/wp\/v2\/media\/8396"}],"wp:attachment":[{"href":"https:\/\/www.trabzonmanset.com\/index.php\/wp-json\/wp\/v2\/media?parent=8395"}],"wp:term":[{"taxonomy":"category","embeddable":true,"href":"https:\/\/www.trabzonmanset.com\/index.php\/wp-json\/wp\/v2\/categories?post=8395"},{"taxonomy":"post_tag","embeddable":true,"href":"https:\/\/www.trabzonmanset.com\/index.php\/wp-json\/wp\/v2\/tags?post=8395"}],"curies":[{"name":"wp","href":"https:\/\/api.w.org\/{rel}","templated":true}]}}